{"id":38635,"date":"2022-03-19T02:11:15","date_gmt":"2022-03-19T02:11:15","guid":{"rendered":"https:\/\/www.ole.com.ar\/futbol-ascenso\/p-nacional-instituto-quilmes-partido_0_mY7EsThyjd.html"},"modified":"2022-03-19T02:11:15","modified_gmt":"2022-03-19T02:11:15","slug":"ante-una-fiesta-en-las-tribunas-instituto-y-quilmes-no-pasaron-del-cero","status":"publish","type":"post","link":"http:\/\/hoycordobaweb.com\/index.php\/2022\/03\/19\/ante-una-fiesta-en-las-tribunas-instituto-y-quilmes-no-pasaron-del-cero\/","title":{"rendered":"Ante una fiesta en las tribunas, Instituto y Quilmes no pasaron del cero"},"content":{"rendered":"<p><img src=\"http:\/\/hoycordobaweb.com\/wp-content\/uploads\/2022\/03\/ante-una-fiesta-en-las-tribunas-instituto-y-quilmes-no-pasaron-del-cero.jpg\"><\/p>\n<p>Viernes por la noche, ideal para ir a la cancha. Arrancar el fin de semana viendo a tu equipo. As\u00ed lo sinti\u00f3 el hincha de Instituto y, por eso, cop\u00f3 el estadio. Le puso color al partido. Hasta se tuvo que parar un rato por las bengalas. Se robaron el show. Y no era muy dif\u00edcil hacerlo, porque, de la l\u00ednea de cal para adentro, La Gloria y Quilmes dejaron mucho que desear.<\/p>\n<div class=\"sp__SM\">\n<div class=\"content-new \">\n<span class=\"tit-mobile\">Mir\u00e1 tambi\u00e9n<\/span><\/p>\n<div class=\"mg\">\n<div class=\"wrap-figure\">\n<picture>\n<a href=\"https:\/\/www.ole.com.ar\/futbol-ascenso\/primera-c-laferrere-italiano-fecha-6_0_AUI9UtnLVO.html\" target=\"_self\" rel=\"noopener noreferrer\"><br \/>\n<img class=\"img-responsive\" alt=\"Lafe en busca de la punta y una dif\u00edcil parada ante el Tano\" src=\"http:\/\/hoycordobaweb.com\/wp-content\/uploads\/2022\/03\/ante-una-fiesta-en-las-tribunas-instituto-y-quilmes-no-pasaron-del-cero-2.jpg\" loading=\"lazy\"><br \/>\n<\/a>\n<\/picture>\n<\/div>\n<\/div><\/div>\n<\/div>\n<p>Buenas intenciones, pocas ideas. Ninguno fue claro a la hora de crear juego. El mediocampo fue zona de disputa. Un poco para uno, un poco para otro. Se bloquearon ah\u00ed y arriba nada. Los delanteros pasaron hambre. No es su culpa, no les llegaron muchas. Ah\u00ed se puede explicar el resultado de la noche de Alta C\u00f3rdoba, donde Joaqu\u00edn Arzura vio la roja en la Gloria.<\/p>\n<div class=\"sp__SM\">\n<div class=\"content-new \">\n<span class=\"tit-mobile\">Mir\u00e1 tambi\u00e9n<\/span><\/p>\n<div class=\"mg\">\n<div class=\"wrap-figure\">\n<picture>\n<a href=\"https:\/\/www.ole.com.ar\/futbol-ascenso\/p-nacional-san-telmo-riestra-partido_0_xr8YdfnRTz.html\" target=\"_self\" rel=\"noopener noreferrer\"><br \/>\n<img class=\"img-responsive\" alt=\"Riestra empat\u00f3 en la Isla Maciel y no pudo llegar a la cima\" src=\"http:\/\/hoycordobaweb.com\/wp-content\/uploads\/2022\/03\/ante-una-fiesta-en-las-tribunas-instituto-y-quilmes-no-pasaron-del-cero-3.jpg\" loading=\"lazy\"><br \/>\n<\/a>\n<\/picture>\n<\/div>\n<\/div><\/div>\n<\/div>\n<p>De movida, ideas diferentes. El local opt\u00f3 por moverla un poco por el piso, en un campo complicado. Juntaba a los volantes con los laterales y para adelante. No m\u00e1s que eso. El equipo de Leandro Ben\u00edtez prefiri\u00f3 el juego directo. Si era por arriba, mejor. Porque en el frente de ataque estaban Mariano Pavone y Federico Gonz\u00e1lez. No funcion\u00f3 y terminaron repartiendo puntos.<\/p>\n<p> <opta-widget sport=\"football\" widget=\"timeline\" competition=\"627\" season=\"2022\" match=\"2274300\" template=\"normal\" live=\"true\" orientation=\"horizontal\" vertical_timebar_height=\"260\" show_match_header=\"true\" show_score=\"true\" show_crests=\"true\" show_assists=\"all\" show_team_formation=\"true\" show_clock=\"true\" show_period_dividers=\"true\" show_halftime_score=\"false\" show_date=\"true\" date_format=\"dddd D MMMM YYYY\" show_attendance=\"true\" show_images=\"true\" show_referee=\"true\" show_venue=\"true\" show_cards=\"all\" show_goals=\"true\" show_penalties_missed=\"true\" show_subs=\"false\" show_goals_combined=\"false\" show_shootouts=\"false\" show_competition_name=\"true\" competition_naming=\"full\" team_naming=\"full\" player_naming=\"full\" show_live=\"true\" show_logo=\"false\" show_title=\"true\" breakpoints=\"400, 700\"><\/opta-widget><opta-widget sport=\"football\" widget=\"matchstats\" competition=\"627\" season=\"2022\" match=\"2274300\" template=\"lineups\" live=\"true\" side=\"both\" column_count=\"1\" side_by_side=\"true\" show_match_header=\"true\" show_score=\"true\" show_halftime_score=\"false\" show_crests=\"false\" show_team_formation=\"true\" show_competition_name=\"true\" show_date=\"false\" date_format=\"dddd D MMMM YYYY\" order_by=\"position\" group_by_position=\"false\" show_position=\"true\" show_images=\"false\" show_key=\"false\" show_starters=\"true\" show_goalkeepers=\"true\" show_defenders=\"true\" show_midfielders=\"true\" show_forwards=\"true\" show_subs=\"true\" show_unused_subs=\"false\" show_managers=\"true\" show_captain=\"false\" show_match_events=\"true\" competition_naming=\"full\" team_naming=\"full\" player_naming=\"full\" show_live=\"false\" show_logo=\"false\" show_title=\"true\" breakpoints=\"400, 700\"><\/opta-widget><opta-widget widget=\"commentary\" competition=\"627\" season=\"2022\" match=\"2274300\" template=\"normal\" live=\"true\" data_type=\"auto\" order_by=\"time_descending\" show_event_icons=\"true\" show_minor_events=\"true\" fixed_height_comments=\"300\" show_live=\"true\" show_logo=\"false\" show_title=\"true\" breakpoints=\"400\" sport=\"football\"><\/opta-widget><opta-widget sport=\"football\" widget=\"heatmap\" competition=\"627\" season=\"2022\" match=\"2274300\" preselected_player template=\"normal\" live=\"true\" show_maps=\"all\" orientation=\"horizontal\" side=\"both\" dimension=\"2D\" one_direction=\"false\" show_match_header=\"true\" show_score=\"true\" show_halftime_score=\"false\" show_crests=\"false\" show_team_formation=\"true\" show_competition_name=\"true\" show_date=\"true\" date_format=\"dddd D MMMM YYYY\" show_team_sheets=\"true\" show_subs=\"true\" show_position=\"true\" show_timecontrols=\"true\" show_timecontrols_buttons=\"true\" show_timecontrols_bar=\"true\" show_tooltips=\"false\" competition_naming=\"full\" team_naming=\"full\" player_naming=\"full\" show_logo=\"false\" show_title=\"true\" breakpoints=\"400, 700\"><\/opta-widget><opta-widget widget=\"standings\" competition=\"627\" season=\"2022\" template=\"normal\" live=\"true\" default_nav=\"1\" side=\"combined\" data_detail=\"default\" show_key=\"true\" show_crests=\"true\" points_in_first_column=\"true\" lose_before_draw=\"false\" competition_naming=\"full\" team_naming=\"full\" date_format=\"dddd D MMMM YYYY\" sorting=\"false\" show_live=\"false\" show_relegation_average=\"true\" show_logo=\"true\" show_title=\"true\" breakpoints=\"382\" sport=\"football\"><\/opta-widget><\/p>\n<div class=\"sp__SM\">\n<div class=\"content-new \">\n<span class=\"tit-mobile\">Mir\u00e1 tambi\u00e9n<\/span><\/p>\n<div class=\"mg\">\n<div class=\"wrap-figure\">\n<picture>\n<a href=\"https:\/\/www.ole.com.ar\/futbol-ascenso\/primera-b-comunicaciones-colegiales_0_rFpYm2xPcY.html\" target=\"_self\" rel=\"noopener noreferrer\"><br \/>\n<img class=\"img-responsive\" alt=\"Comu no aprovech\u00f3 su oportunidad\" src=\"http:\/\/hoycordobaweb.com\/wp-content\/uploads\/2022\/03\/ante-una-fiesta-en-las-tribunas-instituto-y-quilmes-no-pasaron-del-cero-4.jpg\" loading=\"lazy\"><br \/>\n<\/a>\n<\/picture>\n<\/div>\n<\/div><\/div>\n<\/div>\n<div class=\"sp__SM\">\n<div class=\"content-new \">\n<span class=\"tit-mobile\">Mir\u00e1 tambi\u00e9n<\/span><\/p>\n<div class=\"mg\">\n<div class=\"wrap-figure\">\n<picture>\n<a href=\"https:\/\/www.ole.com.ar\/futbol-ascenso\/primera-b-argentino-acusados-detenido_0_HwKNoiB7Wp.html\" target=\"_self\" rel=\"noopener noreferrer\"><br \/>\n<img class=\"img-responsive\" alt=\"Detuvieron a los t\u00e9cnicos acusados de acoso en Argentino de Quilmes\" src=\"http:\/\/hoycordobaweb.com\/wp-content\/uploads\/2022\/03\/ante-una-fiesta-en-las-tribunas-instituto-y-quilmes-no-pasaron-del-cero-5.jpg\" loading=\"lazy\"><br \/>\n<\/a>\n<\/picture>\n<\/div>\n<\/div><\/div>\n<\/div>\n<div class=\"entry-tags\">\n<h2>TEMAS QUE APARECEN EN ESTA NOTA<\/h2>\n<\/p><\/div>\n","protected":false},"excerpt":{"rendered":"<p>Viernes por la noche, ideal para ir a la cancha. Arrancar el fin de semana viendo a tu equipo. As\u00ed lo sinti\u00f3 el hincha de Instituto y, por eso, cop\u00f3 el estadio. Le puso color al partido. Hasta se tuvo que parar un rato por las bengalas. Se robaron el show. Y no era muy [&hellip;]<\/p>\n","protected":false},"author":1,"featured_media":38636,"comment_status":"open","ping_status":"closed","sticky":false,"template":"","format":"standard","meta":[],"categories":[16],"tags":[],"_links":{"self":[{"href":"http:\/\/hoycordobaweb.com\/index.php\/wp-json\/wp\/v2\/posts\/38635"}],"collection":[{"href":"http:\/\/hoycordobaweb.com\/index.php\/wp-json\/wp\/v2\/posts"}],"about":[{"href":"http:\/\/hoycordobaweb.com\/index.php\/wp-json\/wp\/v2\/types\/post"}],"author":[{"embeddable":true,"href":"http:\/\/hoycordobaweb.com\/index.php\/wp-json\/wp\/v2\/users\/1"}],"replies":[{"embeddable":true,"href":"http:\/\/hoycordobaweb.com\/index.php\/wp-json\/wp\/v2\/comments?post=38635"}],"version-history":[{"count":0,"href":"http:\/\/hoycordobaweb.com\/index.php\/wp-json\/wp\/v2\/posts\/38635\/revisions"}],"wp:featuredmedia":[{"embeddable":true,"href":"http:\/\/hoycordobaweb.com\/index.php\/wp-json\/wp\/v2\/media\/38636"}],"wp:attachment":[{"href":"http:\/\/hoycordobaweb.com\/index.php\/wp-json\/wp\/v2\/media?parent=38635"}],"wp:term":[{"taxonomy":"category","embeddable":true,"href":"http:\/\/hoycordobaweb.com\/index.php\/wp-json\/wp\/v2\/categories?post=38635"},{"taxonomy":"post_tag","embeddable":true,"href":"http:\/\/hoycordobaweb.com\/index.php\/wp-json\/wp\/v2\/tags?post=38635"}],"curies":[{"name":"wp","href":"https:\/\/api.w.org\/{rel}","templated":true}]}}