{"id":38633,"date":"2022-03-19T02:33:00","date_gmt":"2022-03-19T02:33:00","guid":{"rendered":"https:\/\/www.ole.com.ar\/newells-old-boys\/pabloperez-newells-clasico-central_0_1vOaMyyYvl.html"},"modified":"2022-03-19T02:33:00","modified_gmt":"2022-03-19T02:33:00","slug":"pablo-perez-lo-vivo-como-si-tuviera-21-anos","status":"publish","type":"post","link":"http:\/\/hoycordobaweb.com\/index.php\/2022\/03\/19\/pablo-perez-lo-vivo-como-si-tuviera-21-anos\/","title":{"rendered":"Pablo P\u00e9rez: \u00abLo vivo como si tuviera 21 a\u00f1os\u00bb"},"content":{"rendered":"<p><img src=\"http:\/\/hoycordobaweb.com\/wp-content\/uploads\/2022\/03\/pablo-perez-lo-vivo-como-si-tuviera-21-anos.jpg\"><\/p>\n<p>\u00c9l m\u00e1s que nadie quer\u00eda decir presente. Y por eso, ante <a alt=\"sarmiento-de-junin\" class=\"slug\" href=\"https:\/\/www.ole.com.ar\/tema\/sarmiento-de-junin.html\" target=\"_blank\" title=\"sarmiento-de-junin\" rel=\"noopener noreferrer\">Sarmiento<\/a> lo guardaron (tiene cuatro amarillas y no quer\u00eda arriesgarse a que le saquen la quinta). Es que jugar contra <a alt=\"rosario-central\" class=\"slug\" href=\"https:\/\/www.ole.com.ar\/tema\/rosario-central.html\" target=\"_blank\" title=\"rosario-central\" rel=\"noopener noreferrer\">Rosario Central<\/a> no es un partido m\u00e1s. <strong>\u201cVivo este momento como si fuera el cl\u00e1sico que jugu\u00e9 a los 21 a\u00f1os\u201d<\/strong>, afirm\u00f3 <a alt=\"pablo-perez\" class=\"slug\" href=\"https:\/\/www.ole.com.ar\/tema\/pablo-perez.html\" target=\"_blank\" title=\"pablo-perez\" rel=\"noopener noreferrer\">Pablo P\u00e9rez<\/a>, ya de 36.<\/p>\n<p>La ansiedad, a flor de piel. En los chicos y en los grandes. Y en los hinchas, que el jueves&nbsp;colmaron el Coloso con un banderazo descomunal. <strong>\u201cMe sorprende que tengan tanta pasi\u00f3n por el club, tanto apoyo que nos quieren dar, y ayer se sinti\u00f3 una muy buena energ\u00eda. Nos hizo muy bien\u201d<\/strong>, destac\u00f3 el capit\u00e1n.<\/p>\n<div class=\"sp__Normal\">\n<div class=\"image-embeb image-trigger\" readability=\"6\">\n<picture><source media=\"(min-width: 720px)\" srcset=\"http:\/\/hoycordobaweb.com\/wp-content\/uploads\/2022\/03\/pablo-perez-lo-vivo-como-si-tuviera-21-anos-2.jpg\"><img itemprop=\"image\" src=\"http:\/\/hoycordobaweb.com\/wp-content\/uploads\/2022\/03\/pablo-perez-lo-vivo-como-si-tuviera-21-anos-2.jpg\" loading=\"lazy\" alt=\"M\u00e1s de 30 mil personas asistieron al banderazo. Cr\u00e9ditos: Prensa Newell's\">\n<\/picture><figcaption readability=\"2\">\n<p>M\u00e1s de 30 mil personas asistieron al banderazo. Cr\u00e9ditos: Prensa Newell&#8217;s\n<\/p>\n<\/figcaption><\/div>\n<\/div>\n<p>En el mundo <a alt=\"newells-old-boys\" class=\"slug\" href=\"https:\/\/www.ole.com.ar\/tema\/newells-old-boys.html\" target=\"_blank\" title=\"newells-old-boys\" rel=\"noopener noreferrer\">Newell\u2019s<\/a> hay mucha ilusi\u00f3n. Saben (o creen) que el momento de dar un golpe es este, <strong>sobre todo por el flojo presente del Canalla<\/strong>. Igual, el volante central prefiere ser cauteloso: \u201cNinguno llega mejor o peor, son partidos aparte\u201d. En lo que s\u00ed hizo \u00e9nfasis el ex Boca es en la actitud, un aspecto innegociable en su juego. \u201cYo no le tengo que andar explicando a cada jugador lo que es el cl\u00e1sico, porque les explico cada partido lo que es vestir esta camiseta. Se puede jugar bien o mal, pero la base nuestra tiene que ser el esfuerzo. Si entramos as\u00ed a la cancha, seguro vamos a tener un resultado positivo\u201d, afirm\u00f3.<\/p>\n<div class=\"sp__SM\">\n<div class=\"content-new \">\n<span class=\"tit-mobile\">Mir\u00e1 tambi\u00e9n<\/span><\/p>\n<div class=\"mg\">\n<div class=\"wrap-figure\">\n<picture>\n<a href=\"https:\/\/www.ole.com.ar\/rosario-central\/marco-ruben-central-clasico-newells_0_ZckZjB2DrE.html\" target=\"_self\" rel=\"noopener noreferrer\"><br \/>\n<img class=\"img-responsive\" alt=\"Ruben: &quot;Me gusta ganar estos partidos&quot;\" src=\"http:\/\/hoycordobaweb.com\/wp-content\/uploads\/2022\/03\/pablo-perez-lo-vivo-como-si-tuviera-21-anos-3.jpg\" loading=\"lazy\"><br \/>\n<\/a>\n<\/picture>\n<\/div>\n<\/div><\/div>\n<\/div>\n<p>Por all\u00ed pasar\u00e1 la clave mental para PP8, y la futbol\u00edstica estar\u00e1 en ataque&nbsp;porque, para \u00e9l, <strong>\u201cla diferencia la marcan Panchito (Francisco Gonz\u00e1lez), (Juan) Garro y Juanch\u00f3n (Juan Manuel Garc\u00eda)\u201d<\/strong>. Otro punto importante ser\u00e1 la presencia de <a alt=\"cristian-lema\" class=\"slug\" href=\"https:\/\/www.ole.com.ar\/tema\/cristian-lema.html\" target=\"_blank\" title=\"cristian-lema\" rel=\"noopener noreferrer\">Cristian Lema<\/a>, que se infiltrar\u00eda para jugar por una molestia que lo tuvo a mal traer en toda la semana. Como buen capit\u00e1n, Pablo P\u00e9rez pone la confianza en todo el equipo para ganar en Arroyito.<\/p>\n<div class=\"sp__SM\">\n<div class=\"content-new \">\n<span class=\"tit-mobile\">Mir\u00e1 tambi\u00e9n<\/span><\/p>\n<div class=\"mg\">\n<div class=\"wrap-figure\">\n<picture>\n<a href=\"https:\/\/www.ole.com.ar\/newells-old-boys\/newell-s-banderazo-coloso-central_0_LtOdsURp5W.html\" target=\"_self\" rel=\"noopener noreferrer\"><br \/>\n<img class=\"img-responsive\" alt=\"Newell's y un banderazo Coloso\" src=\"http:\/\/hoycordobaweb.com\/wp-content\/uploads\/2022\/03\/pablo-perez-lo-vivo-como-si-tuviera-21-anos-4.jpg\" loading=\"lazy\"><br \/>\n<\/a>\n<\/picture>\n<\/div>\n<\/div><\/div>\n<\/div>\n<div class=\"entry-tags\">\n<h2>TEMAS QUE APARECEN EN ESTA NOTA<\/h2>\n<\/p><\/div>\n","protected":false},"excerpt":{"rendered":"<p>\u00c9l m\u00e1s que nadie quer\u00eda decir presente. Y por eso, ante Sarmiento lo guardaron (tiene cuatro amarillas y no quer\u00eda arriesgarse a que le saquen la quinta). Es que jugar contra Rosario Central no es un partido m\u00e1s. \u201cVivo este momento como si fuera el cl\u00e1sico que jugu\u00e9 a los 21 a\u00f1os\u201d, afirm\u00f3 Pablo P\u00e9rez, [&hellip;]<\/p>\n","protected":false},"author":1,"featured_media":38634,"comment_status":"open","ping_status":"closed","sticky":false,"template":"","format":"standard","meta":[],"categories":[16],"tags":[],"_links":{"self":[{"href":"http:\/\/hoycordobaweb.com\/index.php\/wp-json\/wp\/v2\/posts\/38633"}],"collection":[{"href":"http:\/\/hoycordobaweb.com\/index.php\/wp-json\/wp\/v2\/posts"}],"about":[{"href":"http:\/\/hoycordobaweb.com\/index.php\/wp-json\/wp\/v2\/types\/post"}],"author":[{"embeddable":true,"href":"http:\/\/hoycordobaweb.com\/index.php\/wp-json\/wp\/v2\/users\/1"}],"replies":[{"embeddable":true,"href":"http:\/\/hoycordobaweb.com\/index.php\/wp-json\/wp\/v2\/comments?post=38633"}],"version-history":[{"count":0,"href":"http:\/\/hoycordobaweb.com\/index.php\/wp-json\/wp\/v2\/posts\/38633\/revisions"}],"wp:featuredmedia":[{"embeddable":true,"href":"http:\/\/hoycordobaweb.com\/index.php\/wp-json\/wp\/v2\/media\/38634"}],"wp:attachment":[{"href":"http:\/\/hoycordobaweb.com\/index.php\/wp-json\/wp\/v2\/media?parent=38633"}],"wp:term":[{"taxonomy":"category","embeddable":true,"href":"http:\/\/hoycordobaweb.com\/index.php\/wp-json\/wp\/v2\/categories?post=38633"},{"taxonomy":"post_tag","embeddable":true,"href":"http:\/\/hoycordobaweb.com\/index.php\/wp-json\/wp\/v2\/tags?post=38633"}],"curies":[{"name":"wp","href":"https:\/\/api.w.org\/{rel}","templated":true}]}}