{"id":38585,"date":"2022-03-18T01:28:05","date_gmt":"2022-03-18T01:28:05","guid":{"rendered":"https:\/\/www.ole.com.ar\/futbol-internacional\/eurocopa-2016\/pedri-golazo-barcelona-olvido-messi_0_ZIFO3qoiO0.html"},"modified":"2022-03-18T01:28:05","modified_gmt":"2022-03-18T01:28:05","slug":"pedri-de-olvidarse-de-su-golazo-a-evitar-la-comparacion-con-messi","status":"publish","type":"post","link":"http:\/\/hoycordobaweb.com\/index.php\/2022\/03\/18\/pedri-de-olvidarse-de-su-golazo-a-evitar-la-comparacion-con-messi\/","title":{"rendered":"Pedri: de olvidarse de su golazo a evitar la comparaci\u00f3n con Messi"},"content":{"rendered":"<p><img src=\"http:\/\/hoycordobaweb.com\/wp-content\/uploads\/2022\/03\/pedri-de-olvidarse-de-su-golazo-a-evitar-la-comparacion-con-messi.jpg\"><\/p>\n<p>Recibi\u00f3 dentro del \u00e1rea y defini\u00f3 con sangre fr\u00eda. No le tembl\u00f3 el pulso ni la pierna derecha. <strong><a alt=\"pedri\" class=\"slug\" href=\"https:\/\/www.ole.com.ar\/tema\/pedri.html\" target=\"_blank\" title=\"pedri\" rel=\"noopener noreferrer\">Pedri <\/a><\/strong>hizo un golazo para el <strong><a alt=\"barcelona\" class=\"slug\" href=\"https:\/\/www.ole.com.ar\/tema\/barcelona.html\" target=\"_blank\" title=\"barcelona\" rel=\"noopener noreferrer\">Barcelona <\/a><\/strong>en el partido de vuelta de los octavos de final de la <strong><a alt=\"uefa-europa-league\" class=\"slug\" href=\"https:\/\/www.ole.com.ar\/tema\/uefa-europa-league.html\" target=\"_blank\" title=\"uefa-europa-league\" rel=\"noopener noreferrer\">Europa League<\/a><\/strong> ante el <strong><a alt=\"galatasaray\" class=\"slug\" href=\"https:\/\/www.ole.com.ar\/tema\/galatasaray.html\" target=\"_blank\" title=\"galatasaray\" rel=\"noopener noreferrer\">Galatasaray <\/a><\/strong>de Turqu\u00eda. A puro amague, sent\u00f3 a dos rivales y defini\u00f3 con un sutil toque. Para verlo mil veces&#8230;<\/p>\n<div class=\"sp__Normal\">\n<div class=\"image-embeb image-trigger\" readability=\"6\">\n<picture><source media=\"(min-width: 720px)\" srcset=\"http:\/\/hoycordobaweb.com\/wp-content\/uploads\/2022\/03\/pedri-de-olvidarse-de-su-golazo-a-evitar-la-comparacion-con-messi-2.jpg\"><img itemprop=\"image\" src=\"http:\/\/hoycordobaweb.com\/wp-content\/uploads\/2022\/03\/pedri-de-olvidarse-de-su-golazo-a-evitar-la-comparacion-con-messi-2.jpg\" loading=\"lazy\" alt=\"Fue el 1-1 ante el Galatasaray (AP).\">\n<\/picture><figcaption readability=\"2\">\n<p>Fue el 1-1 ante el Galatasaray (AP).\n<\/p>\n<\/figcaption><\/div>\n<\/div>\n<p><a data-cke-saved-href=\"https:\/\/www.ole.com.ar\/futbol-internacional\/europa-league\/europa-league-galatasaray-barcelona-8_0_WppTGvm3jA.html\" target=\"_blank\" href=\"https:\/\/www.ole.com.ar\/futbol-internacional\/europa-league\/europa-league-galatasaray-barcelona-8_0_WppTGvm3jA.html\" rel=\"noopener noreferrer\">Luego del triunfo 2-1 con el que los dirigidos por Xavi Hern\u00e1ndez se metieron en la siguiente ronda<\/a> (en el Camp Nou hab\u00edan empatado 0-0), la prensa espa\u00f1ola fue a buscar a la joyita del Cul\u00e9 para que cuente en primera persona c\u00f3mo hab\u00eda sido el tanto del empate parcial. <\/p>\n<div class=\"sp__SM\">\n<div class=\"content-new \">\n<span class=\"tit-mobile\">Mir\u00e1 tambi\u00e9n<\/span><\/p>\n<div class=\"mg\">\n<div class=\"wrap-figure\">\n<picture>\n<a href=\"https:\/\/www.ole.com.ar\/futbol-internacional\/europa-league\/europa-league-clasificados-cuartos-_0_KWJ4jtZ5gL.html\" target=\"_self\" rel=\"noopener noreferrer\"><br \/>\n<img class=\"img-responsive\" alt=\"Europa League: los ocho clasificados a cuartos y cu\u00e1ndo es el sorteo\" src=\"http:\/\/hoycordobaweb.com\/wp-content\/uploads\/2022\/03\/pedri-de-olvidarse-de-su-golazo-a-evitar-la-comparacion-con-messi-3.jpg\" loading=\"lazy\"><br \/>\n<\/a>\n<\/picture>\n<\/div>\n<\/div><\/div>\n<\/div>\n<p><strong>\u00abLa verdad es que no me acuerdo de la jugada del gol. Tengo que ver la repetici\u00f3n\u00bb,<\/strong> arranc\u00f3 el juvenil, apenas termin\u00f3 el partido. \u00abS\u00e9 que me la dio Ferr\u00e1n (Torres), pienso en pegarle pero amago porque veo una pierna, y sigo amagando hasta que veo el hueco\u00bb, cont\u00f3 una vez que hizo un poco de memoria.<\/p>\n<div class=\"sp__SM\">\n<div class=\"content-new \">\n<span class=\"tit-mobile\">Mir\u00e1 tambi\u00e9n<\/span><\/p>\n<div class=\"mg\">\n<div class=\"wrap-figure\">\n<picture>\n<a href=\"https:\/\/www.ole.com.ar\/futbol-internacional\/europa-league\/europa-league-galatasaray-barcelona-8_0_WppTGvm3jA.html\" target=\"_self\" rel=\"noopener noreferrer\"><br \/>\n<img class=\"img-responsive\" alt=\"El Barcelona se meti\u00f3 en los cuartos de final de la Europa League\" src=\"http:\/\/hoycordobaweb.com\/wp-content\/uploads\/2022\/03\/pedri-de-olvidarse-de-su-golazo-a-evitar-la-comparacion-con-messi-4.jpg\" loading=\"lazy\"><br \/>\n<\/a>\n<\/picture>\n<\/div>\n<\/div><\/div>\n<\/div>\n<p><strong>\u00abEn el campo las cosas me salen solas. Tengo esa suerte de no pensar&#8230; Me voy contento por el gol y por ayudar al equipo<\/strong>\u00ab, agreg\u00f3 Pedri, que la temporada pasada jug\u00f3 73 partidos entre los que disput\u00f3 con el Barcelona y la selecci\u00f3n espa\u00f1ola.<\/p>\n<div class=\"sp__SM\">\n<div class=\"content-new \">\n<span class=\"tit-mobile\">Mir\u00e1 tambi\u00e9n<\/span><\/p>\n<div class=\"mg\">\n<div class=\"wrap-figure\">\n<picture>\n<a href=\"https:\/\/www.ole.com.ar\/futbol-internacional\/inglaterra\/premier-league-esposo-palo-protesta_0_xQgH225BK1.html\" target=\"_self\" rel=\"noopener noreferrer\"><br \/>\n<img class=\"img-responsive\" alt=\"Ins\u00f3lito: se espos\u00f3 del cuello en modo de protesta\" src=\"http:\/\/hoycordobaweb.com\/wp-content\/uploads\/2022\/03\/pedri-de-olvidarse-de-su-golazo-a-evitar-la-comparacion-con-messi-5.jpg\" loading=\"lazy\"><br \/>\n<\/a>\n<\/picture>\n<\/div>\n<\/div><\/div>\n<\/div>\n<p>El golazo de Pedri no tard\u00f3 en viralizarse en las redes, que explotaron de comparaciones entre sus tantos y algunos muy parecidos que hizo Messi en su etapa con el Blaugrana. Sin embargo, el nacido en Tenerife no quiso saber nada con eso y llen\u00f3 de elogios a su ex compa\u00f1ero. <strong>\u00abMessi ha marcado goles mucho mejores que el m\u00edo. Compararme con Leo en un gol es una locura\u00bb<\/strong>, cerr\u00f3. <\/p>\n<h2><strong>El golazo de Pedri<\/strong><\/h2>\n<div class=\"entry-tags\">\n<h2>TEMAS QUE APARECEN EN ESTA NOTA<\/h2>\n<\/p><\/div>\n","protected":false},"excerpt":{"rendered":"<p>Recibi\u00f3 dentro del \u00e1rea y defini\u00f3 con sangre fr\u00eda. No le tembl\u00f3 el pulso ni la pierna derecha. Pedri hizo un golazo para el Barcelona en el partido de vuelta de los octavos de final de la Europa League ante el Galatasaray de Turqu\u00eda. A puro amague, sent\u00f3 a dos rivales y defini\u00f3 con un [&hellip;]<\/p>\n","protected":false},"author":1,"featured_media":38586,"comment_status":"open","ping_status":"closed","sticky":false,"template":"","format":"standard","meta":[],"categories":[16],"tags":[],"_links":{"self":[{"href":"http:\/\/hoycordobaweb.com\/index.php\/wp-json\/wp\/v2\/posts\/38585"}],"collection":[{"href":"http:\/\/hoycordobaweb.com\/index.php\/wp-json\/wp\/v2\/posts"}],"about":[{"href":"http:\/\/hoycordobaweb.com\/index.php\/wp-json\/wp\/v2\/types\/post"}],"author":[{"embeddable":true,"href":"http:\/\/hoycordobaweb.com\/index.php\/wp-json\/wp\/v2\/users\/1"}],"replies":[{"embeddable":true,"href":"http:\/\/hoycordobaweb.com\/index.php\/wp-json\/wp\/v2\/comments?post=38585"}],"version-history":[{"count":0,"href":"http:\/\/hoycordobaweb.com\/index.php\/wp-json\/wp\/v2\/posts\/38585\/revisions"}],"wp:featuredmedia":[{"embeddable":true,"href":"http:\/\/hoycordobaweb.com\/index.php\/wp-json\/wp\/v2\/media\/38586"}],"wp:attachment":[{"href":"http:\/\/hoycordobaweb.com\/index.php\/wp-json\/wp\/v2\/media?parent=38585"}],"wp:term":[{"taxonomy":"category","embeddable":true,"href":"http:\/\/hoycordobaweb.com\/index.php\/wp-json\/wp\/v2\/categories?post=38585"},{"taxonomy":"post_tag","embeddable":true,"href":"http:\/\/hoycordobaweb.com\/index.php\/wp-json\/wp\/v2\/tags?post=38585"}],"curies":[{"name":"wp","href":"https:\/\/api.w.org\/{rel}","templated":true}]}}