{"id":38571,"date":"2022-03-17T13:57:19","date_gmt":"2022-03-17T13:57:19","guid":{"rendered":"https:\/\/ladecimaweb.com\/?p=12916"},"modified":"2022-03-17T13:57:19","modified_gmt":"2022-03-17T13:57:19","slug":"una-cooperativa-se-encarga-de-retirar-los-residuos-reciclables-de-los-domicilios","status":"publish","type":"post","link":"http:\/\/hoycordobaweb.com\/index.php\/2022\/03\/17\/una-cooperativa-se-encarga-de-retirar-los-residuos-reciclables-de-los-domicilios\/","title":{"rendered":"Una cooperativa se encarga de retirar los residuos reciclables de los domicilios"},"content":{"rendered":"<p>Un grupo de vecinos de Vicor, que forman una cooperativa, trabaja en el cuidado del medioambiente recolectando material diferenciado de los hogares.<\/p>\n<p><img loading=\"lazy\" class=\"wp-image-12918 aligncenter\" src=\"http:\/\/hoycordobaweb.com\/wp-content\/uploads\/2022\/03\/una-cooperativa-se-encarga-de-retirar-los-residuos-reciclables-de-los-domicilios.jpg\" alt=\"\" width=\"297\" height=\"167\" srcset=\"http:\/\/hoycordobaweb.com\/wp-content\/uploads\/2022\/03\/una-cooperativa-se-encarga-de-retirar-los-residuos-reciclables-de-los-domicilios.jpg 1600w, http:\/\/hoycordobaweb.com\/wp-content\/uploads\/2022\/03\/una-cooperativa-se-encarga-de-retirar-los-residuos-reciclables-de-los-domicilios-5.jpg 789w, http:\/\/hoycordobaweb.com\/wp-content\/uploads\/2022\/03\/una-cooperativa-se-encarga-de-retirar-los-residuos-reciclables-de-los-domicilios-6.jpg 768w, http:\/\/hoycordobaweb.com\/wp-content\/uploads\/2022\/03\/una-cooperativa-se-encarga-de-retirar-los-residuos-reciclables-de-los-domicilios-7.jpg 1536w\" sizes=\"(max-width: 297px) 100vw, 297px\" \/><\/p>\n<p>Se trata de la cooperativa H\u00e9roes de Malvinas, que realiza la promoci\u00f3n y recolecci\u00f3n de material diferenciado como por ejemplo botellas de pl\u00e1stico y vidrio , cart\u00f3n, aluminio, nylon, etec\u00e9tera.<\/p>\n<p><img loading=\"lazy\" class=\"wp-image-12921 aligncenter\" src=\"http:\/\/hoycordobaweb.com\/wp-content\/uploads\/2022\/03\/una-cooperativa-se-encarga-de-retirar-los-residuos-reciclables-de-los-domicilios-1.jpg\" alt=\"\" width=\"252\" height=\"445\" srcset=\"http:\/\/hoycordobaweb.com\/wp-content\/uploads\/2022\/03\/una-cooperativa-se-encarga-de-retirar-los-residuos-reciclables-de-los-domicilios-8.jpg 725w, http:\/\/hoycordobaweb.com\/wp-content\/uploads\/2022\/03\/una-cooperativa-se-encarga-de-retirar-los-residuos-reciclables-de-los-domicilios-9.jpg 251w\" sizes=\"(max-width: 252px) 100vw, 252px\" \/><\/p>\n<p>Adem\u00e1s, cuenta con servicio de recolecci\u00f3n a domicilio por lo que quienes tengan material para entregar pueden comunicarse a los n\u00fameros: 3513452795 Macarena Ortiz \/ 3513596026 Camila Mamondes.<\/p>\n<p><img loading=\"lazy\" class=\"wp-image-12919 aligncenter\" src=\"http:\/\/hoycordobaweb.com\/wp-content\/uploads\/2022\/03\/una-cooperativa-se-encarga-de-retirar-los-residuos-reciclables-de-los-domicilios-2.jpg\" alt=\"\" width=\"290\" height=\"386\" srcset=\"http:\/\/hoycordobaweb.com\/wp-content\/uploads\/2022\/03\/una-cooperativa-se-encarga-de-retirar-los-residuos-reciclables-de-los-domicilios-10.jpg 780w, http:\/\/hoycordobaweb.com\/wp-content\/uploads\/2022\/03\/una-cooperativa-se-encarga-de-retirar-los-residuos-reciclables-de-los-domicilios-11.jpg 333w, http:\/\/hoycordobaweb.com\/wp-content\/uploads\/2022\/03\/una-cooperativa-se-encarga-de-retirar-los-residuos-reciclables-de-los-domicilios-12.jpg 768w\" sizes=\"(max-width: 290px) 100vw, 290px\" \/><\/p>\n<p>Tambi\u00e9n llevan a cabo operativos de recolecci\u00f3n en espacios abiertos en el horario de 17 a 20 horas.<\/p>\n<p><img loading=\"lazy\" class=\"wp-image-12923 aligncenter\" src=\"http:\/\/hoycordobaweb.com\/wp-content\/uploads\/2022\/03\/una-cooperativa-se-encarga-de-retirar-los-residuos-reciclables-de-los-domicilios-3.jpg\" alt=\"\" width=\"211\" height=\"375\" srcset=\"http:\/\/hoycordobaweb.com\/wp-content\/uploads\/2022\/03\/una-cooperativa-se-encarga-de-retirar-los-residuos-reciclables-de-los-domicilios-13.jpg 899w, http:\/\/hoycordobaweb.com\/wp-content\/uploads\/2022\/03\/una-cooperativa-se-encarga-de-retirar-los-residuos-reciclables-de-los-domicilios-14.jpg 250w, http:\/\/hoycordobaweb.com\/wp-content\/uploads\/2022\/03\/una-cooperativa-se-encarga-de-retirar-los-residuos-reciclables-de-los-domicilios-15.jpg 768w, http:\/\/hoycordobaweb.com\/wp-content\/uploads\/2022\/03\/una-cooperativa-se-encarga-de-retirar-los-residuos-reciclables-de-los-domicilios-16.jpg 864w\" sizes=\"(max-width: 211px) 100vw, 211px\" \/><\/p>\n<p>PRIMERA SEMANA:<br \/>\nLunes: Operativo en la plaza del cpc<br \/>\nMiercoles: Operativo en la plaza de Comercial<br \/>\nViernes: Operativo en la plaza de Vicor<\/p>\n<p><img loading=\"lazy\" class=\"wp-image-12920 aligncenter\" src=\"http:\/\/hoycordobaweb.com\/wp-content\/uploads\/2022\/03\/una-cooperativa-se-encarga-de-retirar-los-residuos-reciclables-de-los-domicilios-4.jpg\" alt=\"\" width=\"322\" height=\"181\" srcset=\"http:\/\/hoycordobaweb.com\/wp-content\/uploads\/2022\/03\/una-cooperativa-se-encarga-de-retirar-los-residuos-reciclables-de-los-domicilios-17.jpg 1600w, http:\/\/hoycordobaweb.com\/wp-content\/uploads\/2022\/03\/una-cooperativa-se-encarga-de-retirar-los-residuos-reciclables-de-los-domicilios-18.jpg 789w, http:\/\/hoycordobaweb.com\/wp-content\/uploads\/2022\/03\/una-cooperativa-se-encarga-de-retirar-los-residuos-reciclables-de-los-domicilios-19.jpg 768w, http:\/\/hoycordobaweb.com\/wp-content\/uploads\/2022\/03\/una-cooperativa-se-encarga-de-retirar-los-residuos-reciclables-de-los-domicilios-20.jpg 1536w\" sizes=\"(max-width: 322px) 100vw, 322px\" \/><\/p>\n<p>SEGUNDA SEMANA:<br \/>\nLunes: Operativo en la plaza de la Villa El Libertador<br \/>\nMi\u00e9rcoles: Operativo en la plaza de la V illa\u00a0 El Libertador<br \/>\nViernes: Operativo en la rotonda de Las Flores<\/p>\n<div class=\"ubm_banner\"><a href=\"https:\/\/www.cba.gov.ar\/10-https:\/\/www.cba.gov.ar\/10-mil-viviendas\/?csrt=8333084810548506306\" target=\"_blank\" rel=\"dofollow noopener noreferrer\"><img src=\"http:\/\/hoycordobaweb.com\/wp-content\/uploads\/2022\/03\/una-cooperativa-se-encarga-de-retirar-los-residuos-reciclables-de-los-domicilios.gif\" alt=\"\"><\/a><\/div>\n<p>La entrada <a rel=\"nofollow\" href=\"https:\/\/ladecimaweb.com\/una-cooperativa-se-encarga-de-retirar-los-residuos-reciclables-de-los-domicilios\/\">Una cooperativa se encarga de retirar los residuos reciclables de los domicilios<\/a> se public\u00f3 primero en <a rel=\"nofollow\" href=\"https:\/\/ladecimaweb.com\">LaDecima<\/a>.<\/p>\n","protected":false},"excerpt":{"rendered":"<p>Un grupo de vecinos de Vicor, que forman una cooperativa, trabaja en el cuidado del medioambiente recolectando material diferenciado de los hogares. Se trata de la cooperativa H\u00e9roes de Malvinas, que realiza la promoci\u00f3n y recolecci\u00f3n de material diferenciado como por ejemplo botellas de pl\u00e1stico y vidrio , cart\u00f3n, aluminio, nylon, etec\u00e9tera. Adem\u00e1s, cuenta con [&hellip;]<\/p>\n","protected":false},"author":1,"featured_media":38572,"comment_status":"closed","ping_status":"closed","sticky":false,"template":"","format":"standard","meta":[],"categories":[19],"tags":[],"_links":{"self":[{"href":"http:\/\/hoycordobaweb.com\/index.php\/wp-json\/wp\/v2\/posts\/38571"}],"collection":[{"href":"http:\/\/hoycordobaweb.com\/index.php\/wp-json\/wp\/v2\/posts"}],"about":[{"href":"http:\/\/hoycordobaweb.com\/index.php\/wp-json\/wp\/v2\/types\/post"}],"author":[{"embeddable":true,"href":"http:\/\/hoycordobaweb.com\/index.php\/wp-json\/wp\/v2\/users\/1"}],"replies":[{"embeddable":true,"href":"http:\/\/hoycordobaweb.com\/index.php\/wp-json\/wp\/v2\/comments?post=38571"}],"version-history":[{"count":0,"href":"http:\/\/hoycordobaweb.com\/index.php\/wp-json\/wp\/v2\/posts\/38571\/revisions"}],"wp:featuredmedia":[{"embeddable":true,"href":"http:\/\/hoycordobaweb.com\/index.php\/wp-json\/wp\/v2\/media\/38572"}],"wp:attachment":[{"href":"http:\/\/hoycordobaweb.com\/index.php\/wp-json\/wp\/v2\/media?parent=38571"}],"wp:term":[{"taxonomy":"category","embeddable":true,"href":"http:\/\/hoycordobaweb.com\/index.php\/wp-json\/wp\/v2\/categories?post=38571"},{"taxonomy":"post_tag","embeddable":true,"href":"http:\/\/hoycordobaweb.com\/index.php\/wp-json\/wp\/v2\/tags?post=38571"}],"curies":[{"name":"wp","href":"https:\/\/api.w.org\/{rel}","templated":true}]}}