{"id":38555,"date":"2022-03-17T14:47:05","date_gmt":"2022-03-17T14:47:05","guid":{"rendered":"https:\/\/fono.fcm.unc.edu.ar\/?p=8673"},"modified":"2022-03-17T14:47:05","modified_gmt":"2022-03-17T14:47:05","slug":"activacion-en-sistema-guarani","status":"publish","type":"post","link":"http:\/\/hoycordobaweb.com\/index.php\/2022\/03\/17\/activacion-en-sistema-guarani\/","title":{"rendered":"Activaci\u00f3n en Sistema Guaran\u00ed"},"content":{"rendered":"<h2 class=\"fusion-post-title\">Activaci\u00f3n en Sistema Guaran\u00ed<\/h2>\n<div class=\"post-content\" readability=\"32.478260869565\">\n<p><img loading=\"lazy\" class=\"size-fusion-400 wp-image-8686 alignright\" src=\"https:\/\/fono.fcm.unc.edu.ar\/wp-content\/uploads\/sites\/14\/2022\/03\/PLANTILLAS-FOTOS-2-400x400.jpg\" alt width=\"400\" height=\"400\" srcset=\"https:\/\/fono.fcm.unc.edu.ar\/wp-content\/uploads\/sites\/14\/2022\/03\/PLANTILLAS-FOTOS-2-66x66.jpg 66w, https:\/\/fono.fcm.unc.edu.ar\/wp-content\/uploads\/sites\/14\/2022\/03\/PLANTILLAS-FOTOS-2-150x150.jpg 150w, https:\/\/fono.fcm.unc.edu.ar\/wp-content\/uploads\/sites\/14\/2022\/03\/PLANTILLAS-FOTOS-2-200x200.jpg 200w, https:\/\/fono.fcm.unc.edu.ar\/wp-content\/uploads\/sites\/14\/2022\/03\/PLANTILLAS-FOTOS-2-300x300.jpg 300w, https:\/\/fono.fcm.unc.edu.ar\/wp-content\/uploads\/sites\/14\/2022\/03\/PLANTILLAS-FOTOS-2-400x400.jpg 400w, https:\/\/fono.fcm.unc.edu.ar\/wp-content\/uploads\/sites\/14\/2022\/03\/PLANTILLAS-FOTOS-2-600x600.jpg 600w, https:\/\/fono.fcm.unc.edu.ar\/wp-content\/uploads\/sites\/14\/2022\/03\/PLANTILLAS-FOTOS-2-768x768.jpg 768w, https:\/\/fono.fcm.unc.edu.ar\/wp-content\/uploads\/sites\/14\/2022\/03\/PLANTILLAS-FOTOS-2-800x800.jpg 800w, https:\/\/fono.fcm.unc.edu.ar\/wp-content\/uploads\/sites\/14\/2022\/03\/PLANTILLAS-FOTOS-2-1024x1024.jpg 1024w, https:\/\/fono.fcm.unc.edu.ar\/wp-content\/uploads\/sites\/14\/2022\/03\/PLANTILLAS-FOTOS-2.jpg 1080w\" sizes=\"(max-width: 400px) 100vw, 400px\">Despacho de Alumnos de la Escuela de Fonoaudiolog\u00eda informa que para activarse en el Sistema Guaran\u00ed lxs estudiantes deben escribir a <a href=\"mailto:despachofono@fcm.unc.edu.ar\">despachofono@fcm.unc.edu.ar<\/a> con el asunto: Activaci\u00f3n Guaran\u00ed.<\/p>\n<p>Tambi\u00e9n se pueden realizar consultas personalmente en Despacho de Alumnos.<\/p>\n<\/p><\/div>\n","protected":false},"excerpt":{"rendered":"<p>Activaci\u00f3n en Sistema Guaran\u00ed Despacho de Alumnos de la Escuela de Fonoaudiolog\u00eda informa que para activarse en el Sistema Guaran\u00ed lxs estudiantes deben escribir a despachofono@fcm.unc.edu.ar con el asunto: Activaci\u00f3n Guaran\u00ed. Tambi\u00e9n se pueden realizar consultas personalmente en Despacho de Alumnos.<\/p>\n","protected":false},"author":1,"featured_media":0,"comment_status":"closed","ping_status":"closed","sticky":false,"template":"","format":"standard","meta":[],"categories":[1],"tags":[],"_links":{"self":[{"href":"http:\/\/hoycordobaweb.com\/index.php\/wp-json\/wp\/v2\/posts\/38555"}],"collection":[{"href":"http:\/\/hoycordobaweb.com\/index.php\/wp-json\/wp\/v2\/posts"}],"about":[{"href":"http:\/\/hoycordobaweb.com\/index.php\/wp-json\/wp\/v2\/types\/post"}],"author":[{"embeddable":true,"href":"http:\/\/hoycordobaweb.com\/index.php\/wp-json\/wp\/v2\/users\/1"}],"replies":[{"embeddable":true,"href":"http:\/\/hoycordobaweb.com\/index.php\/wp-json\/wp\/v2\/comments?post=38555"}],"version-history":[{"count":0,"href":"http:\/\/hoycordobaweb.com\/index.php\/wp-json\/wp\/v2\/posts\/38555\/revisions"}],"wp:attachment":[{"href":"http:\/\/hoycordobaweb.com\/index.php\/wp-json\/wp\/v2\/media?parent=38555"}],"wp:term":[{"taxonomy":"category","embeddable":true,"href":"http:\/\/hoycordobaweb.com\/index.php\/wp-json\/wp\/v2\/categories?post=38555"},{"taxonomy":"post_tag","embeddable":true,"href":"http:\/\/hoycordobaweb.com\/index.php\/wp-json\/wp\/v2\/tags?post=38555"}],"curies":[{"name":"wp","href":"https:\/\/api.w.org\/{rel}","templated":true}]}}