{"id":38551,"date":"2022-03-17T02:13:00","date_gmt":"2022-03-17T02:13:00","guid":{"rendered":"http:\/\/hoycordobaweb.com\/index.php\/2022\/03\/17\/circulacion-inusual-del-virus-de-influenza-recomiendan-cuidados-iguales-a-la-covid\/"},"modified":"2022-03-17T02:13:00","modified_gmt":"2022-03-17T02:13:00","slug":"circulacion-inusual-del-virus-de-influenza-recomiendan-cuidados-iguales-a-la-covid","status":"publish","type":"post","link":"http:\/\/hoycordobaweb.com\/index.php\/2022\/03\/17\/circulacion-inusual-del-virus-de-influenza-recomiendan-cuidados-iguales-a-la-covid\/","title":{"rendered":"\u00abCirculaci\u00f3n inusual\u00bb del virus de influenza: recomiendan cuidados iguales a la Covid"},"content":{"rendered":"<p><img src=\"http:\/\/hoycordobaweb.com\/wp-content\/uploads\/2022\/03\/circulacion-inusual-del-virus-de-influenza-recomiendan-cuidados-iguales-a-la-covid.jpg\"><\/p>\n<figure class=\"mb-3\"><img loading=\"lazy\" src=\"http:\/\/hoycordobaweb.com\/wp-content\/uploads\/2022\/03\/circulacion-inusual-del-virus-de-influenza-recomiendan-cuidados-iguales-a-la-covid-2.jpg\" width=\"100%\" height=\"100%\" alt=\"Imagen ilustrativa\"><figcaption> (Imagen ilustrativa). <\/figcaption><\/figure>\n<p>El Ministerio de Salud de la Naci\u00f3n detect\u00f3 desde diciembre del a\u00f1o pasado un aumento progresivo de casos de Gripe A con 794 casos confirmados al 10 de febrero pasado, lo que representa \u00abuna circulaci\u00f3n en un periodo del a\u00f1o no habitual para este virus respiratorio\u00bb por lo que recomend\u00f3 a la poblaci\u00f3n \u00abcontinuar con las medidas de prevenci\u00f3n y cuidado vigentes para la covid-19\u00bb, inform\u00f3 el mi\u00e9rcoles la cartera sanitaria.<\/p>\n<p>La presencia del virus que causa la Gripe A \u00abes en particular el subtipo H3N2\u00bb lo que representa epidemiol\u00f3gicamente, \u00abuna circulaci\u00f3n en un periodo del a\u00f1o no habitual para este virus respiratorio, que com\u00fanmente es esperable que circule durante fines de oto\u00f1o y durante el invierno (principalmente entre los meses de mayo y agosto)\u00bb, asegur\u00f3 la cartera sanitaria.<\/p>\n<p>Desde diciembre del 2021 al 10 de febrero pasado se confirmaron 794 casos de Gripe por esta familia de virus que son los principales responsables de los cuadros gripales, que afecta principalmente a la nariz, la garganta, los bronquios y, ocasionalmente, los pulmones.<\/p>\n<p>Indic\u00f3 el Ministerio que la infecci\u00f3n viral dura generalmente una semana y se caracteriza por la aparici\u00f3n s\u00fabita de fiebre alta, dolores musculares, cefalea, malestar general, tos seca, dolor de garganta y rinitis.<\/p>\n<p>El virus se transmite con facilidad de una persona a otra a trav\u00e9s de gotitas y peque\u00f1as part\u00edculas expulsadas con la tos o los estornudos.<\/p>\n<p>En tal sentido el Ministerio de Salud recomend\u00f3 a la poblaci\u00f3n \u00abcontinuar con las medidas de prevenci\u00f3n y cuidado vigentes para la covid-19, como mantener ambientes ventilados, lavarse las manos de manera frecuente con agua y jab\u00f3n, uso de barbijo, y evitar acudir a actividades laborales, educativas o lugares p\u00fablicos ante la presencia de s\u00edntomas.<\/p>\n<figure class=\"mb-3\"><img loading=\"lazy\" src=\"http:\/\/hoycordobaweb.com\/wp-content\/uploads\/2022\/03\/circulacion-inusual-del-virus-de-influenza-recomiendan-cuidados-iguales-a-la-covid-3.jpg\" width=\"100%\" height=\"100%\" alt=\"Frente a la circulacin en un periodo del ao no habitual para este virus respiratorio las recomendaciones son mantener los mismos cuidados que para el COVID 19\"><figcaption> Frente a la circulaci\u00f3n en un periodo del a\u00f1o no habitual para este virus respiratorio, las recomendaciones son mantener los mismos cuidados que para el COVID 19. <\/figcaption><\/figure>\n<p>Para los equipos de salud se instruy\u00f3 sensibilizar la sospecha cl\u00ednica de enfermedad tipo influenza e implementar medidas de prevenci\u00f3n por vacunas y cuidados especialmente en los grupos con mayor riesgo de desarrollar complicaciones<\/p>\n<p>En ese sentido, la cartera sanitaria nacional anunci\u00f3 que comenzar\u00e1 a recibir entre el viernes y el lunes pr\u00f3ximo , la primera entrega de vacunas antigripales.<\/p>\n<p>Llegar\u00e1n cerca de 1.120.000 dosis, las cuales comenzar\u00e1n a ser distribuidas a las 24 jurisdicciones a principios de la pr\u00f3xima semana.<\/p>\n<p>En la reuni\u00f3n presencial del Consejo Federal de Salud (COFESA), que se celebrar\u00e1 este viernes, se presentar\u00e1n los lineamientos y estrategia de la campa\u00f1a anual de vacunaci\u00f3n antigripal.<\/p>\n<figure class=\"mb-3\"><img loading=\"lazy\" src=\"http:\/\/hoycordobaweb.com\/wp-content\/uploads\/2022\/03\/circulacion-inusual-del-virus-de-influenza-recomiendan-cuidados-iguales-a-la-covid-4.jpg\" width=\"100%\" height=\"100%\" alt=\"Infografa y cuidados \"><figcaption> Infograf\u00eda y cuidados. <\/figcaption><\/figure>\n<p>La influenza suele propagarse r\u00e1pidamente en forma de epidemias estacionales y la mayor\u00eda de los afectados se recuperan en una o dos semanas sin necesidad de recibir tratamiento m\u00e9dico.<\/p>\n<p>Sin embargo, en ni\u00f1os peque\u00f1os, personas de edad y personas con otras afecciones m\u00e9dicas graves, la infecci\u00f3n puede conllevar complicaciones graves, provocar neumon\u00eda y en algunos casos causar la muerte.<\/p>\n<p>La vacuna antigripal \u00abes una herramienta preventiva fundamental para reducir las complicaciones\u00bb indic\u00f3 la cartera que para ello fue incluida \u00aben el Calendario Nacional de Vacunaci\u00f3n para el personal de salud, las personas gestantes en cualquier momento del embarazo, las personas pu\u00e9rperas (hasta el egreso de la maternidad, m\u00e1ximo 10 d\u00edas, si no recibi\u00f3 la vacuna durante el embarazo)\u00bb<\/p>\n<p>Tambi\u00e9n para la poblaci\u00f3n a partir de los 65 a\u00f1os, las ni\u00f1as y los ni\u00f1os de 6 a 24 meses de edad, y quienes tengan entre 2 y 64 a\u00f1os y presenten factores de riesgo.<\/p>\n<div class=\"jumbotron pt-4 mt-3\" readability=\"31\">\n<h3 class=\"module-title\">Movilidad de la poblaci\u00f3n y fexibilizaci\u00f3n de medidas covid entre las causas de aumento de Influenza<\/h3>\n<p>El incremento inusual de casos de gripe A para esta \u00e9poca del a\u00f1o en el pa\u00eds se debe al inicio de la temporada de influenza en el hemisferio norte y al aumento de la movilidad de la poblaci\u00f3n y la flexibilizaci\u00f3n de las medidas en la respuesta a la pandemia\u00bb destac\u00f3 hoy el Ministerio de Salud y detall\u00f3 que el mayor n\u00famero de casos fue primero en menores de cinco a\u00f1os y luego en la franja etaria de entre 25 y 34 a\u00f1os.<\/p>\n<p>De acuerdo a la cartera sanitaria, las provincias en las que se registr\u00f3 hasta el momento mayor n\u00famero de muestras con resultado positivo para influenza son: provincia de Buenos Aires, Salta, Ciudad de Buenos Aires, Tucum\u00e1n, Santa Fe y C\u00f3rdoba.<\/p>\n<p>Precis\u00f3 que en el a\u00f1o 2020, durante la pandemia, hubo un \u00abmarcado descenso en la detecci\u00f3n de virus respiratorios que vuelve a incrementarse en el a\u00f1o 2021\u00bb, aunque la curva de casos positivos para influenza y otros virus respiratorios \u00abes menor que para los a\u00f1os previos\u00bb.<\/p>\n<p>Pero en las primeras ocho semanas de ese a\u00f1o a diferencia de a\u00f1os anteriores, \u00abse observa un marcado predominio en la circulaci\u00f3n de virus influenza en comparaci\u00f3n con el resto de los virus respiratorios\u00bb.<\/p>\n<\/p><\/div>\n","protected":false},"excerpt":{"rendered":"<p>(Imagen ilustrativa). El Ministerio de Salud de la Naci\u00f3n detect\u00f3 desde diciembre del a\u00f1o pasado un aumento progresivo de casos de Gripe A con 794 casos confirmados al 10 de febrero pasado, lo que representa \u00abuna circulaci\u00f3n en un periodo del a\u00f1o no habitual para este virus respiratorio\u00bb por lo que recomend\u00f3 a la poblaci\u00f3n [&hellip;]<\/p>\n","protected":false},"author":1,"featured_media":38552,"comment_status":"open","ping_status":"closed","sticky":false,"template":"","format":"standard","meta":[],"categories":[19],"tags":[],"_links":{"self":[{"href":"http:\/\/hoycordobaweb.com\/index.php\/wp-json\/wp\/v2\/posts\/38551"}],"collection":[{"href":"http:\/\/hoycordobaweb.com\/index.php\/wp-json\/wp\/v2\/posts"}],"about":[{"href":"http:\/\/hoycordobaweb.com\/index.php\/wp-json\/wp\/v2\/types\/post"}],"author":[{"embeddable":true,"href":"http:\/\/hoycordobaweb.com\/index.php\/wp-json\/wp\/v2\/users\/1"}],"replies":[{"embeddable":true,"href":"http:\/\/hoycordobaweb.com\/index.php\/wp-json\/wp\/v2\/comments?post=38551"}],"version-history":[{"count":0,"href":"http:\/\/hoycordobaweb.com\/index.php\/wp-json\/wp\/v2\/posts\/38551\/revisions"}],"wp:featuredmedia":[{"embeddable":true,"href":"http:\/\/hoycordobaweb.com\/index.php\/wp-json\/wp\/v2\/media\/38552"}],"wp:attachment":[{"href":"http:\/\/hoycordobaweb.com\/index.php\/wp-json\/wp\/v2\/media?parent=38551"}],"wp:term":[{"taxonomy":"category","embeddable":true,"href":"http:\/\/hoycordobaweb.com\/index.php\/wp-json\/wp\/v2\/categories?post=38551"},{"taxonomy":"post_tag","embeddable":true,"href":"http:\/\/hoycordobaweb.com\/index.php\/wp-json\/wp\/v2\/tags?post=38551"}],"curies":[{"name":"wp","href":"https:\/\/api.w.org\/{rel}","templated":true}]}}