{"id":38529,"date":"2022-03-17T02:12:47","date_gmt":"2022-03-17T02:12:47","guid":{"rendered":"https:\/\/www.ole.com.ar\/boca-juniors\/boca-chaman-camiseta-amarilla-river_0_qO0GcTLpZk.html"},"modified":"2022-03-17T02:12:47","modified_gmt":"2022-03-17T02:12:47","slug":"boca-de-amarillo-al-monumental-escucharon-a-un-chaman","status":"publish","type":"post","link":"http:\/\/hoycordobaweb.com\/index.php\/2022\/03\/17\/boca-de-amarillo-al-monumental-escucharon-a-un-chaman\/","title":{"rendered":"Boca de amarillo al Monumental: \u00bfescucharon a un cham\u00e1n?"},"content":{"rendered":"<p><img src=\"http:\/\/hoycordobaweb.com\/wp-content\/uploads\/2022\/03\/boca-de-amarillo-al-monumental-escucharon-a-un-chaman.jpg\"><\/p>\n<p>No es s\u00f3lo la camiseta. Claro que no. Detr\u00e1s de la casaca, de la alternativa, de la amarilla que us\u00f3 <a alt=\"boca-juniors\" class=\"slug\" href=\"https:\/\/www.ole.com.ar\/tema\/boca-juniors.html\" target=\"_blank\" title=\"boca-juniors\" rel=\"noopener noreferrer\">Boca<\/a> en La Plata, de la que estren\u00f3 con <a href=\"https:\/\/www.ole.com.ar\/futbol-primera\/estudiantes-boca-copa-liga_0_q3yrKUSJ3E.html\" target=\"_blank\" rel=\"noopener noreferrer\"><strong>triunfo ante Estudiantes para sacarle el invicto<\/strong><\/a> al Pincha y volver a meterse en zona de clasificaci\u00f3n en la Zona B, y de la que <a href=\"https:\/\/www.ole.com.ar\/boca-juniors\/boca-camisetaamarilla-superclasico_0_F58wQ8psWJ.html\" target=\"_blank\" rel=\"noopener noreferrer\"><strong>usar\u00e1 por primera vez a nivel oficial en un supercl\u00e1sico<\/strong><\/a> (no hay registros cercanos de algo as\u00ed), <strong>hay otra historia<\/strong>.<\/p>\n<div class=\"sp__SM\">\n<div class=\"content-new \">\n<span class=\"tit-mobile\">Mir\u00e1 tambi\u00e9n<\/span><\/p>\n<div class=\"mg\">\n<div class=\"wrap-figure\">\n<picture>\n<a href=\"https:\/\/www.ole.com.ar\/boca-juniors\/boca-camisetaamarilla-superclasico_0_F58wQ8psWJ.html\" target=\"_self\" rel=\"noopener noreferrer\"><br \/>\n<img class=\"img-responsive\" alt=\"Cambio hist\u00f3rico: Boca, al S\u00faper, con la amarilla\" src=\"http:\/\/hoycordobaweb.com\/wp-content\/uploads\/2022\/03\/boca-de-amarillo-al-monumental-escucharon-a-un-chaman-2.jpg\" loading=\"lazy\"><br \/>\n<\/a>\n<\/picture>\n<\/div>\n<\/div><\/div>\n<\/div>\n<div class=\"sp__Normal\">\n<div class=\"image-embeb image-trigger\" readability=\"6\">\n<picture><source media=\"(min-width: 720px)\" srcset=\"http:\/\/hoycordobaweb.com\/wp-content\/uploads\/2022\/03\/boca-de-amarillo-al-monumental-escucharon-a-un-chaman-3.jpg\"><img itemprop=\"image\" src=\"http:\/\/hoycordobaweb.com\/wp-content\/uploads\/2022\/03\/boca-de-amarillo-al-monumental-escucharon-a-un-chaman-3.jpg\" loading=\"lazy\" alt=\"Adv\u00edncula festeja con la amarilla en La Plata ( foto MARCELO CARROLL)\">\n<\/picture><figcaption readability=\"2\">\n<p>Adv\u00edncula festeja con la amarilla en La Plata ( foto MARCELO CARROLL)\n<\/p>\n<\/figcaption><\/div>\n<\/div>\n<div class=\"sp__SM\">\n<div class=\"content-new \">\n<span class=\"tit-mobile\">Mir\u00e1 tambi\u00e9n<\/span><\/p>\n<div class=\"mg\">\n<div class=\"wrap-figure\">\n<picture>\n<a href=\"https:\/\/www.ole.com.ar\/boca-juniors\/boca-reunioncd-riquelme-vice_0_iGozJNvXfO.html\" target=\"_self\" rel=\"noopener noreferrer\"><br \/>\n<img class=\"img-responsive\" alt=\"Rom\u00e1n con la CD, nueva vice y respuesta a Pergolini\" src=\"http:\/\/hoycordobaweb.com\/wp-content\/uploads\/2022\/03\/boca-de-amarillo-al-monumental-escucharon-a-un-chaman-4.jpg\" loading=\"lazy\"><br \/>\n<\/a>\n<\/picture>\n<\/div>\n<\/div><\/div>\n<\/div>\n<p> Una historia que el f\u00fatbol no desconoce pero que a veces prefiere esconder. Una historia que tanto en el predio de Ezeiza como en Brandsen 805 es un secreto a voces. Una historia de creencia, de espiritualidad, de fe. En efecto, el pedido (aprobado) a la Liga para que el Xeneize juegue este&nbsp;domingo con otra camiseta que no sea la tradicional <strong>surgi\u00f3 desde el Consejo de Rom\u00e1n<\/strong>. La recomendaci\u00f3n, dicen en el club, naci\u00f3 desde otro tipo de consejo&#8230;<\/p>\n<p>\u201c<strong>Lo de la camiseta amarilla no es marketing. Eso descartalo<\/strong>\u201d, aseguran en Boca. El estreno de la casaca en homenaje a los 30 a\u00f1os del predio de Casa Amarilla ya se dio contra Estudiantes y no hab\u00eda la necesidad de extenderlo al Monumental. Contra River, de hecho, <strong>el Xeneize siempre jug\u00f3 con la azul y oro cl\u00e1sica<\/strong>. Son tan contrapuestos los dise\u00f1os, tan diferentes los colores, que nunca hubo necesidad de modificar lo que para muchos es una tradici\u00f3n m\u00e1s del supercl\u00e1sico: que ambos equipos salgan a la cancha con su indumentaria emblem\u00e1tica, la que m\u00e1s representa a los hinchas.<\/p>\n<h2>M\u00e1s que una c\u00e1bala&#8230;<\/h2>\n<p>Sin embargo, el pedido de Boca, en un primer momento, son\u00f3 a c\u00e1bala. Como el debut de \u201cla amarilla \u201c ante Estudiantes hab\u00eda sido auspicioso, la primera lectura fue directo ah\u00ed: continuar con la buena vibra que el equipo tuvo en La Plata y eso, en el f\u00fatbol, muchas veces se traslada a la indumentaria. Sin embargo, con el correr de las horas, al menos en el club,<strong> la versi\u00f3n fue girando<\/strong>.<\/p>\n<p><strong>\u201cEn los pasillos de ac\u00e1 se habla de un cham\u00e1n<\/strong>\u201d, fue la revelaci\u00f3n que naci\u00f3 desde las entra\u00f1as de la Bombonera. \u201cHace un tiempito que alguien viene \u2018trabajando\u2019 en esto que el f\u00fatbol tambi\u00e9n cree, je\u201d, agreg\u00f3 otra fuente. \u201cLa recomendaci\u00f3n fue precisa, contundente: \u2018El domingo, usen la amarilla\u2019\u201d, remat\u00f3.<\/p>\n<div class=\"sp__SM\">\n<div class=\"content-new \">\n<span class=\"tit-mobile\">Mir\u00e1 tambi\u00e9n<\/span><\/p>\n<div class=\"mg\">\n<div class=\"wrap-figure\">\n<picture>\n<a href=\"https:\/\/www.ole.com.ar\/boca-juniors\/encuesta-ole-boca-camiseta-alternativa_0_bCRPYqsUhI.html\" target=\"_self\" rel=\"noopener noreferrer\"><br \/>\n<img class=\"img-responsive\" alt=\"Encuesta: \u00bfest\u00e1s de acuerdo con que Boca use camiseta alternativa vs. River?\" src=\"http:\/\/hoycordobaweb.com\/wp-content\/uploads\/2022\/03\/boca-de-amarillo-al-monumental-escucharon-a-un-chaman-5.jpg\" loading=\"lazy\"><br \/>\n<\/a>\n<\/picture>\n<\/div>\n<\/div><\/div>\n<\/div>\n<div class=\"sp__Normal\">\n<div class=\"image-embeb image-trigger\" readability=\"6\">\n<picture><source media=\"(min-width: 720px)\" srcset=\"http:\/\/hoycordobaweb.com\/wp-content\/uploads\/2022\/03\/boca-de-amarillo-al-monumental-escucharon-a-un-chaman-6.jpg\"><img itemprop=\"image\" src=\"http:\/\/hoycordobaweb.com\/wp-content\/uploads\/2022\/03\/boca-de-amarillo-al-monumental-escucharon-a-un-chaman-6.jpg\" loading=\"lazy\" alt=\"Boca y su nueva camiseta.\">\n<\/picture><figcaption readability=\"2\">\n<p>Boca y su nueva camiseta.\n<\/p>\n<\/figcaption><\/div>\n<\/div>\n<p>Creer o reventar, al fin de cuentas, de eso se alimentan estas historias. En Estudiantes, en alg\u00fan momento, ya era hasta visible la presencia al lado del banco de suplentes del Brujo Manuel de Gorina, que falleci\u00f3 el a\u00f1o pasado, y que tambi\u00e9n hab\u00eda \u201cayudado\u201d a la <a alt=\"seleccion-argentina\" class=\"slug\" href=\"https:\/\/www.ole.com.ar\/tema\/seleccion-argentina.html\" target=\"_blank\" title=\"seleccion-argentina\" rel=\"noopener noreferrer\">Selecci\u00f3n Argentina<\/a> a su clasificaci\u00f3n al Mundial de Rusia 2018, <strong>el d\u00eda que Messi meti\u00f3 tres goles ante Ecuador<\/strong> en Quito. Y en Boca, el Pincha tiene algunos lazos. En el Consejo y tambi\u00e9n en la cancha&#8230;<\/p>\n<div class=\"sp__SM\">\n<div class=\"content-new \">\n<span class=\"tit-mobile\">Mir\u00e1 tambi\u00e9n<\/span><\/p>\n<div class=\"mg\">\n<div class=\"wrap-figure\">\n<picture>\n<a href=\"https:\/\/www.ole.com.ar\/boca-juniors\/boca-camisetaalternativa-river_0_mVXyoSWrjF.html\" target=\"_self\" rel=\"noopener noreferrer\"><br \/>\n<img class=\"img-responsive\" alt=\"Qu\u00e9 pas\u00f3 cuando Boca jug\u00f3 con otra camiseta ante River\" src=\"http:\/\/hoycordobaweb.com\/wp-content\/uploads\/2022\/03\/boca-de-amarillo-al-monumental-escucharon-a-un-chaman-7.jpg\" loading=\"lazy\"><br \/>\n<\/a>\n<\/picture>\n<\/div>\n<\/div><\/div>\n<\/div>\n<h2>El tarot<\/h2>\n<p>No es todo. Hace unos meses, Giorgio Armas, astr\u00f3logo y tarotista xeneize, advirti\u00f3 en <strong>Ol\u00e9<\/strong> que \u201cla Bombonera est\u00e1 sucia desde hace mucho tiempo. \u00bfPor qu\u00e9 sucia? Porque como a Boca le fue bien durante mucho tiempo, <strong>nos hicieron da\u00f1o a trav\u00e9s de la magia negra brasile\u00f1a para tumbarnos<\/strong>\u201d, cont\u00f3 y hasta se ofreci\u00f3 a combatir ese tipo de hechizo. Cuentan que esa declaraci\u00f3n no pas\u00f3 inadvertida. Desde entonces, en el club empezaron a creer en estas cuestiones esot\u00e9ricas y a estar m\u00e1s atentos a la posibilidad de volcar esas fuerzas a favor.<\/p>\n<p><strong>\u201cMe resulta dif\u00edcil de creer,<\/strong> <a alt=\"roman-riquelme\" class=\"slug\" href=\"https:\/\/www.ole.com.ar\/tema\/roman-riquelme.html\" target=\"_blank\" title=\"roman-riquelme\" rel=\"noopener noreferrer\">Riquelme<\/a> no es cabulero, no le interesa eso\u201d. La otra campana que dan en Boca, claro, apunta a desestimar cualquier decisi\u00f3n (en principio, la de la camiseta amarilla) que vaya de la mano con la superstici\u00f3n. Sin embargo, tampoco se esgrime otra raz\u00f3n por la que Boca jugar\u00e1 el domingo con esa casaca ni desconocen como instalada la versi\u00f3n del trabajo de \u201cun brujo o cham\u00e1n\u201d. Y no es s\u00f3lo para elegir un color de camiseta, sino para cambiar la energ\u00eda y realizar \u201cuna limpieza\u201d que aleje las \u201cfuerzas negativas\u201d.<\/p>\n<p><strong>La victoria ante Estudiantes<\/strong>, por lo pronto, <strong>cambi\u00f3 el semblante an\u00edmico del equipo <\/strong>y se vio otra expresi\u00f3n futbol\u00edstica. Incluso, hasta salv\u00f3 el ciclo de Battaglia, que asomaba en crisis y hasta con pron\u00f3stico de final. Una reacci\u00f3n que Boca apunta a ratificar ahora nada menos que contra River en el Monumental, para dar otro golpe de efecto, para reconfirmar el despertar en el juego del equipo y para volver a creer. Creer. De eso se trata&#8230;<\/p>\n<div class=\"entry-tags\">\n<h2>TEMAS QUE APARECEN EN ESTA NOTA<\/h2>\n<\/p><\/div>\n","protected":false},"excerpt":{"rendered":"<p>No es s\u00f3lo la camiseta. Claro que no. Detr\u00e1s de la casaca, de la alternativa, de la amarilla que us\u00f3 Boca en La Plata, de la que estren\u00f3 con triunfo ante Estudiantes para sacarle el invicto al Pincha y volver a meterse en zona de clasificaci\u00f3n en la Zona B, y de la que usar\u00e1 [&hellip;]<\/p>\n","protected":false},"author":1,"featured_media":38530,"comment_status":"open","ping_status":"closed","sticky":false,"template":"","format":"standard","meta":[],"categories":[16],"tags":[],"_links":{"self":[{"href":"http:\/\/hoycordobaweb.com\/index.php\/wp-json\/wp\/v2\/posts\/38529"}],"collection":[{"href":"http:\/\/hoycordobaweb.com\/index.php\/wp-json\/wp\/v2\/posts"}],"about":[{"href":"http:\/\/hoycordobaweb.com\/index.php\/wp-json\/wp\/v2\/types\/post"}],"author":[{"embeddable":true,"href":"http:\/\/hoycordobaweb.com\/index.php\/wp-json\/wp\/v2\/users\/1"}],"replies":[{"embeddable":true,"href":"http:\/\/hoycordobaweb.com\/index.php\/wp-json\/wp\/v2\/comments?post=38529"}],"version-history":[{"count":0,"href":"http:\/\/hoycordobaweb.com\/index.php\/wp-json\/wp\/v2\/posts\/38529\/revisions"}],"wp:featuredmedia":[{"embeddable":true,"href":"http:\/\/hoycordobaweb.com\/index.php\/wp-json\/wp\/v2\/media\/38530"}],"wp:attachment":[{"href":"http:\/\/hoycordobaweb.com\/index.php\/wp-json\/wp\/v2\/media?parent=38529"}],"wp:term":[{"taxonomy":"category","embeddable":true,"href":"http:\/\/hoycordobaweb.com\/index.php\/wp-json\/wp\/v2\/categories?post=38529"},{"taxonomy":"post_tag","embeddable":true,"href":"http:\/\/hoycordobaweb.com\/index.php\/wp-json\/wp\/v2\/tags?post=38529"}],"curies":[{"name":"wp","href":"https:\/\/api.w.org\/{rel}","templated":true}]}}