{"id":38483,"date":"2022-03-16T00:26:42","date_gmt":"2022-03-16T00:26:42","guid":{"rendered":"https:\/\/www.ole.com.ar\/futbol-internacional\/italia\/verona-cantos-racistas-bandera-guerra_0_p73LBhNi8r.html"},"modified":"2022-03-16T00:26:42","modified_gmt":"2022-03-16T00:26:42","slug":"sancionaron-al-verona-por-cantos-racistas-y-trapos-que-incitaban-a-la-guerra","status":"publish","type":"post","link":"http:\/\/hoycordobaweb.com\/index.php\/2022\/03\/16\/sancionaron-al-verona-por-cantos-racistas-y-trapos-que-incitaban-a-la-guerra\/","title":{"rendered":"Sancionaron al Verona por cantos racistas y trapos que incitaban a la guerra"},"content":{"rendered":"<p><img src=\"http:\/\/hoycordobaweb.com\/wp-content\/uploads\/2022\/03\/sancionaron-al-verona-por-cantos-racistas-y-trapos-que-incitaban-a-la-guerra.jpg\"><\/p>\n<p>El domingo se reedit\u00f3 un partido picante entre dos equipos que no se pueden ver: el <strong><a alt=\"hellas-verona\" class=\"slug\" href=\"https:\/\/www.ole.com.ar\/tema\/hellas-verona.html\" target=\"_blank\" title=\"hellas-verona\" rel=\"noopener noreferrer\">Hellas Verona<\/a><\/strong>, del Norte de Italia, y el <strong><a alt=\"napoli\" class=\"slug\" href=\"https:\/\/www.ole.com.ar\/tema\/napoli.html\" target=\"_blank\" title=\"napoli\" rel=\"noopener noreferrer\">Napoli<\/a><\/strong>, del Sur. La pica entre estos equipos viene desde hace varias d\u00e9cadas y tiene como trasfondo temas pol\u00edticos, econ\u00f3micos y sociales.<strong> Ya en la \u00e9poca de <a alt=\"diego-maradona\" class=\"slug\" href=\"https:\/\/www.ole.com.ar\/tema\/diego-maradona.html\" target=\"_blank\" title=\"diego-maradona\" rel=\"noopener noreferrer\">Maradona <\/a>en el Calcio, sol\u00edan ser duelos muy chivos&#8230;<\/strong><\/p>\n<p>El Verona-Napoli del finde pasado no solo fue noticia por el triunfazo del equipo de Spalletti en condici\u00f3n de visitante que le permiti\u00f3 seguir como escolta del Milan, <strong>sino tambi\u00e9n porque en la previa y en el partido ocurrieron actos que le costar\u00e1n caro al equipo donde juega Giovanni Simeone&#8230;<\/strong><\/p>\n<div class=\"sp__Normal\">\n<div class=\"image-embeb image-trigger\" readability=\"6\">\n<picture><source media=\"(min-width: 720px)\" srcset=\"http:\/\/hoycordobaweb.com\/wp-content\/uploads\/2022\/03\/sancionaron-al-verona-por-cantos-racistas-y-trapos-que-incitaban-a-la-guerra-2.jpg\"><img itemprop=\"image\" src=\"http:\/\/hoycordobaweb.com\/wp-content\/uploads\/2022\/03\/sancionaron-al-verona-por-cantos-racistas-y-trapos-que-incitaban-a-la-guerra-2.jpg\" loading=\"lazy\" alt=\"El Napoli gan\u00f3 en el Norte de Italia (Reuters).\">\n<\/picture><figcaption readability=\"2\">\n<p>El Napoli gan\u00f3 en el Norte de Italia (Reuters).\n<\/p>\n<\/figcaption><\/div>\n<\/div>\n<p>\u00bfQu\u00e9 pas\u00f3? Antes del inicio del encuentro, en las afueras del estadio Marcantonio Bentegodi, apareci\u00f3 una bandera que indign\u00f3 a toda Italia. La <strong>Curva Sud<\/strong>, la barra del equipo, <strong>colg\u00f3 un trapo que llevaba las insignias rusas y ucranianas y las coordenadas de la ciudad de N\u00e1poles<\/strong>, muy cerca del Stadio Diego Armando Maradona, <strong>incitando a que se desarrolle un bombardeo all\u00ed.<\/strong><\/p>\n<div class=\"sp__SM\">\n<div class=\"content-new \">\n<span class=\"tit-mobile\">Mir\u00e1 tambi\u00e9n<\/span><\/p>\n<div class=\"mg\">\n<div class=\"wrap-figure\">\n<picture>\n<a href=\"https:\/\/www.ole.com.ar\/futbol-internacional\/italia\/soule-taco-gol-juventus-youth-league_0_sHk1hgQwt9.html\" target=\"_self\" rel=\"noopener noreferrer\"><br \/>\n<img class=\"img-responsive\" alt=\"Video: buen taco de Soul\u00e9 para Juventus en la UEFA Youth League\" src=\"http:\/\/hoycordobaweb.com\/wp-content\/uploads\/2022\/03\/sancionaron-al-verona-por-cantos-racistas-y-trapos-que-incitaban-a-la-guerra-3.jpg\" loading=\"lazy\"><br \/>\n<\/a>\n<\/picture>\n<\/div>\n<\/div><\/div>\n<\/div>\n<p>Y el mal comportamiento de los ultras sigui\u00f3 dentro de la cancha: durante el partido fueron varias las veces que desde las gradas llovieron <strong>cantos e insultos racistas<\/strong> que apuntaban contra el delantero nigeriano <strong>Victor Osimhen<\/strong> (autor de un doblete) y el central senegal\u00e9s<strong> Kalidou Koulibaly<\/strong>.<\/p>\n<div class=\"sp__SM\">\n<div class=\"content-new \">\n<span class=\"tit-mobile\">Mir\u00e1 tambi\u00e9n<\/span><\/p>\n<div class=\"mg\">\n<div class=\"wrap-figure\">\n<picture>\n<a href=\"https:\/\/www.ole.com.ar\/boca-juniors\/boca-nandez-rossi_0_BfuZeiwm5t.html\" target=\"_self\" rel=\"noopener noreferrer\"><br \/>\n<img class=\"img-responsive\" alt=\"El reencuentro de dos ex Boca en Italia\" src=\"http:\/\/hoycordobaweb.com\/wp-content\/uploads\/2022\/03\/sancionaron-al-verona-por-cantos-racistas-y-trapos-que-incitaban-a-la-guerra-4.jpg\" loading=\"lazy\"><br \/>\n<\/a>\n<\/picture>\n<\/div>\n<\/div><\/div>\n<\/div>\n<p>Aunque se especulaba con una dura sanci\u00f3n para el Verona por ambos actos, finalmente este martes se conoci\u00f3 el castigo que deber\u00e1 pagar: la pr\u00f3xima fecha que juegue de local (el 3 de abril ante el Genoa por la Serie A),<strong> estar\u00e1 clausurado el sector de la Curva Sud<\/strong>, donde suelen ir m\u00e1s de 4.000 hinchas todos los partidos.<\/p>\n<div class=\"sp__Normal\">\n<div class=\"image-embeb image-trigger\" readability=\"6\">\n<picture><source media=\"(min-width: 720px)\" srcset=\"http:\/\/hoycordobaweb.com\/wp-content\/uploads\/2022\/03\/sancionaron-al-verona-por-cantos-racistas-y-trapos-que-incitaban-a-la-guerra-5.jpg\"><img itemprop=\"image\" src=\"http:\/\/hoycordobaweb.com\/wp-content\/uploads\/2022\/03\/sancionaron-al-verona-por-cantos-racistas-y-trapos-que-incitaban-a-la-guerra-5.jpg\" loading=\"lazy\" alt=\"Simeone juega en el Hellas Verona (AP).\">\n<\/picture><figcaption readability=\"2\">\n<p>Simeone juega en el Hellas Verona (AP).\n<\/p>\n<\/figcaption><\/div>\n<\/div>\n<div class=\"sp__SM\">\n<div class=\"content-new \">\n<span class=\"tit-mobile\">Mir\u00e1 tambi\u00e9n<\/span><\/p>\n<div class=\"mg\">\n<div class=\"wrap-figure\">\n<picture>\n<a href=\"https:\/\/www.ole.com.ar\/futbol-internacional\/italia\/repechaje-italia-macedonia-100-aforo_0_bIeTmdyoMY.html\" target=\"_self\" rel=\"noopener noreferrer\"><br \/>\n<img class=\"img-responsive\" alt=\"Repechaje Italia - Macedonia: con 100% de aforo\" src=\"http:\/\/hoycordobaweb.com\/wp-content\/uploads\/2022\/03\/sancionaron-al-verona-por-cantos-racistas-y-trapos-que-incitaban-a-la-guerra-6.jpg\" loading=\"lazy\"><br \/>\n<\/a>\n<\/picture>\n<\/div>\n<\/div><\/div>\n<\/div>\n<div class=\"entry-tags\">\n<h2>TEMAS QUE APARECEN EN ESTA NOTA<\/h2>\n<\/p><\/div>\n","protected":false},"excerpt":{"rendered":"<p>El domingo se reedit\u00f3 un partido picante entre dos equipos que no se pueden ver: el Hellas Verona, del Norte de Italia, y el Napoli, del Sur. La pica entre estos equipos viene desde hace varias d\u00e9cadas y tiene como trasfondo temas pol\u00edticos, econ\u00f3micos y sociales. Ya en la \u00e9poca de Maradona en el Calcio, [&hellip;]<\/p>\n","protected":false},"author":1,"featured_media":38484,"comment_status":"open","ping_status":"closed","sticky":false,"template":"","format":"standard","meta":[],"categories":[16],"tags":[],"_links":{"self":[{"href":"http:\/\/hoycordobaweb.com\/index.php\/wp-json\/wp\/v2\/posts\/38483"}],"collection":[{"href":"http:\/\/hoycordobaweb.com\/index.php\/wp-json\/wp\/v2\/posts"}],"about":[{"href":"http:\/\/hoycordobaweb.com\/index.php\/wp-json\/wp\/v2\/types\/post"}],"author":[{"embeddable":true,"href":"http:\/\/hoycordobaweb.com\/index.php\/wp-json\/wp\/v2\/users\/1"}],"replies":[{"embeddable":true,"href":"http:\/\/hoycordobaweb.com\/index.php\/wp-json\/wp\/v2\/comments?post=38483"}],"version-history":[{"count":0,"href":"http:\/\/hoycordobaweb.com\/index.php\/wp-json\/wp\/v2\/posts\/38483\/revisions"}],"wp:featuredmedia":[{"embeddable":true,"href":"http:\/\/hoycordobaweb.com\/index.php\/wp-json\/wp\/v2\/media\/38484"}],"wp:attachment":[{"href":"http:\/\/hoycordobaweb.com\/index.php\/wp-json\/wp\/v2\/media?parent=38483"}],"wp:term":[{"taxonomy":"category","embeddable":true,"href":"http:\/\/hoycordobaweb.com\/index.php\/wp-json\/wp\/v2\/categories?post=38483"},{"taxonomy":"post_tag","embeddable":true,"href":"http:\/\/hoycordobaweb.com\/index.php\/wp-json\/wp\/v2\/tags?post=38483"}],"curies":[{"name":"wp","href":"https:\/\/api.w.org\/{rel}","templated":true}]}}