{"id":38446,"date":"2022-03-15T02:31:00","date_gmt":"2022-03-15T02:31:00","guid":{"rendered":"http:\/\/hoycordobaweb.com\/index.php\/2022\/03\/15\/la-defensoria-del-pueblo-reclamo-por-la-tala-de-arboles-en-la-avenida-paseo-colon\/"},"modified":"2022-03-15T02:31:00","modified_gmt":"2022-03-15T02:31:00","slug":"la-defensoria-del-pueblo-reclamo-por-la-tala-de-arboles-en-la-avenida-paseo-colon","status":"publish","type":"post","link":"http:\/\/hoycordobaweb.com\/index.php\/2022\/03\/15\/la-defensoria-del-pueblo-reclamo-por-la-tala-de-arboles-en-la-avenida-paseo-colon\/","title":{"rendered":"La Defensor\u00eda del Pueblo reclam\u00f3 por la tala de \u00e1rboles en la avenida Paseo Col\u00f3n"},"content":{"rendered":"<p><img src=\"http:\/\/hoycordobaweb.com\/wp-content\/uploads\/2022\/03\/la-defensoria-del-pueblo-reclamo-por-la-tala-de-arboles-en-la-avenida-paseo-colon.jpg\"><\/p>\n<figure class=\"mb-3\"><img loading=\"lazy\" src=\"http:\/\/hoycordobaweb.com\/wp-content\/uploads\/2022\/03\/la-defensoria-del-pueblo-reclamo-por-la-tala-de-arboles-en-la-avenida-paseo-colon-2.jpg\" width=\"100%\" height=\"100%\" alt=\"Los vecinos denunciaron la gran cantidad de tala de rboles en la Ciudad Foto Osvaldo Fanton\"><figcaption> Los vecinos denunciaron la gran cantidad de tala de \u00e1rboles en la Ciudad (Foto Osvaldo Fanton). <\/figcaption><\/figure>\n<p>La <strong>Defensor\u00eda del Pueblo de la Ciudad de Buenos Aires<\/strong> envi\u00f3 este lunes a la Comuna 1, a la Agencia de Protecci\u00f3n Ambiental y la Direcci\u00f3n General de Espacios Verdes del Gobierno de la Ciudad de Buenos Aires (CABA), un reclamo por la <strong>extracci\u00f3n de \u00e1rboles<\/strong> en la avenida Paseo Col\u00f3n, inform\u00f3 ese organismo.<\/p>\n<p>\u00abLos \u00e1rboles son fundamentales para la salud ambiental de las ciudades contempor\u00e1neas, no obstante, la Ciudad de Buenos Aires tiene menos \u00e1rboles de los que deber\u00eda\u00bb, advirti\u00f3.<\/p>\n<p>De acuerdo con los relevamientos m\u00e1s recientes, en CABA, con tres millones de residentes fijos, <strong>tendr\u00eda que tener alrededor de 450 mil \u00e1rboles<\/strong>.<\/p>\n<p>\u00abEsa cantidad incluye tanto a los \u00e1rboles que vemos en las veredas (arbolado p\u00fablico de alineaci\u00f3n) como a los que se encuentran en los espacios verdes p\u00fablicos y privados\u00bb, explic\u00f3 y agreg\u00f3 que, pese a tener mucha menor cantidad de \u00e1rboles de los necesarios \u00abcada vez que se realiza una gran obra p\u00fablica ellos son las primeras v\u00edctimas\u00bb.<\/p>\n<figure class=\"mb-3\"><img loading=\"lazy\" src=\"http:\/\/hoycordobaweb.com\/wp-content\/uploads\/2022\/03\/la-defensoria-del-pueblo-reclamo-por-la-tala-de-arboles-en-la-avenida-paseo-colon-3.jpg\" width=\"100%\" height=\"100%\" alt=\"Telam SE\"><figcaption><\/figcaption><\/figure>\n<p>Con motivo de la construcci\u00f3n del Paseo del Bajo, corredor vial de siete kil\u00f3metros que une norte y sur de la ciudad en forma paralela al R\u00edo de la Plata, <strong>se extrajeron docenas de \u00e1rboles<\/strong> \u00abcon la promesa no solo de reponerlos, sino adem\u00e1s de plantar m\u00e1s \u00e1rboles de los que hab\u00eda inicialmente\u00bb.<\/p>\n<p>La Defensor\u00eda alert\u00f3 que, en lugar de los ejemplares que hab\u00edan tardado d\u00e9cadas en crecer, se plantaron nuevos ejemplares j\u00f3venes,<strong> la mayor\u00eda de los cuales se secaron y murieron en menos de dos a\u00f1o<\/strong>s.<\/p>\n<p>El Gobierno de <strong>Horacio Rodr\u00edguez Larreta<\/strong> est\u00e1 ampliando el Metrob\u00fas del Bajo, que une Retiro con el sur de la ciudad.<\/p>\n<p>\u00ab<a href=\"https:\/\/www.telam.com.ar\/notas\/202202\/584395-vecinos-bajo-porteno-rechazaron-tala-metrobus.html\" target=\"_blank\" rel=\"noopener noreferrer\">Numerosos vecinos alertaron que se estaban talando numerosos ejemplares del arbolado<\/a> de alineaci\u00f3n en la avenida Paseo Col\u00f3n desde Humberto Primo hasta avenida Brasil\u00bb, asegur\u00f3.<\/p>\n<figure class=\"mb-3\"><img loading=\"lazy\" src=\"http:\/\/hoycordobaweb.com\/wp-content\/uploads\/2022\/03\/la-defensoria-del-pueblo-reclamo-por-la-tala-de-arboles-en-la-avenida-paseo-colon-4.jpg\" width=\"100%\" height=\"100%\" alt=\"Foto Osvaldo Fanton\"><figcaption> (Foto Osvaldo Fanton). <\/figcaption><\/figure>\n<p>Personal de la Coordinaci\u00f3n de Ambiente y Desarrollo Sostenible de la instituci\u00f3n realiz\u00f3 una verificaci\u00f3n en el lugar y comprob\u00f3 la veracidad de la denuncia vecinal.<\/p>\n<p>El pasado 10 de marzo, en la Legislatura porte\u00f1a, durante la primera sesi\u00f3n ordinaria del a\u00f1o, <a href=\"https:\/\/www.telam.com.ar\/notas\/202203\/585940-tala-de-arboles-gobierno-caba.html\" target=\"_blank\" rel=\"noopener noreferrer\">se orden\u00f3 un pedido de informes al Ejecutivo local<\/a> para conocer el criterio que determin\u00f3 la tala de \u00e1rboles en la zona del Bajo como parte de las obras del Metrob\u00fas.<\/p>\n<p>El requerimiento se realiz\u00f3 en base a dos proyectos presentados por las legisladoras del Frente de Todos, Maia Daer y Laura Velasco, que buscan indagar sobre los motivos por los cuales se tom\u00f3 la decisi\u00f3n de talar y extraer los \u00e1rboles, as\u00ed como \u00abla cantidad de especies afectadas, si se prev\u00e9 plantar nuevos ejemplares en la zona y qu\u00e9 empresas estuvieron a cargo de los trabajos\u00bb.<\/p>\n<p>Por \u00faltimo, seg\u00fan denunciaron vecinos de la zona, en las \u00faltimas semanas<strong> unos 70 fresnos, jacarand\u00e1s, pl\u00e1tanos y eucaliptos, que acompa\u00f1aban la traza de la avenida Paseo Col\u00f3n<\/strong>, fueron talados por el Gobierno porte\u00f1o como parte de las obras del Metrob\u00fas. <\/p>\n","protected":false},"excerpt":{"rendered":"<p>Los vecinos denunciaron la gran cantidad de tala de \u00e1rboles en la Ciudad (Foto Osvaldo Fanton). La Defensor\u00eda del Pueblo de la Ciudad de Buenos Aires envi\u00f3 este lunes a la Comuna 1, a la Agencia de Protecci\u00f3n Ambiental y la Direcci\u00f3n General de Espacios Verdes del Gobierno de la Ciudad de Buenos Aires (CABA), [&hellip;]<\/p>\n","protected":false},"author":1,"featured_media":38447,"comment_status":"open","ping_status":"closed","sticky":false,"template":"","format":"standard","meta":[],"categories":[19],"tags":[],"_links":{"self":[{"href":"http:\/\/hoycordobaweb.com\/index.php\/wp-json\/wp\/v2\/posts\/38446"}],"collection":[{"href":"http:\/\/hoycordobaweb.com\/index.php\/wp-json\/wp\/v2\/posts"}],"about":[{"href":"http:\/\/hoycordobaweb.com\/index.php\/wp-json\/wp\/v2\/types\/post"}],"author":[{"embeddable":true,"href":"http:\/\/hoycordobaweb.com\/index.php\/wp-json\/wp\/v2\/users\/1"}],"replies":[{"embeddable":true,"href":"http:\/\/hoycordobaweb.com\/index.php\/wp-json\/wp\/v2\/comments?post=38446"}],"version-history":[{"count":0,"href":"http:\/\/hoycordobaweb.com\/index.php\/wp-json\/wp\/v2\/posts\/38446\/revisions"}],"wp:featuredmedia":[{"embeddable":true,"href":"http:\/\/hoycordobaweb.com\/index.php\/wp-json\/wp\/v2\/media\/38447"}],"wp:attachment":[{"href":"http:\/\/hoycordobaweb.com\/index.php\/wp-json\/wp\/v2\/media?parent=38446"}],"wp:term":[{"taxonomy":"category","embeddable":true,"href":"http:\/\/hoycordobaweb.com\/index.php\/wp-json\/wp\/v2\/categories?post=38446"},{"taxonomy":"post_tag","embeddable":true,"href":"http:\/\/hoycordobaweb.com\/index.php\/wp-json\/wp\/v2\/tags?post=38446"}],"curies":[{"name":"wp","href":"https:\/\/api.w.org\/{rel}","templated":true}]}}