{"id":38390,"date":"2022-03-13T20:30:54","date_gmt":"2022-03-13T20:30:54","guid":{"rendered":"https:\/\/www.trendencias.com\/shopping\/siete-botellas-vino-bodegas-nacionales-para-regalar-este-dia-padre"},"modified":"2022-03-13T20:30:54","modified_gmt":"2022-03-13T20:30:54","slug":"siete-botellas-de-vino-de-bodegas-nacionales-para-regalar-este-dia-del-padre","status":"publish","type":"post","link":"http:\/\/hoycordobaweb.com\/index.php\/2022\/03\/13\/siete-botellas-de-vino-de-bodegas-nacionales-para-regalar-este-dia-del-padre\/","title":{"rendered":"Siete botellas de vino de bodegas nacionales para regalar este d\u00eda del padre"},"content":{"rendered":"<p>Si <a href=\"https:\/\/www.trendencias.com\/shopping\/esa-cafetera-superautomatica-longhi-perfecta-para-regalar-a-padres-amantes-cafe-esta-casi-100-euros-barata\">el otro d\u00eda habl\u00e1bamos de c\u00f3mo regalar una cafetera este 19 de marzo<\/a> es la mejor opci\u00f3n para los padres que no pueden vivir sin caf\u00e9, <strong>si el nuestro es de los que disfruta catando vinos<\/strong>, \u00bfqu\u00e9 mejor regalo que una botella? El vino es algo que podr\u00e1n disfrutar tanto solos como con nuestra compa\u00f1\u00eda, as\u00ed que es un aciertos seguro.&nbsp;<\/p>\n<p><!-- BREAK 1 --><\/p>\n<div class=\"article-asset article-asset-normal article-asset-center\">\n<div class=\"desvio-container\">\n<div class=\"desvio\">\n<div class=\"desvio-figure js-desvio-figure\"> <a href=\"https:\/\/www.trendencias.com\/gourmet\/ruta-bodegas-espana-para-pasar-fines-semana-manera-diferente-necesidad-viajar-al-extranjero\"> <img alt=\"Una ruta por seis bodegas de Espa\u00f1a para pasar los fines de semana de manera diferente (y sin necesidad de viajar al extranjero)\" src=\"http:\/\/hoycordobaweb.com\/wp-content\/uploads\/2022\/03\/siete-botellas-de-vino-de-bodegas-nacionales-para-regalar-este-dia-del-padre.jpg\"> <\/a> <\/div><\/div><\/div>\n<\/div>\n<p>Por eso hemos querido hacer una selecci\u00f3n de <strong>n vinos de bodegas nacionales que ser\u00e1n un muy buen regalo en este d\u00eda del padre<\/strong>, viajando desde los famosos vi\u00f1edos de Ribera del Duero hasta otros m\u00e1s al norte en tierras gallegas:<\/p>\n<p><!-- BREAK 2 --> <\/p>\n<h2>Vinos tintos<\/h2>\n<div class=\"article-asset-image article-asset-normal article-asset-center\">\n<div class=\"asset-content\">\n<div class=\"base-wrapper-image\"> <img class=\"sf-lazy centro_sinmarco\" data-sf-srcset=\"http:\/\/hoycordobaweb.com\/wp-content\/uploads\/2022\/03\/siete-botellas-de-vino-de-bodegas-nacionales-para-regalar-este-dia-del-padre-1.jpg 450w, http:\/\/hoycordobaweb.com\/wp-content\/uploads\/2022\/03\/siete-botellas-de-vino-de-bodegas-nacionales-para-regalar-este-dia-del-padre-18.jpg 681w,http:\/\/hoycordobaweb.com\/wp-content\/uploads\/2022\/03\/siete-botellas-de-vino-de-bodegas-nacionales-para-regalar-este-dia-del-padre-19.jpg 1024w, http:\/\/hoycordobaweb.com\/wp-content\/uploads\/2022\/03\/siete-botellas-de-vino-de-bodegas-nacionales-para-regalar-este-dia-del-padre-20.jpg 1366w,\" data-sf-src=\"http:\/\/hoycordobaweb.com\/wp-content\/uploads\/2022\/03\/siete-botellas-de-vino-de-bodegas-nacionales-para-regalar-este-dia-del-padre-1.jpg\" alt=\"Vino Tinto\"> <noscript><img alt=\"Vino Tinto\" class=\"centro_sinmarco\" src=\"http:\/\/hoycordobaweb.com\/wp-content\/uploads\/2022\/03\/siete-botellas-de-vino-de-bodegas-nacionales-para-regalar-este-dia-del-padre-1.jpg\"><\/noscript> <\/div><\/div>\n<\/div>\n<div class=\"article-asset-image article-asset-normal article-asset-center\">\n<div class=\"asset-content\">\n<div class=\"base-wrapper-image\"> <img class=\"sf-lazy centro_sinmarco\" data-sf-srcset=\"http:\/\/hoycordobaweb.com\/wp-content\/uploads\/2022\/03\/siete-botellas-de-vino-de-bodegas-nacionales-para-regalar-este-dia-del-padre-2.jpg 450w, http:\/\/hoycordobaweb.com\/wp-content\/uploads\/2022\/03\/siete-botellas-de-vino-de-bodegas-nacionales-para-regalar-este-dia-del-padre-21.jpg 681w,http:\/\/hoycordobaweb.com\/wp-content\/uploads\/2022\/03\/siete-botellas-de-vino-de-bodegas-nacionales-para-regalar-este-dia-del-padre-22.jpg 1024w, http:\/\/hoycordobaweb.com\/wp-content\/uploads\/2022\/03\/siete-botellas-de-vino-de-bodegas-nacionales-para-regalar-este-dia-del-padre-23.jpg 1366w,\" data-sf-src=\"http:\/\/hoycordobaweb.com\/wp-content\/uploads\/2022\/03\/siete-botellas-de-vino-de-bodegas-nacionales-para-regalar-este-dia-del-padre-2.jpg\" alt=\"Leda Vinas Viejas 2018\"> <noscript><img alt=\"Leda Vinas Viejas 2018\" class=\"centro_sinmarco\" src=\"http:\/\/hoycordobaweb.com\/wp-content\/uploads\/2022\/03\/siete-botellas-de-vino-de-bodegas-nacionales-para-regalar-este-dia-del-padre-2.jpg\"><\/noscript> <\/div><\/div>\n<\/div>\n<p>En primer lugar viajamos hasta <strong>Valladolid<\/strong> para llegar a las <strong>bodegas Leda<\/strong>, perteneciente al grupo vitivin\u00edcola Masaveu Bodegas, con este vino tinto envejecido 23 meses en barricas de roble franc\u00e9s y americano por <a href=\"https:\/\/www.trendencias.com\/redirect?url=https%3A%2F%2Fwww.bodeboca.com%2Fvino%2Fmas-leda-2018&amp;category=shopping\">12,90 euros<\/a>.&nbsp;<\/p>\n<p><!-- BREAK 3 --><!-- PIVOT START --><\/p>\n<div class=\"pivot-ecommerce-container\">\n<div class=\"pivot-ecommerce\">\n<div class=\"pivot-ecommerce-figure\"> <img alt=\"Leda Vi\u00f1as Viejas 2018\" src=\"http:\/\/hoycordobaweb.com\/wp-content\/uploads\/2022\/03\/siete-botellas-de-vino-de-bodegas-nacionales-para-regalar-este-dia-del-padre-3.jpg\"> <\/div>\n<div class=\"pivot-ecommerce-summary\">\n<p class=\"pivot-ecommerce-desc\">Leda Vi\u00f1as Viejas 2018<\/p>\n<\/p><\/div><\/div>\n<\/div>\n<p><!-- PIVOT END --><\/p>\n<div class=\"article-asset-image article-asset-normal article-asset-center\">\n<div class=\"asset-content\">\n<div class=\"base-wrapper-image\"> <img class=\"sf-lazy centro_sinmarco\" data-sf-srcset=\"http:\/\/hoycordobaweb.com\/wp-content\/uploads\/2022\/03\/siete-botellas-de-vino-de-bodegas-nacionales-para-regalar-este-dia-del-padre-4.jpg 450w, http:\/\/hoycordobaweb.com\/wp-content\/uploads\/2022\/03\/siete-botellas-de-vino-de-bodegas-nacionales-para-regalar-este-dia-del-padre-24.jpg 681w,http:\/\/hoycordobaweb.com\/wp-content\/uploads\/2022\/03\/siete-botellas-de-vino-de-bodegas-nacionales-para-regalar-este-dia-del-padre-25.jpg 1024w, http:\/\/hoycordobaweb.com\/wp-content\/uploads\/2022\/03\/siete-botellas-de-vino-de-bodegas-nacionales-para-regalar-este-dia-del-padre-26.jpg 1366w,\" data-sf-src=\"http:\/\/hoycordobaweb.com\/wp-content\/uploads\/2022\/03\/siete-botellas-de-vino-de-bodegas-nacionales-para-regalar-este-dia-del-padre-4.jpg\" alt=\"Habla 28\"> <noscript><img alt=\"Habla 28\" class=\"centro_sinmarco\" src=\"http:\/\/hoycordobaweb.com\/wp-content\/uploads\/2022\/03\/siete-botellas-de-vino-de-bodegas-nacionales-para-regalar-este-dia-del-padre-4.jpg\"><\/noscript> <\/div><\/div>\n<\/div>\n<p>Traslad\u00e1ndonos a <strong>Extremadura<\/strong> nos encontramos con las <strong>bodegas Habla<\/strong> y sus vinos limitados de colecci\u00f3n, quienes producidos por primera vez en 2007 son ya una de sus mayores se\u00f1as de identidad. Este Habla N\u00ba28 en concreto, monovarietal de Tempranillo, fue <strong>premiado el pasado 2021 por la LWC (London Wine Competition) como Mejor Vino Espa\u00f1ol<\/strong>. <a href=\"https:\/\/www.trendencias.com\/redirect?url=https%3A%2F%2Fwww.elcorteingles.es%2Fclub-del-gourmet%2FA10113540-vino-tinto-ecologico-habla-2019-n-28-extremadura%2F&amp;category=shopping\">25 euros<\/a>.&nbsp;<\/p>\n<p><!-- BREAK 4 --><!-- PIVOT START --><\/p>\n<div class=\"pivot-ecommerce-container\">\n<div class=\"pivot-ecommerce\" readability=\"3.3333333333333\">\n<div class=\"pivot-ecommerce-figure\"> <img alt=\"Vino tinto ecol\u00f3gico Habla 2019 N\u00ba 28\" src=\"http:\/\/hoycordobaweb.com\/wp-content\/uploads\/2022\/03\/siete-botellas-de-vino-de-bodegas-nacionales-para-regalar-este-dia-del-padre-5.jpg\"> <\/div>\n<div class=\"pivot-ecommerce-summary\" readability=\"3.8888888888889\">\n<p class=\"pivot-ecommerce-desc\">Vino tinto ecol\u00f3gico Habla 2019 N\u00ba 28<\/p>\n<\/p><\/div><\/div>\n<\/div>\n<p><!-- PIVOT END --><\/p>\n<div class=\"article-asset-image article-asset-normal article-asset-center\">\n<div class=\"asset-content\">\n<div class=\"base-wrapper-image\"> <img class=\"sf-lazy centro_sinmarco\" data-sf-srcset=\"http:\/\/hoycordobaweb.com\/wp-content\/uploads\/2022\/03\/siete-botellas-de-vino-de-bodegas-nacionales-para-regalar-este-dia-del-padre-6.jpg 450w, http:\/\/hoycordobaweb.com\/wp-content\/uploads\/2022\/03\/siete-botellas-de-vino-de-bodegas-nacionales-para-regalar-este-dia-del-padre-27.jpg 681w,http:\/\/hoycordobaweb.com\/wp-content\/uploads\/2022\/03\/siete-botellas-de-vino-de-bodegas-nacionales-para-regalar-este-dia-del-padre-28.jpg 1024w, http:\/\/hoycordobaweb.com\/wp-content\/uploads\/2022\/03\/siete-botellas-de-vino-de-bodegas-nacionales-para-regalar-este-dia-del-padre-29.jpg 1366w,\" data-sf-src=\"http:\/\/hoycordobaweb.com\/wp-content\/uploads\/2022\/03\/siete-botellas-de-vino-de-bodegas-nacionales-para-regalar-este-dia-del-padre-6.jpg\" alt=\"Tintilla Nude 2020 Igp Cadiz\"> <noscript><img alt=\"Tintilla Nude 2020 Igp Cadiz\" class=\"centro_sinmarco\" src=\"http:\/\/hoycordobaweb.com\/wp-content\/uploads\/2022\/03\/siete-botellas-de-vino-de-bodegas-nacionales-para-regalar-este-dia-del-padre-6.jpg\"><\/noscript> <\/div><\/div>\n<\/div>\n<p>Cambiando totalmente de tercio en la geograf\u00eda espa\u00f1ola tenemos este <strong>Tintilla Nude<\/strong>, un vino tinto de <strong>C\u00e1diz<\/strong> de las <strong>Bodegas Barbadillo. <\/strong>La muestra perfecta de que no todos los vinos gaditanos han de ser jereces o blancos. <a href=\"https:\/\/www.trendencias.com\/redirect?url=https%3A%2F%2Fwww.bodeboca.com%2Fvino%2Ftintilla-nude-2020&amp;category=shopping\">14 euros<\/a>.&nbsp;<\/p>\n<p><!-- BREAK 5 --><!-- PIVOT START --><\/p>\n<div class=\"pivot-ecommerce-container\">\n<div class=\"pivot-ecommerce\">\n<div class=\"pivot-ecommerce-figure\"> <img alt=\"Tintilla Nude 2020\" src=\"http:\/\/hoycordobaweb.com\/wp-content\/uploads\/2022\/03\/siete-botellas-de-vino-de-bodegas-nacionales-para-regalar-este-dia-del-padre-7.jpg\"> <\/div>\n<div class=\"pivot-ecommerce-summary\">\n<p class=\"pivot-ecommerce-desc\">Tintilla Nude 2020<\/p>\n<\/p><\/div><\/div>\n<\/div>\n<p><!-- PIVOT END --><\/p>\n<div class=\"article-asset-image article-asset-normal article-asset-center\">\n<div class=\"asset-content\">\n<div class=\"base-wrapper-image\"> <img class=\"sf-lazy centro_sinmarco\" data-sf-srcset=\"http:\/\/hoycordobaweb.com\/wp-content\/uploads\/2022\/03\/siete-botellas-de-vino-de-bodegas-nacionales-para-regalar-este-dia-del-padre-8.jpg 450w, http:\/\/hoycordobaweb.com\/wp-content\/uploads\/2022\/03\/siete-botellas-de-vino-de-bodegas-nacionales-para-regalar-este-dia-del-padre-30.jpg 681w,http:\/\/hoycordobaweb.com\/wp-content\/uploads\/2022\/03\/siete-botellas-de-vino-de-bodegas-nacionales-para-regalar-este-dia-del-padre-31.jpg 1024w, http:\/\/hoycordobaweb.com\/wp-content\/uploads\/2022\/03\/siete-botellas-de-vino-de-bodegas-nacionales-para-regalar-este-dia-del-padre-32.jpg 1366w,\" data-sf-src=\"http:\/\/hoycordobaweb.com\/wp-content\/uploads\/2022\/03\/siete-botellas-de-vino-de-bodegas-nacionales-para-regalar-este-dia-del-padre-8.jpg\" alt=\"Tamaral\"> <noscript><img alt=\"Tamaral\" class=\"centro_sinmarco\" src=\"http:\/\/hoycordobaweb.com\/wp-content\/uploads\/2022\/03\/siete-botellas-de-vino-de-bodegas-nacionales-para-regalar-este-dia-del-padre-8.jpg\"><\/noscript> <\/div><\/div>\n<\/div>\n<p>Como \u00faltimo vino tinto tenemos este <strong>Roble<\/strong> de bodegas <strong>Tamaral<\/strong>. Un tempranillo de 2019 directo de Ribera del Duero. <a href=\"https:\/\/www.trendencias.com\/redirect?url=https%3A%2F%2Fwww.amazon.es%2FTamaral-Roble-2019%2Fdp%2FB09HTTXYCJ&amp;category=shopping\">12,50 euros<\/a>.<\/p>\n<p><!-- BREAK 6 --><!-- PIVOT START --><\/p>\n<div class=\"pivot-ecommerce-container\">\n<div class=\"pivot-ecommerce\">\n<div class=\"pivot-ecommerce-figure\"> <img alt=\"Tamaral Roble 2019\" src=\"http:\/\/hoycordobaweb.com\/wp-content\/uploads\/2022\/03\/siete-botellas-de-vino-de-bodegas-nacionales-para-regalar-este-dia-del-padre-9.jpg\"> <\/div>\n<div class=\"pivot-ecommerce-summary\">\n<p class=\"pivot-ecommerce-desc\">Tamaral Roble 2019<\/p>\n<\/p><\/div><\/div>\n<\/div>\n<p><!-- PIVOT END --><\/p>\n<h2>Vinos blancos<\/h2>\n<div class=\"article-asset-image article-asset-normal article-asset-center\">\n<div class=\"asset-content\">\n<div class=\"base-wrapper-image\"> <img class=\"sf-lazy centro_sinmarco\" data-sf-srcset=\"http:\/\/hoycordobaweb.com\/wp-content\/uploads\/2022\/03\/siete-botellas-de-vino-de-bodegas-nacionales-para-regalar-este-dia-del-padre-10.jpg 450w, http:\/\/hoycordobaweb.com\/wp-content\/uploads\/2022\/03\/siete-botellas-de-vino-de-bodegas-nacionales-para-regalar-este-dia-del-padre-33.jpg 681w,http:\/\/hoycordobaweb.com\/wp-content\/uploads\/2022\/03\/siete-botellas-de-vino-de-bodegas-nacionales-para-regalar-este-dia-del-padre-34.jpg 1024w, http:\/\/hoycordobaweb.com\/wp-content\/uploads\/2022\/03\/siete-botellas-de-vino-de-bodegas-nacionales-para-regalar-este-dia-del-padre-35.jpg 1366w,\" data-sf-src=\"http:\/\/hoycordobaweb.com\/wp-content\/uploads\/2022\/03\/siete-botellas-de-vino-de-bodegas-nacionales-para-regalar-este-dia-del-padre-10.jpg\" alt=\"Vino Blanco Vertical\"> <noscript><img alt=\"Vino Blanco Vertical\" class=\"centro_sinmarco\" src=\"http:\/\/hoycordobaweb.com\/wp-content\/uploads\/2022\/03\/siete-botellas-de-vino-de-bodegas-nacionales-para-regalar-este-dia-del-padre-10.jpg\"><\/noscript> <\/div><\/div>\n<\/div>\n<div class=\"article-asset-image article-asset-normal article-asset-center\">\n<div class=\"asset-content\">\n<div class=\"base-wrapper-image\"> <img class=\"sf-lazy centro_sinmarco\" data-sf-srcset=\"http:\/\/hoycordobaweb.com\/wp-content\/uploads\/2022\/03\/siete-botellas-de-vino-de-bodegas-nacionales-para-regalar-este-dia-del-padre-11.jpg 450w, http:\/\/hoycordobaweb.com\/wp-content\/uploads\/2022\/03\/siete-botellas-de-vino-de-bodegas-nacionales-para-regalar-este-dia-del-padre-36.jpg 681w,http:\/\/hoycordobaweb.com\/wp-content\/uploads\/2022\/03\/siete-botellas-de-vino-de-bodegas-nacionales-para-regalar-este-dia-del-padre-37.jpg 1024w, http:\/\/hoycordobaweb.com\/wp-content\/uploads\/2022\/03\/siete-botellas-de-vino-de-bodegas-nacionales-para-regalar-este-dia-del-padre-38.jpg 1366w,\" data-sf-src=\"http:\/\/hoycordobaweb.com\/wp-content\/uploads\/2022\/03\/siete-botellas-de-vino-de-bodegas-nacionales-para-regalar-este-dia-del-padre-11.jpg\" alt=\"Vina Mein 2018 1\"> <noscript><img alt=\"Vina Mein 2018 1\" class=\"centro_sinmarco\" src=\"http:\/\/hoycordobaweb.com\/wp-content\/uploads\/2022\/03\/siete-botellas-de-vino-de-bodegas-nacionales-para-regalar-este-dia-del-padre-11.jpg\"><\/noscript> <\/div><\/div>\n<\/div>\n<p>Como propuesta <strong>gallega<\/strong> de vino blanco tenemos este <strong>Alma Carraovejas de 2018<\/strong>, un ribeiro que es el vino emblema de <strong>Vi\u00f1a Me\u00edn<\/strong>. <a href=\"https:\/\/www.trendencias.com\/redirect?url=https%3A%2F%2Fwww.bodeboca.com%2Fvino%2Fvina-mein-2018&amp;category=shopping\">15,90 euros<\/a>.&nbsp;<\/p>\n<p><!-- BREAK 7 --><!-- PIVOT START --><\/p>\n<div class=\"pivot-ecommerce-container\">\n<div class=\"pivot-ecommerce\">\n<div class=\"pivot-ecommerce-figure\"> <img alt=\"Vi\u00f1a Me\u00edn 2018\" src=\"http:\/\/hoycordobaweb.com\/wp-content\/uploads\/2022\/03\/siete-botellas-de-vino-de-bodegas-nacionales-para-regalar-este-dia-del-padre-12.jpg\"> <\/div>\n<div class=\"pivot-ecommerce-summary\">\n<p class=\"pivot-ecommerce-desc\">Vi\u00f1a Me\u00edn 2018<\/p>\n<\/p><\/div><\/div>\n<\/div>\n<p><!-- PIVOT END --><\/p>\n<div class=\"article-asset-image article-asset-normal article-asset-center\">\n<div class=\"asset-content\">\n<div class=\"base-wrapper-image\"> <img class=\"sf-lazy centro_sinmarco\" data-sf-srcset=\"http:\/\/hoycordobaweb.com\/wp-content\/uploads\/2022\/03\/siete-botellas-de-vino-de-bodegas-nacionales-para-regalar-este-dia-del-padre-13.jpg 450w, http:\/\/hoycordobaweb.com\/wp-content\/uploads\/2022\/03\/siete-botellas-de-vino-de-bodegas-nacionales-para-regalar-este-dia-del-padre-39.jpg 681w,http:\/\/hoycordobaweb.com\/wp-content\/uploads\/2022\/03\/siete-botellas-de-vino-de-bodegas-nacionales-para-regalar-este-dia-del-padre-40.jpg 1024w, http:\/\/hoycordobaweb.com\/wp-content\/uploads\/2022\/03\/siete-botellas-de-vino-de-bodegas-nacionales-para-regalar-este-dia-del-padre-41.jpg 1366w,\" data-sf-src=\"http:\/\/hoycordobaweb.com\/wp-content\/uploads\/2022\/03\/siete-botellas-de-vino-de-bodegas-nacionales-para-regalar-este-dia-del-padre-13.jpg\" alt=\"Monticara 2018 1\"> <noscript><img alt=\"Monticara 2018 1\" class=\"centro_sinmarco\" src=\"http:\/\/hoycordobaweb.com\/wp-content\/uploads\/2022\/03\/siete-botellas-de-vino-de-bodegas-nacionales-para-regalar-este-dia-del-padre-13.jpg\"><\/noscript> <\/div><\/div>\n<\/div>\n<p>Desde tierras andaluzas, m\u00e1s concretamente desde la sierra de <strong>M\u00e1laga<\/strong>, tenemos este <strong>Monticara<\/strong> de 2018. Un vino blanco fermentado con mucho volumen, cuerpo y estructura de las bodegas <strong>Victoria Ordo\u00f1ez<\/strong>. <a href=\"https:\/\/www.trendencias.com\/redirect?url=https%3A%2F%2Fwww.bodeboca.com%2Fvino%2Fmonticara-2018&amp;category=shopping\">28 euros<\/a>.<\/p>\n<p><!-- BREAK 8 --><!-- PIVOT START --><\/p>\n<div class=\"pivot-ecommerce-container\">\n<div class=\"pivot-ecommerce\">\n<div class=\"pivot-ecommerce-figure\"> <img alt=\"Monticara 2018\" src=\"http:\/\/hoycordobaweb.com\/wp-content\/uploads\/2022\/03\/siete-botellas-de-vino-de-bodegas-nacionales-para-regalar-este-dia-del-padre-14.jpg\"> <\/div>\n<div class=\"pivot-ecommerce-summary\">\n<p class=\"pivot-ecommerce-desc\">Monticara 2018<\/p>\n<\/p><\/div><\/div>\n<\/div>\n<p><!-- PIVOT END --><\/p>\n<div class=\"article-asset-image article-asset-normal article-asset-center\">\n<div class=\"asset-content\">\n<div class=\"base-wrapper-image\"> <img class=\"sf-lazy centro_sinmarco\" data-sf-srcset=\"http:\/\/hoycordobaweb.com\/wp-content\/uploads\/2022\/03\/siete-botellas-de-vino-de-bodegas-nacionales-para-regalar-este-dia-del-padre-15.jpg 450w, http:\/\/hoycordobaweb.com\/wp-content\/uploads\/2022\/03\/siete-botellas-de-vino-de-bodegas-nacionales-para-regalar-este-dia-del-padre-42.jpg 681w,http:\/\/hoycordobaweb.com\/wp-content\/uploads\/2022\/03\/siete-botellas-de-vino-de-bodegas-nacionales-para-regalar-este-dia-del-padre-43.jpg 1024w, http:\/\/hoycordobaweb.com\/wp-content\/uploads\/2022\/03\/siete-botellas-de-vino-de-bodegas-nacionales-para-regalar-este-dia-del-padre-44.jpg 1366w,\" data-sf-src=\"http:\/\/hoycordobaweb.com\/wp-content\/uploads\/2022\/03\/siete-botellas-de-vino-de-bodegas-nacionales-para-regalar-este-dia-del-padre-15.jpg\" alt=\"Amos Baneres Hey 2020\"> <noscript><img alt=\"Amos Baneres Hey 2020\" class=\"centro_sinmarco\" src=\"http:\/\/hoycordobaweb.com\/wp-content\/uploads\/2022\/03\/siete-botellas-de-vino-de-bodegas-nacionales-para-regalar-este-dia-del-padre-15.jpg\"><\/noscript> <\/div><\/div>\n<\/div>\n<p>Por \u00faltimo desde <strong>Pened\u00e8s<\/strong>, Catalu\u00f1a, tenemos este Hey de <strong>bodegas Celler Vinya Oculta<\/strong>. Un vino blanco con notas frutales de manzana y melocot\u00f3n que son una gran forma de beber esta variedad. <a href=\"https:\/\/www.vinissimus.com\/es\/vino\/amos-baneres-hey\/\">12,95 euros<\/a>.<\/p>\n<p><!-- BREAK 9 --><!-- PIVOT START --><\/p>\n<div class=\"pivot-ecommerce-container\">\n<div class=\"pivot-ecommerce\">\n<div class=\"pivot-ecommerce-figure\"> <img alt=\"Am\u00f3s Ba\u00f1eres Hey! 2020\" src=\"http:\/\/hoycordobaweb.com\/wp-content\/uploads\/2022\/03\/siete-botellas-de-vino-de-bodegas-nacionales-para-regalar-este-dia-del-padre-16.jpg\"> <\/div>\n<div class=\"pivot-ecommerce-summary\">\n<p class=\"pivot-ecommerce-desc\">Am\u00f3s Ba\u00f1eres Hey! 2020<\/p>\n<\/p><\/div><\/div>\n<\/div>\n<p><!-- PIVOT END --><\/p>\n<h2>Otras ofertas interesantes<\/h2>\n<div class=\"article-asset-image article-asset-small article-asset-center\">\n<div class=\"asset-content\">\n<div class=\"base-wrapper-image\"> <a href=\"https:\/\/t.me\/trendenciasshopping\"> <img class=\"sf-lazy centro_sinmarco\" data-sf-srcset=\"http:\/\/hoycordobaweb.com\/wp-content\/uploads\/2022\/03\/siete-botellas-de-vino-de-bodegas-nacionales-para-regalar-este-dia-del-padre.png 450w, http:\/\/hoycordobaweb.com\/wp-content\/uploads\/2022\/03\/siete-botellas-de-vino-de-bodegas-nacionales-para-regalar-este-dia-del-padre.png 681w,http:\/\/hoycordobaweb.com\/wp-content\/uploads\/2022\/03\/siete-botellas-de-vino-de-bodegas-nacionales-para-regalar-este-dia-del-padre.png 1024w, http:\/\/hoycordobaweb.com\/wp-content\/uploads\/2022\/03\/siete-botellas-de-vino-de-bodegas-nacionales-para-regalar-este-dia-del-padre.png 1366w,\" data-sf-src=\"http:\/\/hoycordobaweb.com\/wp-content\/uploads\/2022\/03\/siete-botellas-de-vino-de-bodegas-nacionales-para-regalar-este-dia-del-padre.png\" alt=\"Trendencias Telegram\"> <noscript><img alt=\"Trendencias Telegram\" class=\"centro_sinmarco\" src=\"http:\/\/hoycordobaweb.com\/wp-content\/uploads\/2022\/03\/siete-botellas-de-vino-de-bodegas-nacionales-para-regalar-este-dia-del-padre.png\"><\/noscript> <\/a> <\/div><\/div>\n<\/div>\n<p><em>Puedes estar al d\u00eda y en cada momento informado de las &nbsp;principales ofertas y novedades de Trendencias Shopping en nuestro canal &nbsp;de <\/em><a href=\"https:\/\/t.me\/s\/trendenciasshopping\" rel=\"noopener noreferrer\" data-id=\"noopener noreferrer\"><em>Telegram<\/em><\/a><em> o en nuestros perfiles de <\/em><a href=\"https:\/\/www.instagram.com\/trendencias\/\" rel=\"noopener noreferrer\" data-id=\"noopener noreferrer\"><em>Instagram<\/em><\/a><em>, <\/em><a href=\"https:\/\/www.facebook.com\/Trendencias\/\" rel=\"noopener noreferrer\" data-id=\"noopener noreferrer\"><em>Facebook<\/em><\/a><em> y la revista <\/em><a href=\"https:\/\/flipboard.com\/@Trendencias\" rel=\"noopener noreferrer\" data-id=\"noopener noreferrer\"><em>Flipboard<\/em><\/a><em>.<\/em><\/p>\n<p><!-- BREAK 10 --><\/p>\n<p><em>Nota: algunos de los enlaces aqu\u00ed publicados son de afiliados. A &nbsp;pesar de ello, ninguno de los art\u00edculos mencionados han sido propuestos &nbsp;ni por las marcas ni por las tiendas, siendo su introducci\u00f3n una &nbsp;decisi\u00f3n \u00fanica del equipo de editores.<\/em><\/p>\n<p><!-- BREAK 11 --><\/p>\n<p>Fotograf\u00eda de portada | @<\/p>\n<p>Fotos | @<\/p>\n","protected":false},"excerpt":{"rendered":"<p>Si el otro d\u00eda habl\u00e1bamos de c\u00f3mo regalar una cafetera este 19 de marzo es la mejor opci\u00f3n para los padres que no pueden vivir sin caf\u00e9, si el nuestro es de los que disfruta catando vinos, \u00bfqu\u00e9 mejor regalo que una botella? El vino es algo que podr\u00e1n disfrutar tanto solos como con nuestra [&hellip;]<\/p>\n","protected":false},"author":1,"featured_media":38391,"comment_status":"closed","ping_status":"closed","sticky":false,"template":"","format":"standard","meta":[],"categories":[1],"tags":[],"_links":{"self":[{"href":"http:\/\/hoycordobaweb.com\/index.php\/wp-json\/wp\/v2\/posts\/38390"}],"collection":[{"href":"http:\/\/hoycordobaweb.com\/index.php\/wp-json\/wp\/v2\/posts"}],"about":[{"href":"http:\/\/hoycordobaweb.com\/index.php\/wp-json\/wp\/v2\/types\/post"}],"author":[{"embeddable":true,"href":"http:\/\/hoycordobaweb.com\/index.php\/wp-json\/wp\/v2\/users\/1"}],"replies":[{"embeddable":true,"href":"http:\/\/hoycordobaweb.com\/index.php\/wp-json\/wp\/v2\/comments?post=38390"}],"version-history":[{"count":0,"href":"http:\/\/hoycordobaweb.com\/index.php\/wp-json\/wp\/v2\/posts\/38390\/revisions"}],"wp:featuredmedia":[{"embeddable":true,"href":"http:\/\/hoycordobaweb.com\/index.php\/wp-json\/wp\/v2\/media\/38391"}],"wp:attachment":[{"href":"http:\/\/hoycordobaweb.com\/index.php\/wp-json\/wp\/v2\/media?parent=38390"}],"wp:term":[{"taxonomy":"category","embeddable":true,"href":"http:\/\/hoycordobaweb.com\/index.php\/wp-json\/wp\/v2\/categories?post=38390"},{"taxonomy":"post_tag","embeddable":true,"href":"http:\/\/hoycordobaweb.com\/index.php\/wp-json\/wp\/v2\/tags?post=38390"}],"curies":[{"name":"wp","href":"https:\/\/api.w.org\/{rel}","templated":true}]}}