{"id":38345,"date":"2022-03-13T02:07:00","date_gmt":"2022-03-13T02:07:00","guid":{"rendered":"http:\/\/hoycordobaweb.com\/index.php\/2022\/03\/13\/con-la-presencia-de-maximo-kirchner-se-reunio-la-rama-femenina-del-pj-bonaerense\/"},"modified":"2022-03-13T02:07:00","modified_gmt":"2022-03-13T02:07:00","slug":"con-la-presencia-de-maximo-kirchner-se-reunio-la-rama-femenina-del-pj-bonaerense","status":"publish","type":"post","link":"http:\/\/hoycordobaweb.com\/index.php\/2022\/03\/13\/con-la-presencia-de-maximo-kirchner-se-reunio-la-rama-femenina-del-pj-bonaerense\/","title":{"rendered":"Con la presencia de M\u00e1ximo Kirchner, se reuni\u00f3 la Rama Femenina del PJ bonaerense"},"content":{"rendered":"<p><img src=\"http:\/\/hoycordobaweb.com\/wp-content\/uploads\/2022\/03\/con-la-presencia-de-maximo-kirchner-se-reunio-la-rama-femenina-del-pj-bonaerense.jpg\"><\/p>\n<figure class=\"mb-3\"><img loading=\"lazy\" src=\"http:\/\/hoycordobaweb.com\/wp-content\/uploads\/2022\/03\/con-la-presencia-de-maximo-kirchner-se-reunio-la-rama-femenina-del-pj-bonaerense-2.jpg\" width=\"100%\" height=\"100%\" alt=\"Encuentro mujeres PJ Veronica Magario Maximo Kirchner Foto TWmagariovero\"><figcaption> Encuentro mujeres PJ Veronica Magario Maximo Kirchner (Foto TW@magariovero) <\/figcaption><\/figure>\n<p>M\u00e1s de 500 mujeres del Partido Justicialista bonaerense participaron el s\u00e1bado del primer Encuentro de la Rama Femenina que se desarroll\u00f3 en la hist\u00f3rica Quinta de San Vicente, donde estuvo presente el diputado nacional M\u00e1ximo Kirchner, titular de ese espacio pol\u00edtico.<\/p>\n<p>La convocatoria incluy\u00f3 a congresalas, consejeras, secretarias, funcionarias, intendentas y senadoras.<\/p>\n<p>Entre otras participaron la vicegobernadora y vicepresidenta del PJ provincial, Ver\u00f3nica Magario; la senadora nacional Juliana Di Tullio; la presidenta del bloque de senadores de la provincia de Buenos Aires, Teresa Garc\u00eda; la diputada nacional y secretaria general de la Federaci\u00f3n de Sindicatos de Trabajadores Judiciales, Vanesa Siley; las intendentas de Quilmes, Mayra Mendoza; de Merlo, Karina Men\u00e9ndez; de Moreno, Mariel Fern\u00e1ndez; de Ca\u00f1uelas, Marisa Fassi: y de Carlos Tejedor, Mar\u00eda Celia Gianini; adem\u00e1s de la la consejera de la Juventud del PJ bonaerense, Amira Curi.<\/p>\n<p>Por su parte, M\u00e1ximo Kirchner se reuni\u00f3 con las autoridades partidarias que integran la rama femenina y luego recorri\u00f3 las comisiones en las que se analiz\u00f3 \u00abla relevancia del rol de la mujer a lo largo de la historia y en el peronismo\u00bb, indicaron voceros de esa fuerza pol\u00edtica.<\/p>\n<p>Durante la jornada, que cont\u00f3 con una feria de emprendedoras, se homenaje\u00f3 a quien fuera la directora Ejecutiva del Organismo Provincial de Ni\u00f1ez y Adolescencia (OPNyA), Andrea Balleto, recientemente fallecida, y, adem\u00e1s, se repudi\u00f3 el ataque al despacho de la vicepresidenta Cristina Fern\u00e1ndez de Kirchner en el Congreso de la Naci\u00f3n.<\/p>\n<figure class=\"mb-3\"><img loading=\"lazy\" src=\"http:\/\/hoycordobaweb.com\/wp-content\/uploads\/2022\/03\/con-la-presencia-de-maximo-kirchner-se-reunio-la-rama-femenina-del-pj-bonaerense-3.jpg\" width=\"100%\" height=\"100%\" alt=\"Encuentro mujeres PJ Veronica Magario Maximo Kirchner Foto TWmagariovero\"><figcaption> Encuentro mujeres PJ Veronica Magario Maximo Kirchner (Foto TW@magariovero) <\/figcaption><\/figure>\n<p>\u201cQueremos convocarlas a todas a reconstruir esta historia\u201d, se\u00f1al\u00f3 Magario al cierre del acto y agreg\u00f3: \u201cEs nuestro tiempo; las mujeres vamos a ser la voz del pueblo argentino para la recuperaci\u00f3n de nuestros derechos\u201d.<\/p>\n<p>En un comunicado, se indic\u00f3 que las conclusiones del encuentro apuntaron a marcar la preocupaci\u00f3n por la deuda contra\u00edda por el expresidente Mauricio Macri y la exgobernadora bonaerense Mar\u00eda Eugenia Vidal, y apelaron a la necesidad de \u201ctrabajar y militar sin descanso para revertir la dif\u00edcil situaci\u00f3n econ\u00f3mica que dej\u00f3 el gobierno de Cambiemos y que se profundiz\u00f3 con la pandemia de coronavirus\u00bb.<\/p>\n<p>Adem\u00e1s, se indica que se resolvi\u00f3 que para el 24 de Marzo, en el d\u00eda de la Memoria, La verdad y la Justicia, se realizar\u00e1 una gran movilizaci\u00f3n en homenaje \u201ca las compa\u00f1eras y compa\u00f1eros desaparecidos; los sobrevivientes del terrorismo de Estado y los nietos que a\u00fan son buscados incansablemente\u201d.<\/p>\n<blockquote class=\"twitter-tweet\" readability=\"7.2152974504249\">\n<p lang=\"es\" dir=\"ltr\">Junto con m\u00e1s de 1.100 mujeres de los 135 municipios y de todos los sectores del peronismo, participamos del 1\u00b0 Encuentro de la <a href=\"https:\/\/twitter.com\/hashtag\/RamaFemenina2022?src=hash&amp;ref_src=twsrc%5Etfw\">#RamaFemenina2022<\/a> del <a href=\"https:\/\/twitter.com\/BonaerensePJ?ref_src=twsrc%5Etfw\">@BonaerensePJ<\/a>. Intercambiamos y reflexionamos para que unidas y organizadas sigamos construyendo la Provincia que queremos. <a href=\"https:\/\/t.co\/GgyOQtsABj\">pic.twitter.com\/GgyOQtsABj<\/a><\/p>\n<p>\u2014 Ver\u00f3nica Magario (@magariovero) <a href=\"https:\/\/twitter.com\/magariovero\/status\/1502823796847230980?ref_src=twsrc%5Etfw\">March 13, 2022<\/a><\/p><\/blockquote>\n","protected":false},"excerpt":{"rendered":"<p>Encuentro mujeres PJ Veronica Magario Maximo Kirchner (Foto TW@magariovero) M\u00e1s de 500 mujeres del Partido Justicialista bonaerense participaron el s\u00e1bado del primer Encuentro de la Rama Femenina que se desarroll\u00f3 en la hist\u00f3rica Quinta de San Vicente, donde estuvo presente el diputado nacional M\u00e1ximo Kirchner, titular de ese espacio pol\u00edtico. La convocatoria incluy\u00f3 a congresalas, [&hellip;]<\/p>\n","protected":false},"author":1,"featured_media":38346,"comment_status":"open","ping_status":"closed","sticky":false,"template":"","format":"standard","meta":[],"categories":[19],"tags":[],"_links":{"self":[{"href":"http:\/\/hoycordobaweb.com\/index.php\/wp-json\/wp\/v2\/posts\/38345"}],"collection":[{"href":"http:\/\/hoycordobaweb.com\/index.php\/wp-json\/wp\/v2\/posts"}],"about":[{"href":"http:\/\/hoycordobaweb.com\/index.php\/wp-json\/wp\/v2\/types\/post"}],"author":[{"embeddable":true,"href":"http:\/\/hoycordobaweb.com\/index.php\/wp-json\/wp\/v2\/users\/1"}],"replies":[{"embeddable":true,"href":"http:\/\/hoycordobaweb.com\/index.php\/wp-json\/wp\/v2\/comments?post=38345"}],"version-history":[{"count":0,"href":"http:\/\/hoycordobaweb.com\/index.php\/wp-json\/wp\/v2\/posts\/38345\/revisions"}],"wp:featuredmedia":[{"embeddable":true,"href":"http:\/\/hoycordobaweb.com\/index.php\/wp-json\/wp\/v2\/media\/38346"}],"wp:attachment":[{"href":"http:\/\/hoycordobaweb.com\/index.php\/wp-json\/wp\/v2\/media?parent=38345"}],"wp:term":[{"taxonomy":"category","embeddable":true,"href":"http:\/\/hoycordobaweb.com\/index.php\/wp-json\/wp\/v2\/categories?post=38345"},{"taxonomy":"post_tag","embeddable":true,"href":"http:\/\/hoycordobaweb.com\/index.php\/wp-json\/wp\/v2\/tags?post=38345"}],"curies":[{"name":"wp","href":"https:\/\/api.w.org\/{rel}","templated":true}]}}