{"id":38341,"date":"2022-03-13T00:33:36","date_gmt":"2022-03-13T00:33:36","guid":{"rendered":"https:\/\/www.trendencias.com\/tendencias\/dona-letizia-tiene-top-blanco-crochet-ideal-para-lucir-todo-verano"},"modified":"2022-03-13T00:33:36","modified_gmt":"2022-03-13T00:33:36","slug":"dona-letizia-tiene-el-top-blanco-de-crochet-mas-ideal-para-lucir-todo-el-verano","status":"publish","type":"post","link":"http:\/\/hoycordobaweb.com\/index.php\/2022\/03\/13\/dona-letizia-tiene-el-top-blanco-de-crochet-mas-ideal-para-lucir-todo-el-verano\/","title":{"rendered":"Do\u00f1a Letizia tiene el top blanco de crochet m\u00e1s ideal para lucir todo el verano"},"content":{"rendered":"<p>\u200bDon Felipe y Do\u00f1a Letizia han presidido en Santa Cruz de La Palma un acto institucional en homenaje y apoyo a los palmeros afectados por la erupci\u00f3n volc\u00e1nica.<\/p>\n<p><!-- BREAK 1 --><\/p>\n<p>Como en cada una de sus apariciones nos fijamos en el estilismo de la reina que en esta ocasi\u00f3n ha estrenado estilismo y adem\u00e1s ha apoyado a los dise\u00f1adores de Isla Bonita.<\/p>\n<p><!-- BREAK 2 --> <\/p>\n<div class=\"article-asset article-asset-normal article-asset-center\">\n<div class=\"desvio-container\">\n<div class=\"desvio\">\n<div class=\"desvio-figure js-desvio-figure\"> <a href=\"https:\/\/www.trendencias.com\/moda-famosas\/dona-letizia-lleva-falda-brilli-brilli-que-era-reina-sofia-tiene-20-anos-historia\"> <img alt=\"Do\u00f1a Letizia lleva la falda brilli-brilli que era de la Reina Sof\u00eda y tiene m\u00e1s de 20 a\u00f1os de historia \" src=\"http:\/\/hoycordobaweb.com\/wp-content\/uploads\/2022\/03\/dona-letizia-tiene-el-top-blanco-de-crochet-mas-ideal-para-lucir-todo-el-verano.jpg\"> <\/a> <\/div><\/div><\/div>\n<\/div>\n<div class=\"article-asset-image article-asset-normal article-asset-center\">\n<div class=\"asset-content\">\n<div class=\"base-wrapper-image\"> <img class=\"sf-lazy centro_sinmarco\" data-sf-srcset=\"http:\/\/hoycordobaweb.com\/wp-content\/uploads\/2022\/03\/dona-letizia-tiene-el-top-blanco-de-crochet-mas-ideal-para-lucir-todo-el-verano-1.jpg 450w, http:\/\/hoycordobaweb.com\/wp-content\/uploads\/2022\/03\/dona-letizia-tiene-el-top-blanco-de-crochet-mas-ideal-para-lucir-todo-el-verano-4.jpg 681w,http:\/\/hoycordobaweb.com\/wp-content\/uploads\/2022\/03\/dona-letizia-tiene-el-top-blanco-de-crochet-mas-ideal-para-lucir-todo-el-verano-5.jpg 1024w, http:\/\/hoycordobaweb.com\/wp-content\/uploads\/2022\/03\/dona-letizia-tiene-el-top-blanco-de-crochet-mas-ideal-para-lucir-todo-el-verano-6.jpg 1366w,\" data-sf-src=\"http:\/\/hoycordobaweb.com\/wp-content\/uploads\/2022\/03\/dona-letizia-tiene-el-top-blanco-de-crochet-mas-ideal-para-lucir-todo-el-verano-1.jpg\" alt=\"Do\u00f1a Letizia\"> <noscript><img alt=\"Do\u00f1a Letizia\" class=\"centro_sinmarco\" src=\"http:\/\/hoycordobaweb.com\/wp-content\/uploads\/2022\/03\/dona-letizia-tiene-el-top-blanco-de-crochet-mas-ideal-para-lucir-todo-el-verano-1.jpg\"><\/noscript> <\/div><\/div>\n<\/div>\n<p>La reina se ha decantado por un traje en color lila, el tono de tendencia de esta temporada. Un dos piezas formado por chaqueta y pantal\u00f3n recto, que ha combinado con un top blanco de crochet muy especial.<\/p>\n<p><!-- BREAK 3 --><\/p>\n<p>Se trata de un top de <strong>Pomeline<\/strong> dise\u00f1ado por Ana Mar\u00eda Rodr\u00edguez, perteneciente a la colecci\u00f3n <em>M\u00f3naco<\/em> y &nbsp;realizado con bordados tradicionales que a\u00fan se conservan en la isla de La Palma, siendo uno de los m\u00e1s t\u00edpicos el Richelieu, popularmente conocido en la isla como \u201crechi\u201d. Este top ha sido confeccionado a trav\u00e9s de esta noble t\u00e9cnica sobre lino, una prenda \u00fanica que conlleva un proceso de producci\u00f3n lento y con un gran sentido de la armon\u00eda.<\/p>\n<p><!-- BREAK 4 --><\/p>\n<div class=\"article-asset-image article-asset-normal article-asset-center\">\n<div class=\"asset-content\">\n<div class=\"base-wrapper-image\"> <img class=\"sf-lazy centro_sinmarco\" data-sf-srcset=\"http:\/\/hoycordobaweb.com\/wp-content\/uploads\/2022\/03\/dona-letizia-tiene-el-top-blanco-de-crochet-mas-ideal-para-lucir-todo-el-verano.png 450w, http:\/\/hoycordobaweb.com\/wp-content\/uploads\/2022\/03\/dona-letizia-tiene-el-top-blanco-de-crochet-mas-ideal-para-lucir-todo-el-verano-1.png 681w,http:\/\/hoycordobaweb.com\/wp-content\/uploads\/2022\/03\/dona-letizia-tiene-el-top-blanco-de-crochet-mas-ideal-para-lucir-todo-el-verano-2.png 1024w, http:\/\/hoycordobaweb.com\/wp-content\/uploads\/2022\/03\/dona-letizia-tiene-el-top-blanco-de-crochet-mas-ideal-para-lucir-todo-el-verano-3.png 1366w,\" data-sf-src=\"http:\/\/hoycordobaweb.com\/wp-content\/uploads\/2022\/03\/dona-letizia-tiene-el-top-blanco-de-crochet-mas-ideal-para-lucir-todo-el-verano.png\" alt=\"reina letizia\"> <noscript><img alt=\"reina letizia\" class=\"centro_sinmarco\" src=\"http:\/\/hoycordobaweb.com\/wp-content\/uploads\/2022\/03\/dona-letizia-tiene-el-top-blanco-de-crochet-mas-ideal-para-lucir-todo-el-verano.png\"><\/noscript> <\/div><\/div>\n<\/div>\n<p>El traje forma parte de la colecci\u00f3n Resort 2022 de <strong>Bleis Madrid<\/strong> y est\u00e1 formado por una blazer de corte masculino y hombrera baja, conjuntado con unos pantalones de pinzas de corte recto. Y lo ha combinado con salones lila y cartera a juego de <strong>Magrit.<\/strong><\/p>\n<p><!-- BREAK 5 --><\/p>\n<div class=\"article-asset-image article-asset-normal article-asset-center\">\n<div class=\"asset-content\">\n<div class=\"base-wrapper-image\"> <img class=\"sf-lazy centro_sinmarco\" data-sf-srcset=\"http:\/\/hoycordobaweb.com\/wp-content\/uploads\/2022\/03\/dona-letizia-tiene-el-top-blanco-de-crochet-mas-ideal-para-lucir-todo-el-verano-2.jpg 450w, http:\/\/hoycordobaweb.com\/wp-content\/uploads\/2022\/03\/dona-letizia-tiene-el-top-blanco-de-crochet-mas-ideal-para-lucir-todo-el-verano-7.jpg 681w,http:\/\/hoycordobaweb.com\/wp-content\/uploads\/2022\/03\/dona-letizia-tiene-el-top-blanco-de-crochet-mas-ideal-para-lucir-todo-el-verano-8.jpg 1024w, http:\/\/hoycordobaweb.com\/wp-content\/uploads\/2022\/03\/dona-letizia-tiene-el-top-blanco-de-crochet-mas-ideal-para-lucir-todo-el-verano-9.jpg 1366w,\" data-sf-src=\"http:\/\/hoycordobaweb.com\/wp-content\/uploads\/2022\/03\/dona-letizia-tiene-el-top-blanco-de-crochet-mas-ideal-para-lucir-todo-el-verano-2.jpg\" alt=\"Do\u00f1a Letizia\"> <noscript><img alt=\"Do\u00f1a Letizia\" class=\"centro_sinmarco\" src=\"http:\/\/hoycordobaweb.com\/wp-content\/uploads\/2022\/03\/dona-letizia-tiene-el-top-blanco-de-crochet-mas-ideal-para-lucir-todo-el-verano-2.jpg\"><\/noscript> <\/div><\/div>\n<\/div>\n<p>Un<em> look <\/em>que ha completado con pendientes de la firma <strong>Pisando Colores<\/strong> de la dise\u00f1adora Cristina Hern\u00e1ndez, tambi\u00e9n mostrando su apoyo a la moda de la isla bonita. Est\u00e1n realizados en plata con cristal que pueden usarse de manera independiente. La plata es de origen 100% reciclada y su dise\u00f1o se inspira en la sostenibilidad.<\/p>\n<p><!-- BREAK 6 --><\/p>\n<p>Ambas marcas pertenecen al programa Isla Bonita enfocado al sector textil y creativo &nbsp;&nbsp;&nbsp;de la moda en La Palma, creado e impulsado directamente por la Consejer\u00eda del \u00c1rea de Promoci\u00f3n Econ\u00f3mica del Cabildo Insular de La Palma.<\/p>\n<p><!-- BREAK 7 --><\/p>\n<p>Fotos | Gtres<\/p>\n","protected":false},"excerpt":{"rendered":"<p>\u200bDon Felipe y Do\u00f1a Letizia han presidido en Santa Cruz de La Palma un acto institucional en homenaje y apoyo a los palmeros afectados por la erupci\u00f3n volc\u00e1nica. Como en cada una de sus apariciones nos fijamos en el estilismo de la reina que en esta ocasi\u00f3n ha estrenado estilismo y adem\u00e1s ha apoyado a [&hellip;]<\/p>\n","protected":false},"author":1,"featured_media":38342,"comment_status":"closed","ping_status":"closed","sticky":false,"template":"","format":"standard","meta":[],"categories":[1],"tags":[],"_links":{"self":[{"href":"http:\/\/hoycordobaweb.com\/index.php\/wp-json\/wp\/v2\/posts\/38341"}],"collection":[{"href":"http:\/\/hoycordobaweb.com\/index.php\/wp-json\/wp\/v2\/posts"}],"about":[{"href":"http:\/\/hoycordobaweb.com\/index.php\/wp-json\/wp\/v2\/types\/post"}],"author":[{"embeddable":true,"href":"http:\/\/hoycordobaweb.com\/index.php\/wp-json\/wp\/v2\/users\/1"}],"replies":[{"embeddable":true,"href":"http:\/\/hoycordobaweb.com\/index.php\/wp-json\/wp\/v2\/comments?post=38341"}],"version-history":[{"count":0,"href":"http:\/\/hoycordobaweb.com\/index.php\/wp-json\/wp\/v2\/posts\/38341\/revisions"}],"wp:featuredmedia":[{"embeddable":true,"href":"http:\/\/hoycordobaweb.com\/index.php\/wp-json\/wp\/v2\/media\/38342"}],"wp:attachment":[{"href":"http:\/\/hoycordobaweb.com\/index.php\/wp-json\/wp\/v2\/media?parent=38341"}],"wp:term":[{"taxonomy":"category","embeddable":true,"href":"http:\/\/hoycordobaweb.com\/index.php\/wp-json\/wp\/v2\/categories?post=38341"},{"taxonomy":"post_tag","embeddable":true,"href":"http:\/\/hoycordobaweb.com\/index.php\/wp-json\/wp\/v2\/tags?post=38341"}],"curies":[{"name":"wp","href":"https:\/\/api.w.org\/{rel}","templated":true}]}}