{"id":38298,"date":"2022-03-12T01:51:00","date_gmt":"2022-03-12T01:51:00","guid":{"rendered":"http:\/\/hoycordobaweb.com\/index.php\/2022\/03\/12\/boric-llamo-a-cerrar-las-heridas-del-estallido-social\/"},"modified":"2022-03-12T01:51:00","modified_gmt":"2022-03-12T01:51:00","slug":"boric-llamo-a-cerrar-las-heridas-del-estallido-social","status":"publish","type":"post","link":"http:\/\/hoycordobaweb.com\/index.php\/2022\/03\/12\/boric-llamo-a-cerrar-las-heridas-del-estallido-social\/","title":{"rendered":"Boric llam\u00f3 a \u00abcerrar las heridas del estallido social\u00bb"},"content":{"rendered":"<p><img src=\"http:\/\/hoycordobaweb.com\/wp-content\/uploads\/2022\/03\/boric-llamo-a-cerrar-las-heridas-del-estallido-social.jpg\"><\/p>\n<div class=\"video_repositive\"> <a class=\"video_sticky\" href=\"javascript:void();\" onclick=\"removeStuckVideo(true);\"><i class=\"far fa-window-close\"><\/i><\/a> <\/p>\n<div id=\"P6wsFTxcYGA\" class=\"video_telam\" readability=\"6\">\n<div class=\"feature_article_inner\" readability=\"32\">\n<p><h2 class=\"text-center\">Boric revindic\u00f3 las luchas hist\u00f3ricas de la sociedad chilena<\/h2>\n<\/p><\/div>\n<p>VER VIDEO <i class=\"fas fa-play\"><\/i><\/p>\n<\/p><\/div><\/div>\n<p>En su primer discurso tras asumir la presidencia de Chile, Gabriel Boric llam\u00f3 ante una multitud a \u00abcerrar las heridas que dej\u00f3 del estallido social\u00bb de 2018, al anunciar que el jueves se retiraron las 139 querellas que se iniciaron bajo la Ley de Seguridad del Estado.<\/p>\n<p>\u00abJuicio a (Sebasti\u00e1n) Pi\u00f1era\u00bb, grit\u00f3 buena parte de la colorida multitud reunida en la Plaza de la Constituci\u00f3n cuando Boric anunci\u00f3 que se retiraron las querellas, pero el mensaje del mandatario m\u00e1s joven de la historia de Chile se centr\u00f3 en no atacar a las personas sino a los problemas pendientes.<\/p>\n<p>\u00abEste Gobierno no se agota en sus adherentes\u201d, dijo, y reivindic\u00f3 que \u00abde las movilizaciones venimos, hoy d\u00eda estamos ac\u00e1, pero no nos olvidamos de d\u00f3nde venimos\u00bb, al hablar desde el balc\u00f3n del Palacio de La Moneda. \u00abVamos lento porque vamos lejos, pero no vamos solos\u00bb, agreg\u00f3.<\/p>\n<figure class=\"mb-3\"><img loading=\"lazy\" src=\"http:\/\/hoycordobaweb.com\/wp-content\/uploads\/2022\/03\/boric-llamo-a-cerrar-las-heridas-del-estallido-social-2.jpg\" width=\"100%\" height=\"100%\" alt=\"Foto Vctor Carreira\"><figcaption> Foto: V\u00edctor Carreira. <\/figcaption><\/figure>\n<p>Boric tambi\u00e9n se dio tiempo en su discurso para reivindicar a todos los presidentes democr\u00e1ticos de Chile de los \u00faltimos 50 a\u00f1os.<\/p>\n<blockquote class><p>\u00abAqu\u00ed se escuchan tambi\u00e9n las voces de los que lucharon por los derechos humanos\u00bb&nbsp;<\/p><\/blockquote>\n<p>Pidi\u00f3 a \u00abtodos los chilenos y chilenas\u00bb que \u00abnos acompa\u00f1emos en esta tarea, a que caminemos juntos la ruta de la esperanza y construyamos un pa\u00eds que sea digno y justo&#8230; dignidad, qu\u00e9 palabra tan linda\u00bb, agreg\u00f3 y levant\u00f3 una vez m\u00e1s el aplauso de la plaza, donde ondeaban banderas chilenas, mapuches, comunistas y de la sure\u00f1a regi\u00f3n de Magallanes.<\/p>\n<p>Tambi\u00e9n hab\u00eda pancartas individuales, entre las que destacaron una en forma de libro que dec\u00eda \u00abConstituci\u00f3n nueva para un nuevo Chile\u00bb y una peque\u00f1a, en manos de una mujer canosa, que simplemente resum\u00eda en negro sobre blanco el sentimiento de buena parte de los asistentes: \u00abGabriel Boric, esperanza\u00bb.<\/p>\n<p>\u00abPondremos especial atenci\u00f3n a los efectos de la pandemia sobre los trabajadores de la salud, que tanto esfuerzo han puesto\u00bb y \u00abvamos a continuar tambi\u00e9n la exitosa estrategia de vacunaci\u00f3n del gobierno anterior\u00bb, se\u00f1al\u00f3 Boric.<\/p>\n<p>\u00abNos vamos a ocupar espec\u00edficamente por la educaci\u00f3n, donde hay una brecha gigante\u00bb, se\u00f1al\u00f3 en alusi\u00f3n a uno de los problemas centrales de Chile, detonante de las protestas hist\u00f3ricas que marcaron el nacimiento de una nueva camada de dirigentes, de la que \u00e9l es el principal emergente.<\/p>\n<figure class=\"mb-3\"><img loading=\"lazy\" src=\"http:\/\/hoycordobaweb.com\/wp-content\/uploads\/2022\/03\/boric-llamo-a-cerrar-las-heridas-del-estallido-social-3.jpg\" width=\"100%\" height=\"100%\" alt=\"Foto Vctor Carreira\"><figcaption> Foto: V\u00edctor Carreira. <\/figcaption><\/figure>\n<p>\u00abVamos a implementar la consolidaci\u00f3n de nuestra econom\u00eda. Un crecimiento que sea sustentable, que no tenga nunca m\u00e1s zonas de sacrificio\u00bb, prometi\u00f3.<\/p>\n<p>El nuevo presidente chileno tambi\u00e9n prometi\u00f3 impulsar pol\u00edticas que lleven a un empleo digno, y asoci\u00f3 la inestabilidad laborar y la degradaci\u00f3n social con los niveles de delincuencia, \u00abporque reconocemos que millones de chilenos y chilenas viven con temor\u00bb.<\/p>\n<p>\u00abVamos a enfrentar el problema de la delincuencia y tambi\u00e9n el de la desigualdad social, que es su origen\u00bb, pero tambi\u00e9n con una reforma de las fuerzas de seguridad\u00bb fuertemente cuestionadas por el ensa\u00f1amiento con que reprimieron las movilizaciones durante el estallido social que puso en vilo a Chile desde octubre de 2018.<\/p>\n<p>Debajo, los asistentes reflotaron un c\u00e1ntico muy en boga durante los \u00faltimos a\u00f1os: \u00abel que no salta es un paco\u00bb, que es como la jerga popular chilena identifica a los carabineros.<\/p>\n<blockquote class><p>\u00abPondremos especial atenci\u00f3n a los efectos de la pandemia sobre los trabajadores de la salud, que tanto esfuerzo han puesto\u00bb y \u00abvamos a continuar tambi\u00e9n la exitosa estrategia de vacunaci\u00f3n del gobierno anterior\u00bb<\/p><\/blockquote>\n<p>Boric tambi\u00e9n habl\u00f3 de los problemas pendientes \u00aben el norte y en el sur\u00bb del pa\u00eds.<\/p>\n<p>\u00abEn el norte con la crisis migratoria, para lo que vamos a trabajar con nuestros pa\u00edses hermanos, porque somos profundamente latinoamericanos\u00bb, dijo. Y pidi\u00f3 que \u00abno nos olvidemos que son seres humanos, por favor\u00bb.<\/p>\n<p>\u00abEn el sur tambi\u00e9n tenemos un problema. Antes se hablaba de la pacificaci\u00f3n de la Araucan\u00eda, qu\u00e9 termino m\u00e1s injusto\u00bb, se lament\u00f3. \u00abSe hablaba de conflicto mapuche\u00bb cuando \u00abes un conflicto entre el Estado chileno y la reivindicaci\u00f3n de un pueblo que tiene derechos\u00bb, afirm\u00f3. \u00abEl camino ser\u00e1 el di\u00e1logo, la paz y la empat\u00eda con todas las v\u00edctimas\u00bb, asegur\u00f3, poniendo \u00e9nfasis en la palaba \u00abtodas\u00bb.<\/p>\n<p>\u00abEn este primer a\u00f1o tambi\u00e9n nos hemos impuesto acompa\u00f1ar de manera entusiasta el proceso constituyente\u00bb, porque \u00abnecesitamos una Constituci\u00f3n que nos una, que sintamos como propia, una diferente a la que fue impuesta a sangre y fuego por la dictadura, una Constituci\u00f3n que nazca en democracia, que sea para todos y no para pocos\u00bb, areng\u00f3.<\/p>\n<p>En este sentido, invit\u00f3 a todos los sectores pol\u00edticos y sociales \u00aba que nos escuchemos de buena fe, sin caricaturas. Sin caricaturas de todos los bandos, nosotros tambi\u00e9n, y podamos tener por primera vez una Constituci\u00f3n democr\u00e1tica, paritaria, con participaci\u00f3n de todo nuestro pueblo\u00bb.<\/p>\n<p>Abajo, en la Plaza de la Constituci\u00f3n, donde est\u00e1n las estatuas de todos los presidentes, la gente respondi\u00f3 una vez m\u00e1s con la canci\u00f3n del m\u00edtico grupo musical Quilapay\u00fan, convertida en una consigna de las luchas latinoamericanas: \u00abEl pueblo unido jam\u00e1s ser\u00e1 vencido\u00bb.<\/p>\n<figure class=\"mb-3\"><img loading=\"lazy\" src=\"http:\/\/hoycordobaweb.com\/wp-content\/uploads\/2022\/03\/boric-llamo-a-cerrar-las-heridas-del-estallido-social-4.jpg\" width=\"100%\" height=\"100%\" alt=\"Foto Vctor Carreira\"><figcaption> Foto: V\u00edctor Carreira. <\/figcaption><\/figure>\n<p>Boric habl\u00f3 desde el cl\u00e1sico el balc\u00f3n que est\u00e1 sobre la entrada principal de La Moneda, aquella que una foto ic\u00f3nica del golpe de Estado de 1973, encabezado por Augusto Pinochet, mostr\u00f3 incendiada por las bombas que tiraban los aviones militares.<\/p>\n<p>\u00abAqu\u00ed se escuchan tambi\u00e9n las voces de los que lucharon por los derechos humanos\u00bb y las reivindicaciones feministas y las marchas por la educaci\u00f3n, pero tambi\u00e9n \u00abdesde donde estamos hablando ayer entraban cohetes, y eso nunca m\u00e1s se puede repetir en nuestras historia\u00bb, dijo en alusi\u00f3n a ese golpe c\u00edvico-militar, perpetrado muchos a\u00f1os antes de que Boric naciera, pero que fue uno de los temas recurrentes en su discurso cuando toc\u00f3 reivindicar las luchas por los derechos humanos.<\/p>\n<p>De hecho, cuandolleg\u00f3 el presidente al Palacio de La Moneda, rompi\u00f3 varias veces el protocolo para saludar a los presentes, pero tambi\u00e9n para rendir un breve homenaje frente a la estatua de Allende, aquel presidente socialista que resisti\u00f3 con un arma en la mano el golpe contra la democracia y al que le fue la vida en el intento.<\/p>\n<p>Tal vez por eso, porque pasaron 50 a\u00f1os desde que un presidente de izquierdas ingresara con la banda presidencial a La Moneda, Boric recurri\u00f3 a expresidente socialista para cerrar su primer discurso.<\/p>\n<p>\u00abHoy era necesario hablar, ma\u00f1ana todos juntos a trabajar. Como pronosticara hace casi 50 a\u00f1os Allende estamos nuevamente abriendo las grandes alamedas por donde pase el hombre libre, la mujer libre, para construir una nueva sociedad. Viva chi <\/p>\n","protected":false},"excerpt":{"rendered":"<p>Boric revindic\u00f3 las luchas hist\u00f3ricas de la sociedad chilena VER VIDEO En su primer discurso tras asumir la presidencia de Chile, Gabriel Boric llam\u00f3 ante una multitud a \u00abcerrar las heridas que dej\u00f3 del estallido social\u00bb de 2018, al anunciar que el jueves se retiraron las 139 querellas que se iniciaron bajo la Ley de [&hellip;]<\/p>\n","protected":false},"author":1,"featured_media":38299,"comment_status":"open","ping_status":"closed","sticky":false,"template":"","format":"standard","meta":[],"categories":[19],"tags":[],"_links":{"self":[{"href":"http:\/\/hoycordobaweb.com\/index.php\/wp-json\/wp\/v2\/posts\/38298"}],"collection":[{"href":"http:\/\/hoycordobaweb.com\/index.php\/wp-json\/wp\/v2\/posts"}],"about":[{"href":"http:\/\/hoycordobaweb.com\/index.php\/wp-json\/wp\/v2\/types\/post"}],"author":[{"embeddable":true,"href":"http:\/\/hoycordobaweb.com\/index.php\/wp-json\/wp\/v2\/users\/1"}],"replies":[{"embeddable":true,"href":"http:\/\/hoycordobaweb.com\/index.php\/wp-json\/wp\/v2\/comments?post=38298"}],"version-history":[{"count":0,"href":"http:\/\/hoycordobaweb.com\/index.php\/wp-json\/wp\/v2\/posts\/38298\/revisions"}],"wp:featuredmedia":[{"embeddable":true,"href":"http:\/\/hoycordobaweb.com\/index.php\/wp-json\/wp\/v2\/media\/38299"}],"wp:attachment":[{"href":"http:\/\/hoycordobaweb.com\/index.php\/wp-json\/wp\/v2\/media?parent=38298"}],"wp:term":[{"taxonomy":"category","embeddable":true,"href":"http:\/\/hoycordobaweb.com\/index.php\/wp-json\/wp\/v2\/categories?post=38298"},{"taxonomy":"post_tag","embeddable":true,"href":"http:\/\/hoycordobaweb.com\/index.php\/wp-json\/wp\/v2\/tags?post=38298"}],"curies":[{"name":"wp","href":"https:\/\/api.w.org\/{rel}","templated":true}]}}