{"id":38278,"date":"2022-03-12T01:57:55","date_gmt":"2022-03-12T01:57:55","guid":{"rendered":"https:\/\/www.ole.com.ar\/futbol-internacional\/eliminatorias\/kaviedes-ecuador-argentina-eliminatorias_0_XMdYKMCakt.html"},"modified":"2022-03-12T01:57:55","modified_gmt":"2022-03-12T01:57:55","slug":"quien-dijo-ecuador-goleara-a-argentina","status":"publish","type":"post","link":"http:\/\/hoycordobaweb.com\/index.php\/2022\/03\/12\/quien-dijo-ecuador-goleara-a-argentina\/","title":{"rendered":"\u00bfQui\u00e9n dijo \u00abEcuador golear\u00e1 a Argentina\u00bb?"},"content":{"rendered":"<p><img src=\"http:\/\/hoycordobaweb.com\/wp-content\/uploads\/2022\/03\/quien-dijo-ecuador-goleara-a-argentina.jpg\"><\/p>\n<p><strong>Iv\u00e1n Kaviedes<\/strong> es un referente del f\u00fatbol ecuatoriano. Pas\u00f3 a la historia por marcar 43 goles en una temporada para Emelec. Jug\u00f3 en el f\u00fatbol ingl\u00e9s, espa\u00f1ol, portugu\u00e9s, italiano y mexicano. Tuvo una d\u00e9bil etapa de seis meses en Argentinos Juniors en 2006. Con 43 a\u00f1os, <strong>esta semana sorprendi\u00f3 con un pron\u00f3stico para el match contra <a alt=\"seleccion-argentina\" class=\"slug\" href=\"https:\/\/www.ole.com.ar\/tema\/seleccion-argentina.html\" target=\"_blank\" title=\"seleccion-argentina\" rel=\"noopener noreferrer\">Argentina <\/a>en Guayaquil, del 29 de marzo.<\/strong><\/p>\n<p><strong>\u00abEcuador va a golear a Argentina\u00bb,<\/strong> afirm\u00f3 con entusiasmo, en la previa del partido por las <a alt=\"eliminatorias-sudamericanas\" class=\"slug\" href=\"https:\/\/www.ole.com.ar\/tema\/eliminatorias-sudamericanas.html\" target=\"_blank\" title=\"eliminatorias-sudamericanas\" rel=\"noopener noreferrer\">Eliminatorias<\/a>. Y hasta lo argument\u00f3 con un comunicado que public\u00f3 en su Instagram.<\/p>\n<h2><strong>El comunicado<\/strong><\/h2>\n<p>\u00abEn los \u00faltimos d\u00edas he recibido muchos mensajes de todos mis seguidores, periodistas y hasta tuve una discusi\u00f3n con uno de mis grandes amigos debido a la opini\u00f3n que tengo sobre la selecci\u00f3n\u00bb<\/p>\n<p>\u00abY quiero volver a ratificar mis palabras con ustedes porque creo que es el momento de so\u00f1ar y de cambiar de mentalidad, de olvidar que somos un equipo chico y que podemos ganarles a los grandes del continente y del mundo\u00bb.<\/p>\n<p>\u00abEcuador va a golear a la Selecci\u00f3n Argentina. S\u00ed, ese mismo equipo que viene de ser campe\u00f3n de la <a alt=\"copa-america\" class=\"slug\" href=\"https:\/\/www.ole.com.ar\/tema\/copa-america.html\" target=\"_blank\" title=\"copa-america\" rel=\"noopener noreferrer\">Copa Am\u00e9rica<\/a> y que no pierde hace muchos meses&#8230;<strong> S\u00ed, el equipo de Messi, Di Mar\u00eda, Mart\u00ednez, entre otros\u00bb.<\/strong><\/p>\n<div class=\"sp__SM\">\n<div class=\"content-new \">\n<span class=\"tit-mobile\">Mir\u00e1 tambi\u00e9n<\/span><\/p>\n<div class=\"mg\">\n<div class=\"wrap-figure\">\n<picture>\n<a href=\"https:\/\/www.ole.com.ar\/futbol-internacional\/espana\/paul-gol-atletico-madrid-cadiz_0_whAAAlf0Mt.html\" target=\"_self\" rel=\"noopener noreferrer\"><br \/>\n<img class=\"img-responsive\" alt=\"De Paul: gol a C\u00e1diz y festejo desaforado\" src=\"http:\/\/hoycordobaweb.com\/wp-content\/uploads\/2022\/03\/quien-dijo-ecuador-goleara-a-argentina-2.jpg\" loading=\"lazy\"><br \/>\n<\/a>\n<\/picture>\n<\/div>\n<\/div><\/div>\n<\/div>\n<p>\u00abLa Tri est\u00e1 lista para salir a jugar y enfrentar a uno de los favoritos al t\u00edtulo de Qatar, por eso este partido es importante porque nos va a medir las fuerzas y va acallar las bocas de muchos\u00bb.<\/p>\n<p>\u00abYo creo tanto en mi selecci\u00f3n ecuatoriana que los vengo a retar a todos ustedes porque Ecuador le va a ganar 3-0 a Argentina y como dicen que estoy loco, les tengo una sorpresa para que juntos juguemos y me puedan ganar\u00bb.<\/p>\n<p>\u00abAmigos ecuatorianos, yo apuesto por mi selecci\u00f3n hasta la muerte\u00bb.<\/p>\n<div class=\"sp__Normal htmlLibre\">\n<div class=\"mt\">\n<h2>El \u00eddolo ecuatoriano apuesta por una goleada a Argentina<\/h2>\n<p>Kaviedes se la jug\u00f3.<\/p>\n<hr>\n<\/div><\/div>\n<div class=\"sp__Normal\">\n<div class=\"image-embeb image-trigger\" readability=\"6\">\n<picture><source media=\"(min-width: 720px)\" srcset=\"http:\/\/hoycordobaweb.com\/wp-content\/uploads\/2022\/03\/quien-dijo-ecuador-goleara-a-argentina-3.jpg\"><img itemprop=\"image\" src=\"http:\/\/hoycordobaweb.com\/wp-content\/uploads\/2022\/03\/quien-dijo-ecuador-goleara-a-argentina-3.jpg\" loading=\"lazy\" alt=\"Kaviedes festeja un gol para Ecuador en 2007.\">\n<\/picture><figcaption readability=\"2\">\n<p>Kaviedes festeja un gol para Ecuador en 2007.\n<\/p>\n<\/figcaption><\/div>\n<\/div>\n<div class=\"sp__SM\">\n<div class=\"content-new \">\n<span class=\"tit-mobile\">Mir\u00e1 tambi\u00e9n<\/span><\/p>\n<div class=\"mg\">\n<div class=\"wrap-figure\">\n<picture>\n<a href=\"https:\/\/www.ole.com.ar\/futbol-internacional\/eliminatorias\/convocados-paraguay-eliminatorias-romero_0_Ot3K45YQ7U.html\" target=\"_self\" rel=\"noopener noreferrer\"><br \/>\n<img class=\"img-responsive\" alt=\"\u00d3scar Romero y Robert Rojas, los convocados de Boca y River a la selecci\u00f3n de Paraguay\" src=\"http:\/\/hoycordobaweb.com\/wp-content\/uploads\/2022\/03\/quien-dijo-ecuador-goleara-a-argentina-4.jpg\" loading=\"lazy\"><br \/>\n<\/a>\n<\/picture>\n<\/div>\n<\/div><\/div>\n<\/div>\n<div class=\"sp__Normal\">\n<div class=\"image-embeb image-trigger\" readability=\"6.5\">\n<picture><source media=\"(min-width: 720px)\" srcset=\"http:\/\/hoycordobaweb.com\/wp-content\/uploads\/2022\/03\/quien-dijo-ecuador-goleara-a-argentina-5.jpg\"><img itemprop=\"image\" src=\"http:\/\/hoycordobaweb.com\/wp-content\/uploads\/2022\/03\/quien-dijo-ecuador-goleara-a-argentina-5.jpg\" loading=\"lazy\" alt=\"Kavides contra Walter Samuel, en 2001 (AFP).\">\n<\/picture><figcaption readability=\"3\">\n<p>Kavides contra Walter Samuel, en 2001 (AFP).\n<\/p>\n<\/figcaption><\/div>\n<\/div>\n<p>Ecuador est\u00e1 tercero en el certamen, con 25 puntos en 16 fechas. El equipo de Gustavo Alfaro visitar\u00e1 a Paraguay el jueves 24. Si gana, tendr\u00e1 asegurado un cupo para Qatar. Si empata contra los de Barros Schelotto y Uruguay derrota a Per\u00fa en Montevideo, tambi\u00e9n tendr\u00e1 un lugar asegurado. Por eso, quiz\u00e1 enfrente sin presiones a la Albiceleste.<\/p>\n<div class=\"entry-tags\">\n<h2>TEMAS QUE APARECEN EN ESTA NOTA<\/h2>\n<\/p><\/div>\n","protected":false},"excerpt":{"rendered":"<p>Iv\u00e1n Kaviedes es un referente del f\u00fatbol ecuatoriano. Pas\u00f3 a la historia por marcar 43 goles en una temporada para Emelec. Jug\u00f3 en el f\u00fatbol ingl\u00e9s, espa\u00f1ol, portugu\u00e9s, italiano y mexicano. Tuvo una d\u00e9bil etapa de seis meses en Argentinos Juniors en 2006. Con 43 a\u00f1os, esta semana sorprendi\u00f3 con un pron\u00f3stico para el match [&hellip;]<\/p>\n","protected":false},"author":1,"featured_media":38279,"comment_status":"open","ping_status":"closed","sticky":false,"template":"","format":"standard","meta":[],"categories":[16],"tags":[],"_links":{"self":[{"href":"http:\/\/hoycordobaweb.com\/index.php\/wp-json\/wp\/v2\/posts\/38278"}],"collection":[{"href":"http:\/\/hoycordobaweb.com\/index.php\/wp-json\/wp\/v2\/posts"}],"about":[{"href":"http:\/\/hoycordobaweb.com\/index.php\/wp-json\/wp\/v2\/types\/post"}],"author":[{"embeddable":true,"href":"http:\/\/hoycordobaweb.com\/index.php\/wp-json\/wp\/v2\/users\/1"}],"replies":[{"embeddable":true,"href":"http:\/\/hoycordobaweb.com\/index.php\/wp-json\/wp\/v2\/comments?post=38278"}],"version-history":[{"count":0,"href":"http:\/\/hoycordobaweb.com\/index.php\/wp-json\/wp\/v2\/posts\/38278\/revisions"}],"wp:featuredmedia":[{"embeddable":true,"href":"http:\/\/hoycordobaweb.com\/index.php\/wp-json\/wp\/v2\/media\/38279"}],"wp:attachment":[{"href":"http:\/\/hoycordobaweb.com\/index.php\/wp-json\/wp\/v2\/media?parent=38278"}],"wp:term":[{"taxonomy":"category","embeddable":true,"href":"http:\/\/hoycordobaweb.com\/index.php\/wp-json\/wp\/v2\/categories?post=38278"},{"taxonomy":"post_tag","embeddable":true,"href":"http:\/\/hoycordobaweb.com\/index.php\/wp-json\/wp\/v2\/tags?post=38278"}],"curies":[{"name":"wp","href":"https:\/\/api.w.org\/{rel}","templated":true}]}}