{"id":38248,"date":"2022-03-11T03:11:00","date_gmt":"2022-03-11T03:11:00","guid":{"rendered":"http:\/\/hoycordobaweb.com\/index.php\/2022\/03\/11\/anibal-fernandez-sobre-los-incidentes-en-el-congreso-no-quedara-impune\/"},"modified":"2022-03-11T03:11:00","modified_gmt":"2022-03-11T03:11:00","slug":"anibal-fernandez-sobre-los-incidentes-en-el-congreso-no-quedara-impune","status":"publish","type":"post","link":"http:\/\/hoycordobaweb.com\/index.php\/2022\/03\/11\/anibal-fernandez-sobre-los-incidentes-en-el-congreso-no-quedara-impune\/","title":{"rendered":"An\u00edbal Fern\u00e1ndez, sobre los incidentes en el Congreso: \u00abNo quedar\u00e1 impune\u00bb"},"content":{"rendered":"<p><img src=\"http:\/\/hoycordobaweb.com\/wp-content\/uploads\/2022\/03\/anibal-fernandez-sobre-los-incidentes-en-el-congreso-no-quedara-impune.jpg\"><\/p>\n<figure class=\"mb-3\"><img loading=\"lazy\" src=\"http:\/\/hoycordobaweb.com\/wp-content\/uploads\/2022\/03\/anibal-fernandez-sobre-los-incidentes-en-el-congreso-no-quedara-impune-2.jpg\" width=\"100%\" height=\"100%\" alt=\"Foto Leo Vaca Archivo\"><figcaption> Foto: Leo Vaca. (Archivo) <\/figcaption><\/figure>\n<p>El ministro de Seguridad, An\u00edbal Fern\u00e1ndez, asegur\u00f3 que se est\u00e1 trabajando \u00aba destajo\u00bb para identificar a los responsables de los incidentes ocurridos esta tarde frente al Congreso nacional, mientras se debat\u00eda en el recinto de la C\u00e1mara de Diputados el acuerdo con el FMI.<\/p>\n<p>\u00abEstamos trabajando a destajo para identificar a los responsables. No quedar\u00e1 impune\u00bb, public\u00f3 esta noche el ministro en su cuenta de Twitter.<\/p>\n<p>Un grupo de manifestantes contrario al acuerdo con el FMI lanz\u00f3 esta tarde piedras contra la sede del Congreso y quem\u00f3 neum\u00e1ticos en el frente del edificio, en disturbios que estallaron mientras los diputados estaban en plena sesi\u00f3n y que terminaron con cinco polic\u00edas heridos y un activista detenido.<\/p>\n<p>\u00abDeplorable situaci\u00f3n con disturbios. La Ciudad es jurisdicci\u00f3n cedida hace unos a\u00f1os. Con la PFA insistimos en actuar sin represi\u00f3n pero haciendo terminar de inmediato con los desmanes. Se recordar\u00e1 los heridos y la violencia cuando se tratara la reforma jubilatoria\u00bb, inici\u00f3 Fern\u00e1ndez el hilo en Twitter.<\/p>\n<p>\u00abEvitamos la violencia institucional coordinando sin lastimar a inocentes. Hirieron a un polic\u00eda de CABA con quien me solidarizo. Debemos analizar con sus superiores, como se arm\u00f3 el procedimiento\u00bb, concluy\u00f3 el titular de la cartera de Seguridad.<\/p>\n<p>Fuentes de la Polic\u00eda de la Ciudad informaron a esta agencia que los cinco efectivos heridos pertenecen a la Divisi\u00f3n Orden Urbano y precisaron que uno de ellos \u00abrecibi\u00f3 impacto de bomba molotov y se encuentra ileso, solo con da\u00f1os en uniforme y protecciones\u00bb, mientras una oficial se descompens\u00f3, otra sufri\u00f3 un esguince en el tobillo y otros dos recibieron un corte en el rostro y el golpe de una piedra en el tobillo.<\/p>\n<figure class=\"mb-3\"><img loading=\"lazy\" src=\"http:\/\/hoycordobaweb.com\/wp-content\/uploads\/2022\/03\/anibal-fernandez-sobre-los-incidentes-en-el-congreso-no-quedara-impune-3.jpg\" width=\"100%\" height=\"100%\" alt=\"Foto Pablo Aeli\"><figcaption> Foto: Pablo A\u00f1eli. <\/figcaption><\/figure>\n<p>Los disturbios comenzaron cuando una minoritaria porci\u00f3n de manifestantes comenz\u00f3 a arrojar piedras contra el Congreso, al punto de hacer estallar algunos vidrios de los ventanales, mientras columnas de humo se elevaban en la calle por la quema de neum\u00e1ticos.<\/p>\n<p>Las expresiones de violencia se prolongaron por varios minutos sin que actuara la polic\u00eda, que lleg\u00f3 al lugar m\u00e1s tarde para tratar de controlar la situaci\u00f3n. <\/p>\n","protected":false},"excerpt":{"rendered":"<p>Foto: Leo Vaca. (Archivo) El ministro de Seguridad, An\u00edbal Fern\u00e1ndez, asegur\u00f3 que se est\u00e1 trabajando \u00aba destajo\u00bb para identificar a los responsables de los incidentes ocurridos esta tarde frente al Congreso nacional, mientras se debat\u00eda en el recinto de la C\u00e1mara de Diputados el acuerdo con el FMI. \u00abEstamos trabajando a destajo para identificar a [&hellip;]<\/p>\n","protected":false},"author":1,"featured_media":38249,"comment_status":"open","ping_status":"closed","sticky":false,"template":"","format":"standard","meta":[],"categories":[19],"tags":[],"_links":{"self":[{"href":"http:\/\/hoycordobaweb.com\/index.php\/wp-json\/wp\/v2\/posts\/38248"}],"collection":[{"href":"http:\/\/hoycordobaweb.com\/index.php\/wp-json\/wp\/v2\/posts"}],"about":[{"href":"http:\/\/hoycordobaweb.com\/index.php\/wp-json\/wp\/v2\/types\/post"}],"author":[{"embeddable":true,"href":"http:\/\/hoycordobaweb.com\/index.php\/wp-json\/wp\/v2\/users\/1"}],"replies":[{"embeddable":true,"href":"http:\/\/hoycordobaweb.com\/index.php\/wp-json\/wp\/v2\/comments?post=38248"}],"version-history":[{"count":0,"href":"http:\/\/hoycordobaweb.com\/index.php\/wp-json\/wp\/v2\/posts\/38248\/revisions"}],"wp:featuredmedia":[{"embeddable":true,"href":"http:\/\/hoycordobaweb.com\/index.php\/wp-json\/wp\/v2\/media\/38249"}],"wp:attachment":[{"href":"http:\/\/hoycordobaweb.com\/index.php\/wp-json\/wp\/v2\/media?parent=38248"}],"wp:term":[{"taxonomy":"category","embeddable":true,"href":"http:\/\/hoycordobaweb.com\/index.php\/wp-json\/wp\/v2\/categories?post=38248"},{"taxonomy":"post_tag","embeddable":true,"href":"http:\/\/hoycordobaweb.com\/index.php\/wp-json\/wp\/v2\/tags?post=38248"}],"curies":[{"name":"wp","href":"https:\/\/api.w.org\/{rel}","templated":true}]}}