{"id":38186,"date":"2022-03-09T12:55:24","date_gmt":"2022-03-09T12:55:24","guid":{"rendered":"https:\/\/www.mujerhoy.com\/moda\/no-te-pierdas\/vestido-trench-chaleco-hym-prenda-elegante-multiusos-20220309083119-nt.html"},"modified":"2022-03-09T12:55:24","modified_gmt":"2022-03-09T12:55:24","slug":"vestido-trench-y-chaleco-todo-en-uno-asi-es-la-prenda-multiusos-elegante-y-ponible-que-va-a-ser-tu-comodin-esta-temporada","status":"publish","type":"post","link":"http:\/\/hoycordobaweb.com\/index.php\/2022\/03\/09\/vestido-trench-y-chaleco-todo-en-uno-asi-es-la-prenda-multiusos-elegante-y-ponible-que-va-a-ser-tu-comodin-esta-temporada\/","title":{"rendered":"Vestido, trench y chaleco todo en uno: as\u00ed es la prenda multiusos elegante y ponible que va a ser tu comod\u00edn esta temporada"},"content":{"rendered":"<p><!-- AUTHOR --><!-- COMPONENTS --><\/p>\n<p class=\"voc-paragraph\">Con un armario a rebosar en el que no entra ni un alfiler, las continuas novedades de tienda para primavera nos siguen tentando con espectaculares dise\u00f1os de <a data-voc-vtm-id=\"in-text-traffic\" href=\"https:\/\/www.mujerhoy.com\/moda\/no-te-pierdas\/vestido-flores-favorecedor-mango-look-diario-invitada-asequible-20220302082201-nt.html\">vestidos florales<\/a>, <a data-voc-vtm-id=\"in-text-traffic\" href=\"https:\/\/www.mujerhoy.com\/moda\/no-te-pierdas\/pantalones-estampados-originales-bonitos-triunfan-influencers-made-in-spain-look-tendencia-anos-70-20220222072821-nt.html\">pantalones estampados<\/a> y <a data-voc-vtm-id=\"in-text-traffic\" href=\"https:\/\/www.mujerhoy.com\/moda\/no-te-pierdas\/mono-satinado-bonito-barato-zara-mas-buscado-instagram-look-elegante-alternativa-vestido-20220108134912-nt.html\">glamurosos monos rojos<\/a>. Por muchos flechazos que tengamos con la ropa de nueva temporada, <strong>debemos empezar a ser m\u00e1s pr\u00e1cticas y buscar prendas vers\u00e1tiles<\/strong> multiusos que nos sirvan para cualquier ocasi\u00f3n, combinen f\u00e1cilmente en un look y luzcan elegantes.\n<\/p>\n<p class=\"voc-paragraph\">Normalmente esto suele ser com\u00fan en los vestidos y monos. Sin embargo, al final acabamos por desecharlos al verlos demasiado arreglados, poco c\u00f3modos o no saber c\u00f3mo llevarlos a diario. Queremos b\u00e1sicos elevados. Algo sencillo, que no pase de moda y con lo que no salgamos de nuestra zona de confort. Pero, a la vez deseamos originalidad, sofisticaci\u00f3n y estar acorde con las tendencias. Lo que necesitas es esta <strong>prenda 3 en 1 que acaba de llegar a H&amp;M<\/strong>.\n<\/p>\n<div class=\"voc-detail-photo-zoom\"><picture data-toggle=\"modal\" data-target=\"#photoZoomModal-426\" target=\"modal\">\n<div class=\"voc-img-icon-link\"><img loading=\"lazy\" data-original=\"\/\/static2.mujerhoy.com\/www\/multimedia\/202203\/09\/media\/cortadas\/vestido-gab-hm-kemF--460x637@MujerHoy.jpg\" class=\"lazy\"><noscript><img src=\"http:\/\/hoycordobaweb.com\/wp-content\/uploads\/2022\/03\/vestido-trench-y-chaleco-todo-en-uno-asi-es-la-prenda-multiusos-elegante-y-ponible-que-va-a-ser-tu-comodin-esta-temporada.jpg\"><\/noscript><i class=\"voc-icons zoom voc-multimedia-box voc-ico-l\"><\/i><\/div><figcaption class=\"figure-caption\"><\/figcaption><\/picture><\/div>\n<div id=\"photoZoomModal-426\" class=\"voc-lightbox modal fade voc-lightbox--photo-zoom\" role=\"dialog\" data-voc-photozoom-lightbox>\n<div class=\"voc-lightbox__dialog\" role=\"document\">\n<div class=\"voc-lightbox__content\"><!-- Modal header --><!-- Modal content --><\/p>\n<div class=\"voc-lightbox__photo-container\"><picture class><img loading=\"lazy\" data-original=\"\/\/static2.mujerhoy.com\/www\/multimedia\/202203\/09\/media\/cortadas\/vestido-gab-hm-kemF--460x637@MujerHoy.jpg\" class=\"lazy\"><noscript><img src=\"http:\/\/hoycordobaweb.com\/wp-content\/uploads\/2022\/03\/vestido-trench-y-chaleco-todo-en-uno-asi-es-la-prenda-multiusos-elegante-y-ponible-que-va-a-ser-tu-comodin-esta-temporada.jpg\"><\/noscript><\/picture><\/div>\n<\/div>\n<\/div>\n<\/div>\n<p class=\"voc-paragraph\">Esta prenda es un <strong>cl\u00e1sico elegante<\/strong> que no pasa de moda, puede emplearse en cualquier \u00e9poca del a\u00f1o estilizado de diversas maneras y es un favorito de las royals como <strong>Meghan Markle<\/strong>, que ha sido vista m\u00e1s de una vez con ella.\n<\/p>\n<p class=\"voc-paragraph\">Se trata de un <strong>vestido midi confeccionado en tejido sarga de algod\u00f3n, color beige<\/strong>. Su dise\u00f1o es el de un <strong>trench<\/strong>. Tiene cierre cruzado de doble botonadura, cuello de solapas con muesca, cintur\u00f3n removible de lazada a juego, bolsillos al bies en los laterales y detalle de trabillas en los hombros.\n<\/p>\n<p class=\"voc-paragraph\">Pero, al tener <strong>manga sisa<\/strong>, esto lo transforma autom\u00e1ticamente en una <strong>prenda multiusos tres en uno que vale tanto como gabardina, chaleco largo o vestido<\/strong>.\n<\/p>\n<div class=\"voc-detail-photo-zoom\"><picture data-toggle=\"modal\" data-target=\"#photoZoomModal-644\" target=\"modal\">\n<div class=\"voc-img-icon-link\"><img loading=\"lazy\" data-original=\"\/\/static.mujerhoy.com\/www\/multimedia\/202203\/09\/media\/cortadas\/vestido-gab-tras-kemF--460x637@MujerHoy.jpg\" class=\"lazy\"><noscript><img src=\"http:\/\/hoycordobaweb.com\/wp-content\/uploads\/2022\/03\/vestido-trench-y-chaleco-todo-en-uno-asi-es-la-prenda-multiusos-elegante-y-ponible-que-va-a-ser-tu-comodin-esta-temporada-1.jpg\"><\/noscript><i class=\"voc-icons zoom voc-multimedia-box voc-ico-l\"><\/i><\/div><figcaption class=\"figure-caption\"><\/figcaption><\/picture><\/div>\n<div id=\"photoZoomModal-644\" class=\"voc-lightbox modal fade voc-lightbox--photo-zoom\" role=\"dialog\" data-voc-photozoom-lightbox>\n<div class=\"voc-lightbox__dialog\" role=\"document\">\n<div class=\"voc-lightbox__content\"><!-- Modal header --><!-- Modal content --><\/p>\n<div class=\"voc-lightbox__photo-container\"><picture class><img loading=\"lazy\" data-original=\"\/\/static.mujerhoy.com\/www\/multimedia\/202203\/09\/media\/cortadas\/vestido-gab-tras-kemF--460x637@MujerHoy.jpg\" class=\"lazy\"><noscript><img src=\"http:\/\/hoycordobaweb.com\/wp-content\/uploads\/2022\/03\/vestido-trench-y-chaleco-todo-en-uno-asi-es-la-prenda-multiusos-elegante-y-ponible-que-va-a-ser-tu-comodin-esta-temporada-1.jpg\"><\/noscript><\/picture><\/div>\n<\/div>\n<\/div>\n<\/div>\n<p class=\"voc-paragraph\">Lo puedes encontrar en un rango amplio de tallas, entre XS y la XXL. \u00bfSu precio? 49,99 euros. Merece much\u00edsimo la pena ya que pocas veces conseguiremos dar con una pieza tan pr\u00e1ctica, vers\u00e1til y estilosa.\n<\/p>\n<div class=\"voc-detail-photo-zoom\"><picture data-toggle=\"modal\" data-target=\"#photoZoomModal-163\" target=\"modal\">\n<div class=\"voc-img-icon-link\"><img loading=\"lazy\" data-original=\"\/\/static1.mujerhoy.com\/www\/multimedia\/202203\/09\/media\/cortadas\/vestido-gab-percha-kemF--460x637@MujerHoy.jpg\" class=\"lazy\"><noscript><img src=\"http:\/\/hoycordobaweb.com\/wp-content\/uploads\/2022\/03\/vestido-trench-y-chaleco-todo-en-uno-asi-es-la-prenda-multiusos-elegante-y-ponible-que-va-a-ser-tu-comodin-esta-temporada-2.jpg\"><\/noscript><i class=\"voc-icons zoom voc-multimedia-box voc-ico-l\"><\/i><\/div><figcaption class=\"figure-caption\"><\/figcaption><\/picture><\/div>\n<div id=\"photoZoomModal-163\" class=\"voc-lightbox modal fade voc-lightbox--photo-zoom\" role=\"dialog\" data-voc-photozoom-lightbox>\n<div class=\"voc-lightbox__dialog\" role=\"document\">\n<div class=\"voc-lightbox__content\"><!-- Modal header --><!-- Modal content --><\/p>\n<div class=\"voc-lightbox__photo-container\"><picture class><img loading=\"lazy\" data-original=\"\/\/static1.mujerhoy.com\/www\/multimedia\/202203\/09\/media\/cortadas\/vestido-gab-percha-kemF--460x637@MujerHoy.jpg\" class=\"lazy\"><noscript><img src=\"http:\/\/hoycordobaweb.com\/wp-content\/uploads\/2022\/03\/vestido-trench-y-chaleco-todo-en-uno-asi-es-la-prenda-multiusos-elegante-y-ponible-que-va-a-ser-tu-comodin-esta-temporada-2.jpg\"><\/noscript><\/picture><\/div>\n<\/div>\n<\/div>\n<\/div>\n<p class=\"voc-paragraph\">Adem\u00e1s, <strong>lo puedes llevar en incontables looks y te solucionar\u00e1 las indecisiones diarias de cada ma\u00f1ana frente al armario<\/strong>. Puedes lucirlo solo con bailarinas, deportivas o zapatos de tac\u00f3n c\u00f3modo cuando llegue el buen tiempo. Con un jersey de cuello subido y botas altas para que lo estrenes ya mismo. Con blusas rom\u00e1nticas blancas o con estampado floral y faldas. Junto a vestidos midi. Con conjuntos de punto. Con vaqueros. Con un traje&#8230;\n<\/p>\n<p class=\"voc-paragraph\">Este vestido trench va con todo y es capaz de elevar hasta un outfit con b\u00e1sicos. No lo dejes escapar.\n<\/p>\n<div class=\"voc-detail__cmp voc-detail__cmp--pad-lr voc-detail__cmp--pad-lr--bdr\">\n<div class=\"voc-ficha-detail__wrapper\">\n<section class=\"voc-ficha-detail\">\n<h4 class=\"voc-ficha-detail-title voc-title-section\">Te recomendamos<\/h4>\n<\/section>\n<\/div>\n<\/div>\n<p><!-- TOPICS --><\/p>\n","protected":false},"excerpt":{"rendered":"<p>Con un armario a rebosar en el que no entra ni un alfiler, las continuas novedades de tienda para primavera nos siguen tentando con espectaculares dise\u00f1os de vestidos florales, pantalones estampados y glamurosos monos rojos. Por muchos flechazos que tengamos con la ropa de nueva temporada, debemos empezar a ser m\u00e1s pr\u00e1cticas y buscar prendas [&hellip;]<\/p>\n","protected":false},"author":1,"featured_media":38187,"comment_status":"closed","ping_status":"closed","sticky":false,"template":"","format":"standard","meta":[],"categories":[1],"tags":[],"_links":{"self":[{"href":"http:\/\/hoycordobaweb.com\/index.php\/wp-json\/wp\/v2\/posts\/38186"}],"collection":[{"href":"http:\/\/hoycordobaweb.com\/index.php\/wp-json\/wp\/v2\/posts"}],"about":[{"href":"http:\/\/hoycordobaweb.com\/index.php\/wp-json\/wp\/v2\/types\/post"}],"author":[{"embeddable":true,"href":"http:\/\/hoycordobaweb.com\/index.php\/wp-json\/wp\/v2\/users\/1"}],"replies":[{"embeddable":true,"href":"http:\/\/hoycordobaweb.com\/index.php\/wp-json\/wp\/v2\/comments?post=38186"}],"version-history":[{"count":0,"href":"http:\/\/hoycordobaweb.com\/index.php\/wp-json\/wp\/v2\/posts\/38186\/revisions"}],"wp:featuredmedia":[{"embeddable":true,"href":"http:\/\/hoycordobaweb.com\/index.php\/wp-json\/wp\/v2\/media\/38187"}],"wp:attachment":[{"href":"http:\/\/hoycordobaweb.com\/index.php\/wp-json\/wp\/v2\/media?parent=38186"}],"wp:term":[{"taxonomy":"category","embeddable":true,"href":"http:\/\/hoycordobaweb.com\/index.php\/wp-json\/wp\/v2\/categories?post=38186"},{"taxonomy":"post_tag","embeddable":true,"href":"http:\/\/hoycordobaweb.com\/index.php\/wp-json\/wp\/v2\/tags?post=38186"}],"curies":[{"name":"wp","href":"https:\/\/api.w.org\/{rel}","templated":true}]}}