{"id":38184,"date":"2022-03-10T00:15:07","date_gmt":"2022-03-10T00:15:07","guid":{"rendered":"https:\/\/www.ole.com.ar\/futbol-internacional\/champions\/lequipe-benzema-messi-psg-real_0_v37cGtbndI.html"},"modified":"2022-03-10T00:15:07","modified_gmt":"2022-03-10T00:15:07","slug":"la-tapa-de-lequipe-castigados-por-el-rey-benzema-y-un-6-para-messi","status":"publish","type":"post","link":"http:\/\/hoycordobaweb.com\/index.php\/2022\/03\/10\/la-tapa-de-lequipe-castigados-por-el-rey-benzema-y-un-6-para-messi\/","title":{"rendered":"La tapa de L&#8217;Equipe: \u00abCastigados por el Rey Benzema\u00bb y un 6 para Messi"},"content":{"rendered":"<p><img src=\"http:\/\/hoycordobaweb.com\/wp-content\/uploads\/2022\/03\/la-tapa-de-lequipe-castigados-por-el-rey-benzema-y-un-6-para-messi.jpg\"><\/p>\n<p>\u00bfQu\u00e9 dijeron en Francia <a data-cke-saved-href=\"https:\/\/www.ole.com.ar\/futbol-internacional\/champions\/real-madrid-psg-octavos-champions-vuelta_0_uW70ZWyjji.html\" target=\"_blank\" href=\"https:\/\/www.ole.com.ar\/futbol-internacional\/champions\/real-madrid-psg-octavos-champions-vuelta_0_uW70ZWyjji.html\" rel=\"noopener noreferrer\"><strong>de la derrota de PSG ante un Real Madrid que revivi\u00f3 gracias a Karim Benzema, autor de los tres goles en el Bernab\u00e9u<\/strong><\/a>? Obviamente, L&#8217;Equipe -tradicional medio deportivo- tom\u00f3 nota de todo los sucedido y brind\u00f3 su mirada. Elogios para unos y, desde luego, la desaprobaci\u00f3n para la mayor parte del otro bando.&nbsp;L\u00f3gicamente, quien se llev\u00f3 todas los aplausos&nbsp;fue el 9 del Madrid: \u00abCastigados por el Rey\u00bb, se titul\u00f3 en la tapa de papel del jueves, con la foto del <strong>delantero superando al pobre Gigi Donnarumma, arquero del conjunto de Mauricio Pochettino.<\/strong><\/p>\n<div class=\"sp__SM\">\n<div class=\"content-new \">\n<span class=\"tit-mobile\">Mir\u00e1 tambi\u00e9n<\/span><\/p>\n<div class=\"mg\">\n<div class=\"wrap-figure\">\n<picture>\n<a href=\"https:\/\/www.ole.com.ar\/futbol-internacional\/champions\/kylian-mbappe-zlatan-ibrahimovic-gol-champions-league-goleador-historico-psg-cavani_0_7V8UBpeceh.html\" target=\"_self\" rel=\"noopener noreferrer\"><br \/>\n<img class=\"img-responsive\" alt=\"Mbapp\u00e9 figura opacada y, \u00bfa cu\u00e1nto de ser goleador hist\u00f3rico del PSG?\" src=\"http:\/\/hoycordobaweb.com\/wp-content\/uploads\/2022\/03\/la-tapa-de-lequipe-castigados-por-el-rey-benzema-y-un-6-para-messi-2.jpg\" loading=\"lazy\"><br \/>\n<\/a>\n<\/picture>\n<\/div>\n<\/div><\/div>\n<\/div>\n<div class=\"sp__SM\">\n<div class=\"content-new \">\n<span class=\"tit-mobile\">Mir\u00e1 tambi\u00e9n<\/span><\/p>\n<div class=\"mg\">\n<div class=\"wrap-figure\">\n<picture>\n<a href=\"https:\/\/www.ole.com.ar\/futbol-internacional\/champions\/mbappe-gol-anulado-psg-real_0_7fkhVAcgpt.html\" target=\"_self\" rel=\"noopener noreferrer\"><br \/>\n<img class=\"img-responsive\" alt=\"Video: genialidad de Mbapp\u00e9 a pesar del gol anulado al PSG\" src=\"http:\/\/hoycordobaweb.com\/wp-content\/uploads\/2022\/03\/la-tapa-de-lequipe-castigados-por-el-rey-benzema-y-un-6-para-messi-3.jpg\" loading=\"lazy\"><br \/>\n<\/a>\n<\/picture>\n<\/div>\n<\/div><\/div>\n<\/div>\n<div class=\"sp__Normal\">\n<div class=\"image-embeb image-trigger\">\n<picture><source media=\"(min-width: 720px)\" srcset=\"http:\/\/hoycordobaweb.com\/wp-content\/uploads\/2022\/03\/la-tapa-de-lequipe-castigados-por-el-rey-benzema-y-un-6-para-messi-4.jpg\"><img itemprop=\"image\" src=\"http:\/\/hoycordobaweb.com\/wp-content\/uploads\/2022\/03\/la-tapa-de-lequipe-castigados-por-el-rey-benzema-y-un-6-para-messi-4.jpg\" loading=\"lazy\" alt=\"La tapa de L'Equipe.\">\n<\/picture><figcaption>\n<p>La tapa de L&#8217;Equipe.\n<\/p>\n<\/figcaption><\/div>\n<\/div>\n<div class=\"sp__SM\">\n<div class=\"content-new \">\n<span class=\"tit-mobile\">Mir\u00e1 tambi\u00e9n<\/span><\/p>\n<div class=\"mg\">\n<div class=\"wrap-figure\">\n<picture>\n<a href=\"https:\/\/www.ole.com.ar\/futbol-internacional\/champions\/regalo-donnarumma-benema-psg-real-madrid-champions_0_ed1HSKSDdV.html\" target=\"_self\" rel=\"noopener noreferrer\"><br \/>\n<img class=\"img-responsive\" alt=\"Grosero error de Donnarumma y la debacle del PSG\" src=\"http:\/\/hoycordobaweb.com\/wp-content\/uploads\/2022\/03\/la-tapa-de-lequipe-castigados-por-el-rey-benzema-y-un-6-para-messi-5.jpg\" loading=\"lazy\"><br \/>\n<\/a>\n<\/picture>\n<\/div>\n<\/div><\/div>\n<\/div>\n<p>Adem\u00e1s, en otra imagen que se hizo viral en redes sociales, L&#8217;Equipe us\u00f3 el t\u00e9rmino <strong>\u00abLe Messie (el Mes\u00edas)\u00bb para destacar a Benzema<\/strong>, el h\u00e9roe absoluto de la noche del mi\u00e9rcoles en Madrid por la vuelta de octavos de la Champions League. \u00bfPalito mediante para Messi en el juego de palabras?<\/p>\n<div class=\"sp__SM\">\n<div class=\"content-new \">\n<span class=\"tit-mobile\">Mir\u00e1 tambi\u00e9n<\/span><\/p>\n<div class=\"mg\">\n<div class=\"wrap-figure\">\n<picture>\n<a href=\"https:\/\/www.ole.com.ar\/futbol-internacional\/champions\/psg-saque-medio-perdida-gol-real-madrid_0_sBiPhkNR3b.html\" target=\"_self\" rel=\"noopener noreferrer\"><br \/>\n<img class=\"img-responsive\" alt=\"Ins\u00f3lito: el PSG sac\u00f3 del medio y le metieron el tercero, \u00bfqu\u00e9 paso?\" src=\"http:\/\/hoycordobaweb.com\/wp-content\/uploads\/2022\/03\/la-tapa-de-lequipe-castigados-por-el-rey-benzema-y-un-6-para-messi-6.jpg\" loading=\"lazy\"><br \/>\n<\/a>\n<\/picture>\n<\/div>\n<\/div><\/div>\n<\/div>\n<div class=\"sp__Normal\">\n<div class=\"image-embeb image-trigger\" readability=\"6\">\n<picture><source media=\"(min-width: 720px)\" srcset=\"http:\/\/hoycordobaweb.com\/wp-content\/uploads\/2022\/03\/la-tapa-de-lequipe-castigados-por-el-rey-benzema-y-un-6-para-messi-7.jpg\"><img itemprop=\"image\" src=\"http:\/\/hoycordobaweb.com\/wp-content\/uploads\/2022\/03\/la-tapa-de-lequipe-castigados-por-el-rey-benzema-y-un-6-para-messi-7.jpg\" loading=\"lazy\" alt=\"Otro elogio para Benzema.\">\n<\/picture><figcaption readability=\"2\">\n<p>Otro elogio para Benzema.\n<\/p>\n<\/figcaption><\/div>\n<\/div>\n<div class=\"sp__SM\">\n<div class=\"content-new \">\n<span class=\"tit-mobile\">Mir\u00e1 tambi\u00e9n<\/span><\/p>\n<div class=\"mg\">\n<div class=\"wrap-figure\">\n<picture>\n<a href=\"https:\/\/www.ole.com.ar\/futbol-internacional\/champions\/messi-sueno-roto-psg-real-madrid_0_wIcLKzTLk2.html\" target=\"_self\" rel=\"noopener noreferrer\"><br \/>\n<img class=\"img-responsive\" alt=\"Messi: apagado, tiro libre al final y sue\u00f1o roto muy r\u00e1pido\" src=\"http:\/\/hoycordobaweb.com\/wp-content\/uploads\/2022\/03\/la-tapa-de-lequipe-castigados-por-el-rey-benzema-y-un-6-para-messi-8.jpg\" loading=\"lazy\"> <\/a>\n<\/picture>\n<\/div>\n<\/div><\/div>\n<\/div>\n<h2><mark><strong>\u00bfC\u00d3MO LO VIERON A MESSI?<\/strong><\/mark><\/h2>\n<p>Respecto a otras actuaciones, no fueron cr\u00edticos con Messi en cuanto a los puntajes. Al contrario, despu\u00e9s de Mbapp\u00e9 y Verratti (ambos con 7),<strong> Leo fue de lo mejorcito de PSG junto a Danilo Pereira, tambi\u00e9n con 6, desde la lupa del medio franc\u00e9s<\/strong>. Entre otras cosas, destacaron la movilidad del 30, establecido a la derecha inicialmente. Adem\u00e1s, su compromiso para tratar de unir al equipo con sus pases y su solidaridad a la hora de defender.<mark><strong> Lamentaron que no haya tenido muchas oportunidades, con s\u00f3lo un tiro libre que se fue por arriba del travesa\u00f1o en el final.<\/strong><\/mark><\/p>\n<div class=\"sp__SM\">\n<div class=\"content-new \">\n<span class=\"tit-mobile\">Mir\u00e1 tambi\u00e9n<\/span><\/p>\n<div class=\"mg\">\n<div class=\"wrap-figure\">\n<picture>\n<a href=\"https:\/\/www.ole.com.ar\/futbol-internacional\/champions\/psg-champions-eliminaciones_0_zhZRNOAHik.html\" target=\"_self\" rel=\"noopener noreferrer\"><br \/>\n<img class=\"img-responsive\" alt=\"PSG: nuevo fracaso y una Champions esquiva\" src=\"http:\/\/hoycordobaweb.com\/wp-content\/uploads\/2022\/03\/la-tapa-de-lequipe-castigados-por-el-rey-benzema-y-un-6-para-messi-9.jpg\" loading=\"lazy\"><br \/>\n<\/a>\n<\/picture>\n<\/div>\n<\/div><\/div>\n<\/div>\n<div class=\"sp__SM\">\n<div class=\"content-new \">\n<span class=\"tit-mobile\">Mir\u00e1 tambi\u00e9n<\/span><\/p>\n<div class=\"mg\">\n<div class=\"wrap-figure\">\n<picture>\n<a href=\"https:\/\/www.ole.com.ar\/futbol-internacional\/champions\/benzema-real-madrid-paris-saint-germain_0_ik7AA2X066.html\" target=\"_self\" rel=\"noopener noreferrer\"><br \/>\n<img class=\"img-responsive\" alt=\"Benzema: triplete, boleto a cuartos y marca hist\u00f3rica\" src=\"http:\/\/hoycordobaweb.com\/wp-content\/uploads\/2022\/03\/la-tapa-de-lequipe-castigados-por-el-rey-benzema-y-un-6-para-messi-10.jpg\" loading=\"lazy\"><br \/>\n<\/a>\n<\/picture>\n<\/div>\n<\/div><\/div>\n<\/div>\n<p><span><span>Sin embargo, s\u00ed llam\u00f3 la atenci\u00f3n fue una foto web&nbsp;en la que se ve a un Messi golpeado y la palabra IRRATIONNEL (IRRACIONAL) complet\u00e1ndola, en otro juego de palabras con el nombre del argentino. \u00bfQu\u00e9 quisieron decir? \u00bfIncredulidad por la derrota de un equipo plagado de estrellas que estaba 2-0 arriba en la serie?<\/span><\/span><\/p>\n<div class=\"sp__Normal\">\n<div class=\"image-embeb image-trigger\">\n<picture><source media=\"(min-width: 720px)\" srcset=\"http:\/\/hoycordobaweb.com\/wp-content\/uploads\/2022\/03\/la-tapa-de-lequipe-castigados-por-el-rey-benzema-y-un-6-para-messi-11.jpg\"><img itemprop=\"image\" src=\"http:\/\/hoycordobaweb.com\/wp-content\/uploads\/2022\/03\/la-tapa-de-lequipe-castigados-por-el-rey-benzema-y-un-6-para-messi-11.jpg\" loading=\"lazy\" alt=\"Un apartado para Messi.\">\n<\/picture><figcaption>\n<p>Un apartado para Messi.\n<\/p>\n<\/figcaption><\/div>\n<\/div>\n<div class=\"sp__Normal\">\n<div class=\"image-embeb image-trigger\" readability=\"6\">\n<picture><source media=\"(min-width: 720px)\" srcset=\"http:\/\/hoycordobaweb.com\/wp-content\/uploads\/2022\/03\/la-tapa-de-lequipe-castigados-por-el-rey-benzema-y-un-6-para-messi-12.jpg\"><img itemprop=\"image\" src=\"http:\/\/hoycordobaweb.com\/wp-content\/uploads\/2022\/03\/la-tapa-de-lequipe-castigados-por-el-rey-benzema-y-un-6-para-messi-12.jpg\" loading=\"lazy\" alt=\"La puntuaci\u00f3n para Messi.\">\n<\/picture><figcaption readability=\"2\">\n<p>La puntuaci\u00f3n para Messi.\n<\/p>\n<\/figcaption><\/div>\n<\/div>\n<div class=\"sp__Normal\">\n<div class=\"image-embeb image-trigger\" readability=\"6\">\n<picture><source media=\"(min-width: 720px)\" srcset=\"http:\/\/hoycordobaweb.com\/wp-content\/uploads\/2022\/03\/la-tapa-de-lequipe-castigados-por-el-rey-benzema-y-un-6-para-messi-13.jpg\"><img itemprop=\"image\" src=\"http:\/\/hoycordobaweb.com\/wp-content\/uploads\/2022\/03\/la-tapa-de-lequipe-castigados-por-el-rey-benzema-y-un-6-para-messi-13.jpg\" loading=\"lazy\" alt=\"Los puntajes de los 22 iniciales.\">\n<\/picture><figcaption readability=\"2\">\n<p>Los puntajes de los 22 iniciales.\n<\/p>\n<\/figcaption><\/div>\n<\/div>\n<p><mark><strong>\u00bfLo m\u00e1s castigados? <\/strong><\/mark>Donnarumma <a data-cke-saved-href=\"https:\/\/www.ole.com.ar\/futbol-internacional\/champions\/regalo-donnarumma-benema-psg-real-madrid-champions_0_ed1HSKSDdV.html\" target=\"_blank\" href=\"https:\/\/www.ole.com.ar\/futbol-internacional\/champions\/regalo-donnarumma-benema-psg-real-madrid-champions_0_ed1HSKSDdV.html\" rel=\"noopener noreferrer\">-por su falla en el 1-1-<\/a>, Marquinhos y Kimpembe, con responsabilidad en los tantos restantes del Merengue. 2 para el arquero y 3 para los centrales. En tanto, la figura Benzema recibi\u00f3 un 9.&nbsp;<\/p>\n<div class=\"sp__SM\">\n<div class=\"content-new \">\n<span class=\"tit-mobile\">Mir\u00e1 tambi\u00e9n<\/span><\/p>\n<div class=\"mg\">\n<div class=\"wrap-figure\">\n<picture>\n<a href=\"https:\/\/www.ole.com.ar\/-\/francotirador-psg-equipo-real_0_cy2rFPEbQ7.html\" target=\"_self\" rel=\"noopener noreferrer\"><br \/>\n<img class=\"img-responsive\" alt=\"El PSG nunca fue un equipo\" src=\"http:\/\/hoycordobaweb.com\/wp-content\/uploads\/2022\/03\/la-tapa-de-lequipe-castigados-por-el-rey-benzema-y-un-6-para-messi-14.jpg\" loading=\"lazy\"><br \/>\n<\/a>\n<\/picture>\n<\/div>\n<\/div><\/div>\n<\/div>\n<div class=\"sp__SM\">\n<div class=\"content-new \">\n<span class=\"tit-mobile\">Mir\u00e1 tambi\u00e9n<\/span><\/p>\n<div class=\"mg\">\n<div class=\"wrap-figure\">\n<picture>\n<a href=\"https:\/\/www.ole.com.ar\/futbol-internacional\/champions\/pochettino-psg-real-madrid-champions_0_eUQ5YoLRGZ.html\" target=\"_self\" rel=\"noopener noreferrer\"><br \/>\n<img class=\"img-responsive\" alt=\"Pochettino: desequilibro emocional y quejas por el arbitraje\" src=\"http:\/\/hoycordobaweb.com\/wp-content\/uploads\/2022\/03\/la-tapa-de-lequipe-castigados-por-el-rey-benzema-y-un-6-para-messi-15.jpg\" loading=\"lazy\"><br \/>\n<\/a>\n<\/picture>\n<\/div>\n<\/div><\/div>\n<\/div>\n<div class=\"sp__SM\">\n<div class=\"content-new \">\n<span class=\"tit-mobile\">Mir\u00e1 tambi\u00e9n<\/span><\/p>\n<div class=\"mg\">\n<div class=\"wrap-figure\">\n<picture>\n<a href=\"https:\/\/www.ole.com.ar\/futbol-internacional\/champions\/ancelotti-lapidario-psg-champions_0_0xhwmIj3EI.html\" target=\"_self\" rel=\"noopener noreferrer\"><br \/>\n<img class=\"img-responsive\" alt=\"La lapidaria frase de Ancelotti para PSG\" src=\"http:\/\/hoycordobaweb.com\/wp-content\/uploads\/2022\/03\/la-tapa-de-lequipe-castigados-por-el-rey-benzema-y-un-6-para-messi-16.jpg\" loading=\"lazy\"><br \/>\n<\/a>\n<\/picture>\n<\/div>\n<\/div><\/div>\n<\/div>\n<div class=\"sp__SM\">\n<div class=\"content-new \">\n<span class=\"tit-mobile\">Mir\u00e1 tambi\u00e9n<\/span><\/p>\n<div class=\"mg\">\n<div class=\"wrap-figure\">\n<picture>\n<a href=\"https:\/\/www.ole.com.ar\/futbol-internacional\/champions\/psg-memes-eliminacion-champions-league_0_vVtjBTEEs2.html\" target=\"_self\" rel=\"noopener noreferrer\"><br \/>\n<img class=\"img-responsive\" alt=\"Los memes del fracaso del PSG en la Champions\" src=\"http:\/\/hoycordobaweb.com\/wp-content\/uploads\/2022\/03\/la-tapa-de-lequipe-castigados-por-el-rey-benzema-y-un-6-para-messi-17.jpg\" loading=\"lazy\"><br \/>\n<\/a>\n<\/picture>\n<\/div>\n<\/div><\/div>\n<\/div>\n<div class=\"entry-tags\">\n<h2>TEMAS QUE APARECEN EN ESTA NOTA<\/h2>\n<\/p><\/div>\n","protected":false},"excerpt":{"rendered":"<p>\u00bfQu\u00e9 dijeron en Francia de la derrota de PSG ante un Real Madrid que revivi\u00f3 gracias a Karim Benzema, autor de los tres goles en el Bernab\u00e9u? Obviamente, L&#8217;Equipe -tradicional medio deportivo- tom\u00f3 nota de todo los sucedido y brind\u00f3 su mirada. Elogios para unos y, desde luego, la desaprobaci\u00f3n para la mayor parte del [&hellip;]<\/p>\n","protected":false},"author":1,"featured_media":38185,"comment_status":"open","ping_status":"closed","sticky":false,"template":"","format":"standard","meta":[],"categories":[16],"tags":[],"_links":{"self":[{"href":"http:\/\/hoycordobaweb.com\/index.php\/wp-json\/wp\/v2\/posts\/38184"}],"collection":[{"href":"http:\/\/hoycordobaweb.com\/index.php\/wp-json\/wp\/v2\/posts"}],"about":[{"href":"http:\/\/hoycordobaweb.com\/index.php\/wp-json\/wp\/v2\/types\/post"}],"author":[{"embeddable":true,"href":"http:\/\/hoycordobaweb.com\/index.php\/wp-json\/wp\/v2\/users\/1"}],"replies":[{"embeddable":true,"href":"http:\/\/hoycordobaweb.com\/index.php\/wp-json\/wp\/v2\/comments?post=38184"}],"version-history":[{"count":0,"href":"http:\/\/hoycordobaweb.com\/index.php\/wp-json\/wp\/v2\/posts\/38184\/revisions"}],"wp:featuredmedia":[{"embeddable":true,"href":"http:\/\/hoycordobaweb.com\/index.php\/wp-json\/wp\/v2\/media\/38185"}],"wp:attachment":[{"href":"http:\/\/hoycordobaweb.com\/index.php\/wp-json\/wp\/v2\/media?parent=38184"}],"wp:term":[{"taxonomy":"category","embeddable":true,"href":"http:\/\/hoycordobaweb.com\/index.php\/wp-json\/wp\/v2\/categories?post=38184"},{"taxonomy":"post_tag","embeddable":true,"href":"http:\/\/hoycordobaweb.com\/index.php\/wp-json\/wp\/v2\/tags?post=38184"}],"curies":[{"name":"wp","href":"https:\/\/api.w.org\/{rel}","templated":true}]}}