{"id":38105,"date":"2022-03-08T19:10:00","date_gmt":"2022-03-08T19:10:00","guid":{"rendered":"http:\/\/hoycordobaweb.com\/index.php\/2022\/03\/08\/mariana-gaitan-las-futbolistas-no-somos-solamente-11-en-la-cancha-somos-millones\/"},"modified":"2022-03-08T19:10:00","modified_gmt":"2022-03-08T19:10:00","slug":"mariana-gaitan-las-futbolistas-no-somos-solamente-11-en-la-cancha-somos-millones","status":"publish","type":"post","link":"http:\/\/hoycordobaweb.com\/index.php\/2022\/03\/08\/mariana-gaitan-las-futbolistas-no-somos-solamente-11-en-la-cancha-somos-millones\/","title":{"rendered":"Mariana Gait\u00e1n: \u00abLas futbolistas no somos solamente 11 en la cancha, somos millones\u00bb"},"content":{"rendered":"<p><img src=\"http:\/\/hoycordobaweb.com\/wp-content\/uploads\/2022\/03\/mariana-gaitan-las-futbolistas-no-somos-solamente-11-en-la-cancha-somos-millones.jpg\"><\/p>\n<figure class=\"mb-3\"><img loading=\"lazy\" src=\"http:\/\/hoycordobaweb.com\/wp-content\/uploads\/2022\/03\/mariana-gaitan-las-futbolistas-no-somos-solamente-11-en-la-cancha-somos-millones-2.jpg\" width=\"100%\" height=\"100%\" alt=\"La mediocampista de UAI Urquiza seal que la educacin es fundamental para la futbolista y para toda mujer Foto Victoria Egurza\"><figcaption> La mediocampista de UAI Urquiza se\u00f1al\u00f3 que la educaci\u00f3n es fundamental para la futbolista y para toda mujer. (Foto: Victoria Egurza). <\/figcaption><\/figure>\n<p>Mariana Gait\u00e1n, capitana y mediocampista de UAI Urquiza, expres\u00f3 este martes, en el D\u00eda Internacional de la Mujer, que deben \u00abseguir luchando y so\u00f1ando\u00bb porque de esa manera conseguir\u00e1n m\u00e1s objetivos en busca de la igualdad de g\u00e9nero y analiz\u00f3 el presente del f\u00fatbol femenino en la Argentina.<\/p>\n<p>\u00abQue la mujer futbolista se anime y siga so\u00f1ando en grande.<strong> No somos solamente 11 en la cancha, somos millones\u00bb<\/strong>, expres\u00f3 Gait\u00e1n en entrevista con T\u00e9lam.<\/p>\n<p>\u00ab<strong>La lucha se transmite de generaci\u00f3n en generaci\u00f3n. <\/strong>Que a partir de esa lucha seamos felices, libres, que no nos callemos. Si tenemos que decir algo, hacerlo con valent\u00eda. Basta de violencia. Que esta sociedad nos ayude y ayude a todos a cambiar\u00bb, indic\u00f3 la volante de UAI Urquiza desde el hotel Savoy, donde particip\u00f3 de la campa\u00f1a \u00abVolver a Estudiar\u00bb.<\/p>\n<p>\u00abEstar ac\u00e1 en el D\u00eda Internacional de la Mujer es especial. <strong>Tenemos la lucha del f\u00fatbol femenino, que se une a la lucha por los derechos de la mujer<\/strong>, y la futbolista debe estudiar para encarar la lucha por el profesionalismo\u00bb, dijo la capitana de la UAI, equipo campe\u00f3n de la Copa Federal -en febrero de este a\u00f1o- tras ganarle 2-1 la final a Boca.<\/p>\n<blockquote class=\"twitter-tweet\" readability=\"5.0322580645161\">\n<p lang=\"es\" dir=\"ltr\"><a href=\"https:\/\/twitter.com\/hashtag\/F%C3%BAtbolFemenino?src=hash&amp;ref_src=twsrc%5Etfw\">#F\u00fatbolFemenino<\/a> <a href=\"https:\/\/twitter.com\/hashtag\/CampeonatoYPF?src=hash&amp;ref_src=twsrc%5Etfw\">#CampeonatoYPF<\/a> \u26bd\ufe0f<\/p>\n<p>\u00a1ENTRADA EN CALOR! \ud83d\udd25\ud83d\udcaa\ud83c\udffd<\/p>\n<p>Se mueven Las Guerreras <a href=\"https:\/\/twitter.com\/hashtag\/VamosFurg%C3%B3n?src=hash&amp;ref_src=twsrc%5Etfw\">#VamosFurg\u00f3n<\/a> \ud83d\ude82 <a href=\"https:\/\/t.co\/cpvyySLLLc\">pic.twitter.com\/cpvyySLLLc<\/a><\/p>\n<p>\u2014 UAI Urquiza (@clubuaiurquiza) <a href=\"https:\/\/twitter.com\/clubuaiurquiza\/status\/1500916962591121411?ref_src=twsrc%5Etfw\">March 7, 2022<\/a><\/p><\/blockquote>\n<p>Gait\u00e1n, oriunda de Villaguay, Entre R\u00edos, se\u00f1al\u00f3 que<strong> fue \u00abdif\u00edcil\u00bb adaptarse a la vida en Buenos Aires <\/strong>y estudiar les permite insertarse en la sociedad de cualquier parte del mundo.<\/p>\n<p>\u00abAntes de venir a la UAI no ten\u00eda la posibilidad de estudiar y <strong>en este club me ofrecieron la carrera de educaci\u00f3n f\u00edsica y as\u00ed segu\u00ed estudiando.<\/strong> Para la futbolista, y la sociedad, es fundamental estudiar. Para formarse en todo sentido\u00bb, apunt\u00f3 la ex volante de Ferroviaria de Brasil.<\/p>\n<p>Para la \u00abGur\u00ed\u00bb, el f\u00fatbol femenino del pa\u00eds contin\u00faa en fase \u00absemiprofesional\u00bb, comparado con el f\u00fatbol masculino.&nbsp;\u00abHan cambiado algunas cosas.<strong> Ahora tenemos contrato, hay televisaci\u00f3n, m\u00e1s auspiciantes<\/strong>, y vamos sumando a paso a paso, pero tenemos que equiparar los sueldos. No todas cobramos lo que cobra un futbolista profesional\u00bb, afirm\u00f3 Gait\u00e1n a T\u00e9lam.<\/p>\n<p>\u00abEl f\u00fatbol femenino est\u00e1 m\u00e1s cerca del ascenso y llegamos a esos sueldos o tal vez un poco m\u00e1s bajos. La futbolista deber\u00eda formarse m\u00e1s para estar atenta, para dedicarse s\u00f3lo al f\u00fatbol. No tener que combinarlo con otro trabajo. O jugar y tener tiempo para estudiar, porque<strong> la futbolista vive a mil, porque no puede vivir del f\u00fatbol<\/strong>\u00ab, explic\u00f3.<\/p>\n<p>Gait\u00e1n, de 32 a\u00f1os, consider\u00f3 muy alentador que Daniela D\u00edaz, su excompa\u00f1era en UAI Urquiza, se haya hecho cargo del primer equipo femenino de River Plate.<strong>&nbsp;\u00abEs un orgullo, m\u00e1s all\u00e1 que sea mi amiga, porque veo que la mujer ocupa m\u00e1s lugares en el \u00e1mbito del f\u00fatbol <\/strong>y me pone contenta. Por eso se necesita capacitaci\u00f3n para seguir insert\u00e1ndose en el f\u00fatbol femenino y en el masculino. Yo creo que en un futuro se puede dar que una mujer sea entrenadora en el f\u00fatbol masculino. Eso lleva trabajo y estamos en constante crecimiento\u00bb, sostuvo la \u00abGur\u00ed\u00bb, quien inici\u00f3 su camino en el f\u00fatbol en los potreros de Villaguay, de la mano de sus hermanos.<\/p>\n<p>Gait\u00e1n, quien form\u00f3 parte del seleccionado argentino que gan\u00f3 el repechaje ante Panam\u00e1 para competir en el Mundial de Francia 2019, depar\u00f3 elogios para Germ\u00e1n Portanova, el seleccionador argentino de f\u00fatbol femenino.&nbsp;\u00abPortanova tiene una historia diferente a lo que era Carlos Borrello. Los dos son aceptables, pero cada uno con su manera y distinta manera de ver el juego. <strong>Portanova lleva a que el equipo sea m\u00e1s ofensivo, con mucho estudio e hincapi\u00e9 en el grupo<\/strong>\u00ab, afirm\u00f3 Gait\u00e1n a T\u00e9lam.<\/p>\n<p>Por \u00faltimo, Gait\u00e1n dijo que est\u00e1 \u00abfeliz\u00bb en UAI Urquiza, en la b\u00fasqueda de m\u00e1s t\u00edtulos: \u00ab<strong>Tuve propuestas de otros clubes, de afuera y del pa\u00eds, pero siempre te quer\u00e9s quedar donde est\u00e1s bien.<\/strong> Hay un sentido de pertenencia por el club tambi\u00e9n y quiero seguir cumpliendo sue\u00f1os en la UAI, con la Copa Libertadores de por medio\u00bb.<\/p>\n<p>Y agreg\u00f3: \u00ab<strong>Cuando me retire del f\u00fatbol tendr\u00e9 mis herramientas como profesora, como licenciada, como directora deportiva.<\/strong> Quiero demostrar que UAI Urquiza puede seguir ganando ante los clubes grandes, seguir trabajando en los sue\u00f1os y demostrarlo en la cancha\u00bb. <\/p>\n","protected":false},"excerpt":{"rendered":"<p>La mediocampista de UAI Urquiza se\u00f1al\u00f3 que la educaci\u00f3n es fundamental para la futbolista y para toda mujer. (Foto: Victoria Egurza). Mariana Gait\u00e1n, capitana y mediocampista de UAI Urquiza, expres\u00f3 este martes, en el D\u00eda Internacional de la Mujer, que deben \u00abseguir luchando y so\u00f1ando\u00bb porque de esa manera conseguir\u00e1n m\u00e1s objetivos en busca de [&hellip;]<\/p>\n","protected":false},"author":1,"featured_media":38106,"comment_status":"open","ping_status":"closed","sticky":false,"template":"","format":"standard","meta":[],"categories":[16],"tags":[],"_links":{"self":[{"href":"http:\/\/hoycordobaweb.com\/index.php\/wp-json\/wp\/v2\/posts\/38105"}],"collection":[{"href":"http:\/\/hoycordobaweb.com\/index.php\/wp-json\/wp\/v2\/posts"}],"about":[{"href":"http:\/\/hoycordobaweb.com\/index.php\/wp-json\/wp\/v2\/types\/post"}],"author":[{"embeddable":true,"href":"http:\/\/hoycordobaweb.com\/index.php\/wp-json\/wp\/v2\/users\/1"}],"replies":[{"embeddable":true,"href":"http:\/\/hoycordobaweb.com\/index.php\/wp-json\/wp\/v2\/comments?post=38105"}],"version-history":[{"count":0,"href":"http:\/\/hoycordobaweb.com\/index.php\/wp-json\/wp\/v2\/posts\/38105\/revisions"}],"wp:featuredmedia":[{"embeddable":true,"href":"http:\/\/hoycordobaweb.com\/index.php\/wp-json\/wp\/v2\/media\/38106"}],"wp:attachment":[{"href":"http:\/\/hoycordobaweb.com\/index.php\/wp-json\/wp\/v2\/media?parent=38105"}],"wp:term":[{"taxonomy":"category","embeddable":true,"href":"http:\/\/hoycordobaweb.com\/index.php\/wp-json\/wp\/v2\/categories?post=38105"},{"taxonomy":"post_tag","embeddable":true,"href":"http:\/\/hoycordobaweb.com\/index.php\/wp-json\/wp\/v2\/tags?post=38105"}],"curies":[{"name":"wp","href":"https:\/\/api.w.org\/{rel}","templated":true}]}}