{"id":38085,"date":"2022-03-08T01:26:02","date_gmt":"2022-03-08T01:26:02","guid":{"rendered":"https:\/\/www.ole.com.ar\/futbol-internacional\/river-mvp-castellanos_0_K4odbkS3hb.html"},"modified":"2022-03-08T01:26:02","modified_gmt":"2022-03-08T01:26:02","slug":"lo-quiso-river-y-gano-el-mvp","status":"publish","type":"post","link":"http:\/\/hoycordobaweb.com\/index.php\/2022\/03\/08\/lo-quiso-river-y-gano-el-mvp\/","title":{"rendered":"Lo quiso River y gan\u00f3 el MVP"},"content":{"rendered":"<p><img src=\"http:\/\/hoycordobaweb.com\/wp-content\/uploads\/2022\/03\/lo-quiso-river-y-gano-el-mvp.jpg\"><\/p>\n<p><a alt=\"valentin-castellanos\" class=\"slug\" href=\"https:\/\/www.ole.com.ar\/tema\/valentin-castellanos.html\" target=\"_blank\" title=\"valentin-castellanos\" rel=\"noopener noreferrer\">Valent\u00edn Castellanos <\/a>fue <a href=\"https:\/\/www.ole.com.ar\/river-plate\/river-castellano-gallardo-new-york_0_MFzWGP9Kwx.html\" target=\"_blank\" rel=\"noopener noreferrer\">una apuesta muy fuerte de River<\/a> durante el verano. Pero la cotizaci\u00f3n del delantero argentino, de 15 millones de d\u00f3lares, estuvo por encima de las posibilidades de la dirigencia a cargo de Jorge Brito. Es que el rendimiento del futbolista motiv\u00f3 el inter\u00e9s de Marcelo Gallardo. Y esa expectativa del Mu\u00f1e qued\u00f3 ratificada esta semana: <strong>el punta fue elegido el MVP de la <a alt=\"major-league-soccer\" class=\"slug\" href=\"https:\/\/www.ole.com.ar\/tema\/major-league-soccer.html\" target=\"_blank\" title=\"major-league-soccer\" rel=\"noopener noreferrer\">MLS <\/a>por el sitio Transfermarkt.<\/strong><\/p>\n<p>Castellanos, de 23 a\u00f1os, meti\u00f3 23 goles en 36 partidos en la \u00faltima temporada. Y sus n\u00fameros generales, con cuatro temporadas, tambi\u00e9n son buenos: 44 tantos en 133 partidos desde que se sum\u00f3 al club en 2019.<\/p>\n<p>El jugador, con seis presencias en la Sub 23 de la Selecci\u00f3n Argentina, <a href=\"https:\/\/www.ole.com.ar\/river-plate\/castellanos-river-gallardo_0_eCtFPOvKJ5.html\" target=\"_blank\" rel=\"noopener noreferrer\">cont\u00f3 que es hincha de River<\/a> y con eso intent\u00f3 presionar a favor de una transferencia, pero la conducci\u00f3n del New York FC no acept\u00f3 las condiciones de pago que ofreci\u00f3 el Millo.<\/p>\n<div class=\"sp__SM\">\n<div class=\"content-new \">\n<span class=\"tit-mobile\">Mir\u00e1 tambi\u00e9n<\/span><\/p>\n<div class=\"mg\">\n<div class=\"wrap-figure\">\n<picture>\n<a href=\"https:\/\/www.ole.com.ar\/futbol-internacional\/nervo-cocca-atlas-paz_0_5uc3BmRDVU.html\" target=\"_self\" rel=\"noopener noreferrer\"><br \/>\n<img class=\"img-responsive\" alt=\"Nervo, Cocca y todo Atlas por la paz\" src=\"http:\/\/hoycordobaweb.com\/wp-content\/uploads\/2022\/03\/lo-quiso-river-y-gano-el-mvp-2.jpg\" loading=\"lazy\"><br \/>\n<\/a>\n<\/picture>\n<\/div>\n<\/div><\/div>\n<\/div>\n<p>\u00bfQu\u00e9 pasar\u00e1 en el mercado de pases de mitad de a\u00f1o?<\/p>\n<h2><strong>Jugadas de Valent\u00edn<\/strong><\/h2>\n<div class=\"sp__SM\">\n<div class=\"content-new \">\n<span class=\"tit-mobile\">Mir\u00e1 tambi\u00e9n<\/span><\/p>\n<div class=\"mg\">\n<div class=\"wrap-figure\">\n<picture>\n<a href=\"https:\/\/www.ole.com.ar\/seleccion\/seleccion-scouting-scaloni-romeo_0_VUCD3TKlkr.html\" target=\"_self\" rel=\"noopener noreferrer\"><br \/>\n<img class=\"img-responsive\" alt=\"La trama secreta del scouting y los pibes sorpresa de Scaloni\" src=\"http:\/\/hoycordobaweb.com\/wp-content\/uploads\/2022\/03\/lo-quiso-river-y-gano-el-mvp-3.jpg\" loading=\"lazy\"><br \/>\n<\/a>\n<\/picture>\n<\/div>\n<\/div><\/div>\n<\/div>\n<div class=\"entry-tags\">\n<h2>TEMAS QUE APARECEN EN ESTA NOTA<\/h2>\n<\/p><\/div>\n","protected":false},"excerpt":{"rendered":"<p>Valent\u00edn Castellanos fue una apuesta muy fuerte de River durante el verano. Pero la cotizaci\u00f3n del delantero argentino, de 15 millones de d\u00f3lares, estuvo por encima de las posibilidades de la dirigencia a cargo de Jorge Brito. Es que el rendimiento del futbolista motiv\u00f3 el inter\u00e9s de Marcelo Gallardo. Y esa expectativa del Mu\u00f1e qued\u00f3 [&hellip;]<\/p>\n","protected":false},"author":1,"featured_media":38086,"comment_status":"open","ping_status":"closed","sticky":false,"template":"","format":"standard","meta":[],"categories":[16],"tags":[],"_links":{"self":[{"href":"http:\/\/hoycordobaweb.com\/index.php\/wp-json\/wp\/v2\/posts\/38085"}],"collection":[{"href":"http:\/\/hoycordobaweb.com\/index.php\/wp-json\/wp\/v2\/posts"}],"about":[{"href":"http:\/\/hoycordobaweb.com\/index.php\/wp-json\/wp\/v2\/types\/post"}],"author":[{"embeddable":true,"href":"http:\/\/hoycordobaweb.com\/index.php\/wp-json\/wp\/v2\/users\/1"}],"replies":[{"embeddable":true,"href":"http:\/\/hoycordobaweb.com\/index.php\/wp-json\/wp\/v2\/comments?post=38085"}],"version-history":[{"count":0,"href":"http:\/\/hoycordobaweb.com\/index.php\/wp-json\/wp\/v2\/posts\/38085\/revisions"}],"wp:featuredmedia":[{"embeddable":true,"href":"http:\/\/hoycordobaweb.com\/index.php\/wp-json\/wp\/v2\/media\/38086"}],"wp:attachment":[{"href":"http:\/\/hoycordobaweb.com\/index.php\/wp-json\/wp\/v2\/media?parent=38085"}],"wp:term":[{"taxonomy":"category","embeddable":true,"href":"http:\/\/hoycordobaweb.com\/index.php\/wp-json\/wp\/v2\/categories?post=38085"},{"taxonomy":"post_tag","embeddable":true,"href":"http:\/\/hoycordobaweb.com\/index.php\/wp-json\/wp\/v2\/tags?post=38085"}],"curies":[{"name":"wp","href":"https:\/\/api.w.org\/{rel}","templated":true}]}}