{"id":37966,"date":"2022-03-04T16:06:50","date_gmt":"2022-03-04T16:06:50","guid":{"rendered":"https:\/\/fono.fcm.unc.edu.ar\/?p=8571"},"modified":"2022-03-04T16:06:50","modified_gmt":"2022-03-04T16:06:50","slug":"la-unc-convoca-a-estudiantes-para-realizar-ayudantias-extensionistas","status":"publish","type":"post","link":"http:\/\/hoycordobaweb.com\/index.php\/2022\/03\/04\/la-unc-convoca-a-estudiantes-para-realizar-ayudantias-extensionistas\/","title":{"rendered":"La UNC convoca a estudiantes para realizar ayudant\u00edas extensionistas"},"content":{"rendered":"<p><img loading=\"lazy\" class=\"alignright wp-image-8572 size-fusion-600\" src=\"https:\/\/fono.fcm.unc.edu.ar\/wp-content\/uploads\/sites\/14\/2022\/03\/ayudantes-web_0-600x240.jpg\" alt width=\"600\" height=\"240\" srcset=\"https:\/\/fono.fcm.unc.edu.ar\/wp-content\/uploads\/sites\/14\/2022\/03\/ayudantes-web_0-200x80.jpg 200w, https:\/\/fono.fcm.unc.edu.ar\/wp-content\/uploads\/sites\/14\/2022\/03\/ayudantes-web_0-300x120.jpg 300w, https:\/\/fono.fcm.unc.edu.ar\/wp-content\/uploads\/sites\/14\/2022\/03\/ayudantes-web_0-400x160.jpg 400w, https:\/\/fono.fcm.unc.edu.ar\/wp-content\/uploads\/sites\/14\/2022\/03\/ayudantes-web_0-600x240.jpg 600w, https:\/\/fono.fcm.unc.edu.ar\/wp-content\/uploads\/sites\/14\/2022\/03\/ayudantes-web_0-768x307.jpg 768w, https:\/\/fono.fcm.unc.edu.ar\/wp-content\/uploads\/sites\/14\/2022\/03\/ayudantes-web_0-800x320.jpg 800w, https:\/\/fono.fcm.unc.edu.ar\/wp-content\/uploads\/sites\/14\/2022\/03\/ayudantes-web_0-1024x410.jpg 1024w, https:\/\/fono.fcm.unc.edu.ar\/wp-content\/uploads\/sites\/14\/2022\/03\/ayudantes-web_0-1200x480.jpg 1200w, https:\/\/fono.fcm.unc.edu.ar\/wp-content\/uploads\/sites\/14\/2022\/03\/ayudantes-web_0-1536x615.jpg 1536w\" sizes=\"(max-width: 600px) 100vw, 600px\">La Secretar\u00eda de Extensi\u00f3n Universitaria informa que&nbsp;<strong>hasta el 10 de marzo de 2022&nbsp;<\/strong>se encuentra abierto el llamado a estudiantes de la Universidad Nacional de C\u00f3rdoba que tengan inter\u00e9s en participar como Ayudantes Alumnos\/as Extensionistas de programas y proyectos de extensi\u00f3n. El \u00fanico requisito acad\u00e9mico es contar con el 50% de la carrera aprobada.<\/p>\n<p>Las ayudant\u00edas son una experiencia de formaci\u00f3n extensionista en la que pueden participar estudiantes de todas las Unidades Acad\u00e9micas de la UNC, incorpor\u00e1ndose a un programa o proyecto de la Secretar\u00eda de Extensi\u00f3n con el fin de participar de una experiencia de intervenci\u00f3n, profundizar sus conocimientos sobre una tem\u00e1tica o sector social de su inter\u00e9s y conocer m\u00e1s sobre la funci\u00f3n de extensi\u00f3n universitaria.<\/p>\n<p>Las personas interesadas deben completar el formulario de inscripci\u00f3n&nbsp;<strong>(<a href=\"https:\/\/forms.gle\/1nojqQWfdXdSirtc7\">HACER CLICK AQU\u00cd<\/a>)<\/strong>&nbsp;y consultar perfiles requeridos seg\u00fan el programa&nbsp;&nbsp;<strong><a href=\"https:\/\/www.unc.edu.ar\/sites\/default\/files\/AAE%202022.%20Anexo%20Perfil%20Solicitado.pdf\">(DESCARGAR AQU\u00cd)<\/a>.<\/strong>&nbsp;M\u00e1s informaci\u00f3n:&nbsp;<a href=\"mailto:trayectos@extension.unc.edu.ar\">trayectos@extension.unc.edu.ar<\/a><\/p>\n<p>Bajo la figura de Ayudante Alumno\/a Extensionista, estudiantes de las diversas unidades acad\u00e9micas de la UNC podr\u00e1n optar por participar en uno de los siguientes programas y proyectos de la Secretar\u00eda de Extensi\u00f3n Universitaria (SEU):<\/p>\n<ul>\n<li>Programa Adultos Mayores \u2013 UPAMI<\/li>\n<li>Programa Salud Integral<\/li>\n<li>Programa Promoviendo Educaci\u00f3n, Salud y Derechos<\/li>\n<li>Observatorio de Derechos Humanos<\/li>\n<li>Programa Universidad, Sociedad y C\u00e1rcel<\/li>\n<li>Programa de Educaci\u00f3n en Ciencia y Tecnolog\u00eda<\/li>\n<li>Programa de formaci\u00f3n en oficios \/ Escuela de Oficios<\/li>\n<li>Observatorio de seguimiento de los ODS<\/li>\n<li>Programa de Apoyo a la Gesti\u00f3n Local \u201cRa\u00edz\u201d<\/li>\n<li>Programa Ni\u00f1ez y Juventud<\/li>\n<li>Programas de Ayudant\u00edas, Becas y Subsidios<\/li>\n<li>Programa Universidades Populares<\/li>\n<li>\u00c1rea de Producci\u00f3n Esc\u00e9nica (Subs. de Cultura)<\/li>\n<li>Orquesta Sinf\u00f3nica de la UNC (Subs. de Cultura)<\/li>\n<li>Programa Unidos\/as por la M\u00fasica (Subs. de Cultura)<\/li>\n<\/ul>\n<p><strong>Fechas importantes:<\/strong><\/p>\n<p>RECEPCI\u00d3N DE ANTECEDENTES: Desde el 25 de febrero al 10 de marzo de 2022, por formulario online habilitado a tales efectos.<br \/>ENTREVISTAS: Entre el 14 y 25 de marzo de 2022.<br \/>PUBLICACI\u00d3N DE RESULTADOS: 30 de marzo de 2022.<br \/>PER\u00cdODO AYUDANT\u00cdA: desde el 1 de abril de 2022 hasta el 31 de marzo de 2023.<\/p>\n","protected":false},"excerpt":{"rendered":"<p>La Secretar\u00eda de Extensi\u00f3n Universitaria informa que&nbsp;hasta el 10 de marzo de 2022&nbsp;se encuentra abierto el llamado a estudiantes de la Universidad Nacional de C\u00f3rdoba que tengan inter\u00e9s en participar como Ayudantes Alumnos\/as Extensionistas de programas y proyectos de extensi\u00f3n. El \u00fanico requisito acad\u00e9mico es contar con el 50% de la carrera aprobada. Las ayudant\u00edas [&hellip;]<\/p>\n","protected":false},"author":1,"featured_media":0,"comment_status":"closed","ping_status":"closed","sticky":false,"template":"","format":"standard","meta":[],"categories":[1],"tags":[],"_links":{"self":[{"href":"http:\/\/hoycordobaweb.com\/index.php\/wp-json\/wp\/v2\/posts\/37966"}],"collection":[{"href":"http:\/\/hoycordobaweb.com\/index.php\/wp-json\/wp\/v2\/posts"}],"about":[{"href":"http:\/\/hoycordobaweb.com\/index.php\/wp-json\/wp\/v2\/types\/post"}],"author":[{"embeddable":true,"href":"http:\/\/hoycordobaweb.com\/index.php\/wp-json\/wp\/v2\/users\/1"}],"replies":[{"embeddable":true,"href":"http:\/\/hoycordobaweb.com\/index.php\/wp-json\/wp\/v2\/comments?post=37966"}],"version-history":[{"count":0,"href":"http:\/\/hoycordobaweb.com\/index.php\/wp-json\/wp\/v2\/posts\/37966\/revisions"}],"wp:attachment":[{"href":"http:\/\/hoycordobaweb.com\/index.php\/wp-json\/wp\/v2\/media?parent=37966"}],"wp:term":[{"taxonomy":"category","embeddable":true,"href":"http:\/\/hoycordobaweb.com\/index.php\/wp-json\/wp\/v2\/categories?post=37966"},{"taxonomy":"post_tag","embeddable":true,"href":"http:\/\/hoycordobaweb.com\/index.php\/wp-json\/wp\/v2\/tags?post=37966"}],"curies":[{"name":"wp","href":"https:\/\/api.w.org\/{rel}","templated":true}]}}