{"id":37944,"date":"2022-03-05T01:30:03","date_gmt":"2022-03-05T01:30:03","guid":{"rendered":"https:\/\/www.ole.com.ar\/futbol-internacional\/bolivia-farias-eliminatorias-lista_0_NMXExS8Hly.html"},"modified":"2022-03-05T01:30:03","modified_gmt":"2022-03-05T01:30:03","slug":"bolivia-juveniles-para-las-eliminatorias","status":"publish","type":"post","link":"http:\/\/hoycordobaweb.com\/index.php\/2022\/03\/05\/bolivia-juveniles-para-las-eliminatorias\/","title":{"rendered":"Bolivia: juveniles para las Eliminatorias"},"content":{"rendered":"<p><img src=\"http:\/\/hoycordobaweb.com\/wp-content\/uploads\/2022\/03\/bolivia-juveniles-para-las-eliminatorias.jpg\"><\/p>\n<p><strong>Bolivia<\/strong>, ya sin chances matem\u00e1ticas de clasificarse para el <a alt=\"mundial-de-qatar-2022\" class=\"slug\" href=\"https:\/\/www.ole.com.ar\/tema\/mundial-de-qatar-2022.html\" target=\"_blank\" title=\"mundial-de-qatar-2022\" rel=\"noopener noreferrer\">Mundial de Qatar 2022<\/a>, <strong>arm\u00f3 la lista para los \u00faltimos dos partidos de las <a alt=\"eliminatorias-sudamericanas\" class=\"slug\" href=\"https:\/\/www.ole.com.ar\/tema\/eliminatorias-sudamericanas.html\" target=\"_blank\" title=\"eliminatorias-sudamericanas\" rel=\"noopener noreferrer\">Eliminatorias <\/a>con mayor\u00eda de j\u00f3venes: el promedio de edad es de 23 a\u00f1os y hay uno solo de m\u00e1s de 24 a\u00f1os: el camerun\u00e9s Marc Enoumba, de filas de Always Ready,<\/strong> quien tiene 29.<\/p>\n<p>En la n\u00f3mina no est\u00e1n experimentados como <a alt=\"carlos-lampe\" class=\"slug\" href=\"https:\/\/www.ole.com.ar\/tema\/carlos-lampe.html\" target=\"_blank\" title=\"carlos-lampe\" rel=\"noopener noreferrer\">Carlos Lampe<\/a>, arquero suplente de V\u00e9lez, Alejandro Chumacero, Fernando Saucedo, Leonel Justiniano, Diego Bejarano, Rodrigo Ramallo, Juan Carlos Arce y el Marcelo Moreno Martins, goleador de las Eliminatorias, con diez tantos.<\/p>\n<div class=\"sp__Normal\">\n<div class=\"image-embeb image-trigger\" readability=\"6\">\n<picture><source media=\"(min-width: 720px)\" srcset=\"http:\/\/hoycordobaweb.com\/wp-content\/uploads\/2022\/03\/bolivia-juveniles-para-las-eliminatorias-2.jpg\"><img itemprop=\"image\" src=\"http:\/\/hoycordobaweb.com\/wp-content\/uploads\/2022\/03\/bolivia-juveniles-para-las-eliminatorias-2.jpg\" loading=\"lazy\" alt=\"Marc Enoumba meti\u00f3 un gol en la derrota ante Chile.\">\n<\/picture><figcaption readability=\"2\">\n<p>Marc Enoumba meti\u00f3 un gol en la derrota ante Chile.\n<\/p>\n<\/figcaption><\/div>\n<\/div>\n<div class=\"sp__Normal htmlLibre\">\n<div class=\"embed-responsive-c\" readability=\"6.3851351351351\">\n<blockquote class=\"twitter-tweet\" readability=\"6.8108108108108\">\n<p lang=\"es\" dir=\"ltr\"><a href=\"https:\/\/twitter.com\/hashtag\/ALaVerdeSiempre?src=hash&amp;ref_src=twsrc%5Etfw\">#ALaVerdeSiempre<\/a><br \/>\ud83c\udde7\ud83c\uddf4Presentamos los convocados para afrontar las \u00faltimas dos fechas de las Eliminatorias Qatar 2022.<br \/>Nuestros jugadores tienen una edad promedio de 23 a\u00f1os.<br \/>Los partidos se jugar\u00e1n en horario unificado el 24 de marzo vs \ud83c\udde8\ud83c\uddf4Colombia y el 29 de marzo vs \ud83c\udde7\ud83c\uddf7 Brasil <a href=\"https:\/\/t.co\/aeToMeh8eY\">pic.twitter.com\/aeToMeh8eY<\/a><\/p>\n<p>\u2014 LA VERDE \ud83c\udde7\ud83c\uddf4 (@laverde_fbf) <a href=\"https:\/\/twitter.com\/laverde_fbf\/status\/1499875907166687239?ref_src=twsrc%5Etfw\">March 4, 2022<\/a><\/p><\/blockquote><\/div>\n<\/div>\n<p>Bolivia enfrentar\u00e1 el 24 de marzo a Colombia, de visitante, y cerrar\u00e1 el 29 ante Brasil, de local.<\/p>\n<p>El t\u00e9cnico de la selecci\u00f3n es el venezolano <strong>C\u00e9sar Far\u00edas<\/strong>, quien no fue despedido tras la \u00faltima jornada por la imposibilidad de la Federaci\u00f3n de afrontar su rescisi\u00f3n. De todas maneras, es un hecho que dejar\u00e1 el cargo tras los dos partidos.<\/p>\n<div class=\"sp__SM\">\n<div class=\"content-new \">\n<span class=\"tit-mobile\">Mir\u00e1 tambi\u00e9n<\/span><\/p>\n<div class=\"mg\">\n<div class=\"wrap-figure\">\n<picture>\n<a href=\"https:\/\/www.ole.com.ar\/futbol-internacional\/paises-bajos-arquero-sparta-okoye_0_mA5APhJpIm.html\" target=\"_self\" rel=\"noopener noreferrer\"><br \/>\n<img class=\"img-responsive\" alt=\"Video: arquero herido por un proyectil\" src=\"http:\/\/hoycordobaweb.com\/wp-content\/uploads\/2022\/03\/bolivia-juveniles-para-las-eliminatorias-3.jpg\" loading=\"lazy\"><br \/>\n<\/a>\n<\/picture>\n<\/div>\n<\/div><\/div>\n<\/div>\n<h2><strong>Los convocados<\/strong><\/h2>\n<p><strong>Arqueros<\/strong>: Guillermo Viscarra (The Strongest), Jhohan Guti\u00e9rrez (The Strongest), Rub\u00e9n Cordano (Bol\u00edvar).<\/p>\n<p><strong>Defensores<\/strong>: Jos\u00e9 Mar\u00eda Carrasco (Universidad de Chile), Juan Reyes (Bol\u00edvar), Sebasti\u00e1n \u00c1lvarez (Oriente Petrolero), Luis Haquin (Bol\u00edvar), Jos\u00e9 Sagredo (Blooming), Fran Supayabe (Guabir\u00e1), Jairo Quinteros (Inter Miami), Marc Enoumba (Always Ready), Luis Demiquel (The Strongest), Jhon Jairo Velasco (Guabir\u00e1), Emerson Velasquez ( Independiente Petrolero), Marcelo Su\u00e1rez (Oriente Petrolero), Jos\u00e9 Herrera (Bol\u00edvar).<\/p>\n<p><strong>Volantes<\/strong>: Ramiro Vaca (K Beerschot VA-B\u00e9lgica), Richard Spenhay (Blooming), Gabriel Villamil (Bol\u00edvar), Rai Pablo Lima (Bol\u00edvar), Jeyson Chura (The Strongest), Mois\u00e9s Villarroel (Wilstermann),<strong> Franz Gonzales (Platense-Argentina)<\/strong>, Yecit Mart\u00ednez (Independiente Petrolero).<\/p>\n<p><strong>Delanteros<\/strong>: Juan Carlos Montenegro (Guabir\u00e1), H\u00e9ctor S\u00e1nchez (Oriente Petrolero), Henry Vaca (The Strongest), Jaume Cu\u00e9llar (Lugo, Espa\u00f1a), Bruno Miranda (Bol\u00edvar), C\u00e9sar Menacho (Wilstermann), V\u00edctor \u00c1brego (Bol\u00edvar).&nbsp;<\/p>\n<div class=\"sp__SM\">\n<div class=\"content-new \">\n<span class=\"tit-mobile\">Mir\u00e1 tambi\u00e9n<\/span><\/p>\n<div class=\"mg\">\n<div class=\"wrap-figure\">\n<picture>\n<a href=\"https:\/\/www.ole.com.ar\/futbol-internacional\/espana\/scaloni-acuna-sevilla-alaves_0_BZVNSj6Elz.html\" target=\"_self\" rel=\"noopener noreferrer\"><br \/>\n<img class=\"img-responsive\" alt=\"Atento Scaloni: se lesion\u00f3 Acu\u00f1a\" src=\"http:\/\/hoycordobaweb.com\/wp-content\/uploads\/2022\/03\/bolivia-juveniles-para-las-eliminatorias-4.jpg\" loading=\"lazy\"><br \/>\n<\/a>\n<\/picture>\n<\/div>\n<\/div><\/div>\n<\/div>\n<div class=\"sp__Normal\">\n<div class=\"image-embeb image-trigger\" readability=\"6\">\n<picture><source media=\"(min-width: 720px)\" srcset=\"http:\/\/hoycordobaweb.com\/wp-content\/uploads\/2022\/03\/bolivia-juveniles-para-las-eliminatorias-5.jpg\"><img itemprop=\"image\" src=\"http:\/\/hoycordobaweb.com\/wp-content\/uploads\/2022\/03\/bolivia-juveniles-para-las-eliminatorias-5.jpg\" loading=\"lazy\" alt=\"Marcelo Martins Moreno contra Chile. Ahora es baja...\">\n<\/picture><figcaption readability=\"2\">\n<p>Marcelo Martins Moreno contra Chile. Ahora es baja&#8230;\n<\/p>\n<\/figcaption><\/div>\n<\/div>\n<div class=\"entry-tags\">\n<h2>TEMAS QUE APARECEN EN ESTA NOTA<\/h2>\n<\/p><\/div>\n","protected":false},"excerpt":{"rendered":"<p>Bolivia, ya sin chances matem\u00e1ticas de clasificarse para el Mundial de Qatar 2022, arm\u00f3 la lista para los \u00faltimos dos partidos de las Eliminatorias con mayor\u00eda de j\u00f3venes: el promedio de edad es de 23 a\u00f1os y hay uno solo de m\u00e1s de 24 a\u00f1os: el camerun\u00e9s Marc Enoumba, de filas de Always Ready, quien [&hellip;]<\/p>\n","protected":false},"author":1,"featured_media":37945,"comment_status":"open","ping_status":"closed","sticky":false,"template":"","format":"standard","meta":[],"categories":[16],"tags":[],"_links":{"self":[{"href":"http:\/\/hoycordobaweb.com\/index.php\/wp-json\/wp\/v2\/posts\/37944"}],"collection":[{"href":"http:\/\/hoycordobaweb.com\/index.php\/wp-json\/wp\/v2\/posts"}],"about":[{"href":"http:\/\/hoycordobaweb.com\/index.php\/wp-json\/wp\/v2\/types\/post"}],"author":[{"embeddable":true,"href":"http:\/\/hoycordobaweb.com\/index.php\/wp-json\/wp\/v2\/users\/1"}],"replies":[{"embeddable":true,"href":"http:\/\/hoycordobaweb.com\/index.php\/wp-json\/wp\/v2\/comments?post=37944"}],"version-history":[{"count":0,"href":"http:\/\/hoycordobaweb.com\/index.php\/wp-json\/wp\/v2\/posts\/37944\/revisions"}],"wp:featuredmedia":[{"embeddable":true,"href":"http:\/\/hoycordobaweb.com\/index.php\/wp-json\/wp\/v2\/media\/37945"}],"wp:attachment":[{"href":"http:\/\/hoycordobaweb.com\/index.php\/wp-json\/wp\/v2\/media?parent=37944"}],"wp:term":[{"taxonomy":"category","embeddable":true,"href":"http:\/\/hoycordobaweb.com\/index.php\/wp-json\/wp\/v2\/categories?post=37944"},{"taxonomy":"post_tag","embeddable":true,"href":"http:\/\/hoycordobaweb.com\/index.php\/wp-json\/wp\/v2\/tags?post=37944"}],"curies":[{"name":"wp","href":"https:\/\/api.w.org\/{rel}","templated":true}]}}