{"id":37917,"date":"2022-03-04T22:37:22","date_gmt":"2022-03-04T22:37:22","guid":{"rendered":"https:\/\/www.espinof.com\/proyectos\/soy-leyenda-tendra-secuela-will-smith-regresa-15-anos-despues-acompanado-michael-b-jordan"},"modified":"2022-03-04T22:37:22","modified_gmt":"2022-03-04T22:37:22","slug":"soy-leyenda-tendra-secuela-will-smith-regresa-15-anos-despues-acompanado-de-michael-b-jordan","status":"publish","type":"post","link":"http:\/\/hoycordobaweb.com\/index.php\/2022\/03\/04\/soy-leyenda-tendra-secuela-will-smith-regresa-15-anos-despues-acompanado-de-michael-b-jordan\/","title":{"rendered":"&#8216;Soy Leyenda&#8217; tendr\u00e1 secuela: Will Smith regresa 15 a\u00f1os despu\u00e9s acompa\u00f1ado de Michael B. Jordan"},"content":{"rendered":"<p>Menuda sorpresa acaba de darnos Warner al poner en marcha una secuela de <a href=\"https:\/\/www.espinof.com\/antena-3\/soy-leyenda-will-smith-se-enfrenta-a-vampiros-apocalipsis-biologico-esta-adaptacion-clasico-richard-matheson\">&#8216;Soy Leyenda&#8217;<\/a> que adem\u00e1s traer\u00e1 de vuelta a <strong>Will Smith<\/strong> como Robert Neville. Por si \u00e9l no fuera suficiente reclamo para llevar a la gente a los cines, el estudio tambi\u00e9n se ha asegurado la presencia en el reparto de <strong>Michael B. Jordan<\/strong>.<\/p>\n<p><!-- BREAK 1 --><\/p>\n<h2>Un regreso inesperado<\/h2>\n<p>Por el momento se desconoce qui\u00e9n se ocupar\u00e1 de la puesta en escena -la primera entrega corri\u00f3 a cargo de <strong>Francis Lawrence<\/strong>-, pero s\u00ed est\u00e1 confirmado el regreso de <strong>Akiva Goldsman<\/strong> para escribir el guion. Eso s\u00ed, ni el m\u00e1s m\u00ednimo detalle ha trascendido por ahora sobre cu\u00e1l podr\u00eda ser la historia de este thriller postapocal\u00edptico.<\/p>\n<p><!-- BREAK 2 --> <\/p>\n<div class=\"article-asset article-asset-normal article-asset-center\">\n<div class=\"desvio-container\">\n<div class=\"desvio\">\n<div class=\"desvio-figure js-desvio-figure\"> <a href=\"https:\/\/www.espinof.com\/listas\/mejores-peliculas-ciencia-ficcion-historia\"> <img alt=\"Las 34 mejores pel\u00edculas de ciencia ficci\u00f3n de la historia\" src=\"http:\/\/hoycordobaweb.com\/wp-content\/uploads\/2022\/03\/soy-leyenda-tendra-secuela-will-smith-regresa-15-anos-despues-acompanado-de-michael-b-jordan.jpg\"> <\/a> <\/div><\/div><\/div>\n<\/div>\n<p>De esta forma, <strong>&#8216;Soy Leyenda 2&#8217;<\/strong> ser\u00e1 la primera colaboraci\u00f3n de Smith y Jordan, quienes adem\u00e1s tambi\u00e9n ejercer\u00e1n como productores de la pel\u00edcula. Est\u00e1 por ver qui\u00e9nes les acompa\u00f1ar\u00e1n al frente del reparto, pero lo suyo ser\u00eda que al menos tambi\u00e9n regresaran <strong>Alice Braga y Charlie Tahan<\/strong>.<\/p>\n<p><!-- BREAK 3 --><\/p>\n<p>El anuncio llega precisamente durante el <strong>15 aniversario del estreno<\/strong> de &#8216;Soy Leyenda&#8217;, pues la pel\u00edcula se estren\u00f3 en 2007. Tampoco es casualidad que se produzca con Smith inmerso en la carrera por el \u00d3scar gracias a su trabajo en <a href=\"https:\/\/www.espinof.com\/criticas\/metodo-williams-will-smith-brilla-efectivo-drama-deportivo-que-deja-ganas-pelicula-venus-serena\">&#8216;El m\u00e9todo Williams&#8217;<\/a>.<\/p>\n<p><!-- BREAK 4 --><\/p>\n<p>Cuesti\u00f3n aparte es el inter\u00e9s que pueda haber en una secuela a estas alturas, pues es verdad que &#8216;Soy Leyenda&#8217; <strong>fue una gran \u00e9xito <\/strong>en su momento -recaud\u00f3 585 millones de d\u00f3lares frente a un presupuesto de 150-, pero tampoco es una pel\u00edcula especialmente celebrada. Por mi parte hubiese preferido una continuaci\u00f3n de <a href=\"https:\/\/www.espinof.com\/criticas\/hancock-no-es-lo-que-parece\">&#8216;Hancock&#8217;<\/a>.<\/p>\n<p><!-- BREAK 5 --><\/p>\n<div class=\"article-asset article-asset-normal article-asset-center\">\n<div class=\"desvio-container\">\n<div class=\"desvio\">\n<div class=\"desvio-figure js-desvio-figure\"> <a href=\"https:\/\/www.espinof.com\/proyectos\/hoy-se-acaba-el-mundo-cine-apocaliptico\"> <img alt=\"Hoy se acaba el mundo: cine apocal\u00edptico\" src=\"http:\/\/hoycordobaweb.com\/wp-content\/uploads\/2022\/03\/soy-leyenda-tendra-secuela-will-smith-regresa-15-anos-despues-acompanado-de-michael-b-jordan-1.jpg\"> <\/a> <\/div><\/div><\/div>\n<\/div>\n<p>Por cierto, <strong>no es la primera vez que se intenta<\/strong> sacar adelante una secuela de &#8216;Soy leyenda 2&#8217;. En 2012 <a href=\"https:\/\/www.espinof.com\/proyectos\/soy-leyenda-2-ya-tiene-guionista-y-red-2-cuenta-con-director\">lleg\u00f3 a tener guionista<\/a> antes de que el proyecto se quedase en nada&#8230;<\/p>\n<p><!-- BREAK 6 --> <\/p>\n","protected":false},"excerpt":{"rendered":"<p>Menuda sorpresa acaba de darnos Warner al poner en marcha una secuela de &#8216;Soy Leyenda&#8217; que adem\u00e1s traer\u00e1 de vuelta a Will Smith como Robert Neville. Por si \u00e9l no fuera suficiente reclamo para llevar a la gente a los cines, el estudio tambi\u00e9n se ha asegurado la presencia en el reparto de Michael B. [&hellip;]<\/p>\n","protected":false},"author":1,"featured_media":37918,"comment_status":"open","ping_status":"closed","sticky":false,"template":"","format":"standard","meta":[],"categories":[1],"tags":[],"_links":{"self":[{"href":"http:\/\/hoycordobaweb.com\/index.php\/wp-json\/wp\/v2\/posts\/37917"}],"collection":[{"href":"http:\/\/hoycordobaweb.com\/index.php\/wp-json\/wp\/v2\/posts"}],"about":[{"href":"http:\/\/hoycordobaweb.com\/index.php\/wp-json\/wp\/v2\/types\/post"}],"author":[{"embeddable":true,"href":"http:\/\/hoycordobaweb.com\/index.php\/wp-json\/wp\/v2\/users\/1"}],"replies":[{"embeddable":true,"href":"http:\/\/hoycordobaweb.com\/index.php\/wp-json\/wp\/v2\/comments?post=37917"}],"version-history":[{"count":0,"href":"http:\/\/hoycordobaweb.com\/index.php\/wp-json\/wp\/v2\/posts\/37917\/revisions"}],"wp:featuredmedia":[{"embeddable":true,"href":"http:\/\/hoycordobaweb.com\/index.php\/wp-json\/wp\/v2\/media\/37918"}],"wp:attachment":[{"href":"http:\/\/hoycordobaweb.com\/index.php\/wp-json\/wp\/v2\/media?parent=37917"}],"wp:term":[{"taxonomy":"category","embeddable":true,"href":"http:\/\/hoycordobaweb.com\/index.php\/wp-json\/wp\/v2\/categories?post=37917"},{"taxonomy":"post_tag","embeddable":true,"href":"http:\/\/hoycordobaweb.com\/index.php\/wp-json\/wp\/v2\/tags?post=37917"}],"curies":[{"name":"wp","href":"https:\/\/api.w.org\/{rel}","templated":true}]}}