{"id":37855,"date":"2022-03-02T12:53:20","date_gmt":"2022-03-02T12:53:20","guid":{"rendered":"https:\/\/www.mujerhoy.com\/moda\/no-te-pierdas\/reina-letizia-vestido-rosa-zara-barato-espectacular-made-in-spain-look-tendencia-favorece-20220302131350-nt.html"},"modified":"2022-03-02T12:53:20","modified_gmt":"2022-03-02T12:53:20","slug":"el-espectacular-vestido-made-in-spain-de-letizia-que-puedes-comprar-en-zara-por-25-euros-y-que-confirma-que-el-rosa-es-el-color-mas-favorecedor-de-la-temporada","status":"publish","type":"post","link":"http:\/\/hoycordobaweb.com\/index.php\/2022\/03\/02\/el-espectacular-vestido-made-in-spain-de-letizia-que-puedes-comprar-en-zara-por-25-euros-y-que-confirma-que-el-rosa-es-el-color-mas-favorecedor-de-la-temporada\/","title":{"rendered":"El espectacular vestido made in Spain de Letizia que puedes comprar en Zara por 25 euros y que confirma que el rosa es el color m\u00e1s favorecedor de la temporada"},"content":{"rendered":"<p><!-- AUTHOR --><!-- COMPONENTS --><\/p>\n<p class=\"voc-paragraph\">Con su <a data-voc-vtm-id=\"in-text-traffic\" href=\"https:\/\/www.mujerhoy.com\/celebrities\/realeza\/letizia-ortiz-reina-espana-vuelve-madrid-fashion-week-12-anos-despues-pasarela-cibeles-20220301112745-nt.html\">regreso a la Madrid Fashion Week<\/a> 12 a\u00f1os despu\u00e9s, la <strong>Reina Letizia<\/strong> ha dejado claro su objetivo de <strong>apoyar la moda espa\u00f1ola<\/strong>. Un prop\u00f3sito que ha confirmado ahora, d\u00edas antes de que se pase por IFEMA para disfrutar de la Semana de la Moda madrile\u00f1a, y que lo ha hecho con un <strong>vestido de Mois\u00e9s Nieto <\/strong>que <a data-voc-vtm-id=\"in-text-traffic\" href=\"https:\/\/www.vanitatis.elconfidencial.com\/casas-reales\/2021-06-18\/letizia-reina-vestido-moises-nieto-disenador_3139707\/\">estren\u00f3 en 2021 <\/a>durante una ceremonia en el Palacio Real. Una pieza espectacular que ha rescatado nuevamente de su armario para unirse a <a data-voc-vtm-id=\"in-text-traffic\" href=\"https:\/\/www.mujerhoy.com\/moda\/tendencias\/vestido-midi-pantalon-top-rosa-zara-mango-hym-original-favorece-rejuvenece-arrasa-tendencia-primavera-instagram-20220222142437-nt.html\">la tendencia del color rosa<\/a> y que le ha hecho conseguir uno de <strong>los mejores looks <\/strong>del mes.\n<\/p>\n<p class=\"voc-paragraph\">La monarca ha asistido junto a Don Felipe a la <strong>entrega de las Medallas de Oro al M\u00e9rito de las Bellas Artes<\/strong> celebrada en Navarra. Un acto que la pareja real nunca se pierde y para el que Letizia ha escogido EL VESTIDO ROSA, un dise\u00f1o que parece estar entre sus favoritos, ya que es la tercera vez que lo luce en menos de ocho meses. Se trata de una creaci\u00f3n del dise\u00f1ador de Ja\u00e9n <strong>Mois\u00e9s Nieto<\/strong>, que gusta much\u00edsimo por varios motivos. \u00bfEl primero? Ya lo sabes: <strong>el poder favorecedor del rosa<\/strong>.\n<\/p>\n<div class=\"voc-detail-photo-zoom\"><picture data-toggle=\"modal\" data-target=\"#photoZoomModal-832\" target=\"modal\">\n<div class=\"voc-img-icon-link\"><img loading=\"lazy\" data-original=\"\/\/static2.mujerhoy.com\/www\/multimedia\/202203\/02\/media\/cortadas\/letizia-vestido-rosa-zara-kQ2B--460x637@MujerHoy.jpg\" class=\"lazy\" alt=\"GTRES\"><noscript><img src=\"http:\/\/hoycordobaweb.com\/wp-content\/uploads\/2022\/03\/el-espectacular-vestido-made-in-spain-de-letizia-que-puedes-comprar-en-zara-por-25-euros-y-que-confirma-que-el-rosa-es-el-color-mas-favorecedor-de-la-temporada.jpg\" alt=\"GTRES\"><\/noscript><i class=\"voc-icons zoom voc-multimedia-box voc-ico-l\"><\/i><\/div><figcaption class=\"figure-caption\">GTRES<\/figcaption><\/picture><\/div>\n<div id=\"photoZoomModal-832\" class=\"voc-lightbox modal fade voc-lightbox--photo-zoom\" role=\"dialog\" data-voc-photozoom-lightbox>\n<div class=\"voc-lightbox__dialog\" role=\"document\">\n<div class=\"voc-lightbox__content\"><!-- Modal header --><!-- Modal content --><\/p>\n<div class=\"voc-lightbox__photo-container\"><picture class><img loading=\"lazy\" data-original=\"\/\/static2.mujerhoy.com\/www\/multimedia\/202203\/02\/media\/cortadas\/letizia-vestido-rosa-zara-kQ2B--460x637@MujerHoy.jpg\" alt=\"GTRES\" class=\"lazy\"><noscript><img src=\"http:\/\/hoycordobaweb.com\/wp-content\/uploads\/2022\/03\/el-espectacular-vestido-made-in-spain-de-letizia-que-puedes-comprar-en-zara-por-25-euros-y-que-confirma-que-el-rosa-es-el-color-mas-favorecedor-de-la-temporada.jpg\" alt=\"GTRES\"><\/noscript><\/picture><\/div>\n<\/div>\n<\/div>\n<\/div>\n<p class=\"voc-paragraph\">Seguro que ya has fichado que el fucsia va a ser el absoluto protagonista de la temporada. Junto al verde, es un tono que se ha colocado como el imprescindible del 2022 y las nuevas colecciones est\u00e1n inundadas de este color que tan bien queda. Y la Reina, muy fiel a las tendencias actuales, no ha querido desaprovechar la oportunidad de lucirlo con <strong>un vestido que le queda de maravilla<\/strong>.\n<\/p>\n<div class=\"voc-detail-photo-zoom\"><picture data-toggle=\"modal\" data-target=\"#photoZoomModal-483\" target=\"modal\">\n<div class=\"voc-img-icon-link\"><img loading=\"lazy\" data-original=\"\/\/static1.mujerhoy.com\/www\/multimedia\/202203\/02\/media\/cortadas\/vestido-fucsia-moises-nieto-reina-letizia--kQ2B--460x637@MujerHoy.jpg\" class=\"lazy\" alt=\"MOIS\u00c9S NIETO\"><noscript><img src=\"http:\/\/hoycordobaweb.com\/wp-content\/uploads\/2022\/03\/el-espectacular-vestido-made-in-spain-de-letizia-que-puedes-comprar-en-zara-por-25-euros-y-que-confirma-que-el-rosa-es-el-color-mas-favorecedor-de-la-temporada-1.jpg\" alt=\"MOIS\u00c9S NIETO\"><\/noscript><i class=\"voc-icons zoom voc-multimedia-box voc-ico-l\"><\/i><\/div><figcaption class=\"figure-caption\">MOIS\u00c9S NIETO<\/figcaption><\/picture><\/div>\n<div id=\"photoZoomModal-483\" class=\"voc-lightbox modal fade voc-lightbox--photo-zoom\" role=\"dialog\" data-voc-photozoom-lightbox>\n<div class=\"voc-lightbox__dialog\" role=\"document\">\n<div class=\"voc-lightbox__content\"><!-- Modal header --><!-- Modal content --><\/p>\n<div class=\"voc-lightbox__photo-container\"><picture class><img loading=\"lazy\" data-original=\"\/\/static1.mujerhoy.com\/www\/multimedia\/202203\/02\/media\/cortadas\/vestido-fucsia-moises-nieto-reina-letizia--kQ2B--460x637@MujerHoy.jpg\" alt=\"MOIS\u00c9S NIETO\" class=\"lazy\"><noscript><img src=\"http:\/\/hoycordobaweb.com\/wp-content\/uploads\/2022\/03\/el-espectacular-vestido-made-in-spain-de-letizia-que-puedes-comprar-en-zara-por-25-euros-y-que-confirma-que-el-rosa-es-el-color-mas-favorecedor-de-la-temporada-1.jpg\" alt=\"MOIS\u00c9S NIETO\"><\/noscript><\/picture><\/div>\n<\/div>\n<\/div>\n<\/div>\n<p class=\"voc-paragraph\">Es un <strong>vestido de corte ajustado en la cintura y con vuelo<\/strong> en la falda, que tiene la <strong>manga francesa <\/strong>y un escote de cuello redondo. Est\u00e1 confeccionado en crep\u00e9, es de largo midi y lo combin\u00f3 con los pendientes de rub\u00edes y esmeraldas de Tous y <strong>accesorios nude<\/strong>: unos stilettos de Magrit con trenzado en la parte delantera y un &#8216;cluth&#8217;. La mala noticia es que el vestido <strong>cuesta 390 euros<\/strong>, y como sabemos que este es un precio poco asequible para muchas, nos hemos puesto manos a la obra para encontrar una opci\u00f3n similar, pero mucho m\u00e1s barata con la que copiar este look a Do\u00f1a Letizia. \u00a1Y la hemos encontrado!\n<\/p>\n<div class=\"voc-detail-photo-zoom\"><picture data-toggle=\"modal\" data-target=\"#photoZoomModal-697\" target=\"modal\">\n<div class=\"voc-img-icon-link\"><img loading=\"lazy\" data-original=\"\/\/static.mujerhoy.com\/www\/multimedia\/202203\/02\/media\/cortadas\/vestido-rosa-zara-kQ2B--460x637@MujerHoy.JPG\" class=\"lazy\" alt=\"ZARA\"><noscript><img src=\"http:\/\/hoycordobaweb.com\/wp-content\/uploads\/2022\/03\/el-espectacular-vestido-made-in-spain-de-letizia-que-puedes-comprar-en-zara-por-25-euros-y-que-confirma-que-el-rosa-es-el-color-mas-favorecedor-de-la-temporada-2.jpg\" alt=\"ZARA\"><\/noscript><i class=\"voc-icons zoom voc-multimedia-box voc-ico-l\"><\/i><\/div><figcaption class=\"figure-caption\">ZARA<\/figcaption><\/picture><\/div>\n<div id=\"photoZoomModal-697\" class=\"voc-lightbox modal fade voc-lightbox--photo-zoom\" role=\"dialog\" data-voc-photozoom-lightbox>\n<div class=\"voc-lightbox__dialog\" role=\"document\">\n<div class=\"voc-lightbox__content\"><!-- Modal header --><!-- Modal content --><\/p>\n<div class=\"voc-lightbox__photo-container\"><picture class><img loading=\"lazy\" data-original=\"\/\/static.mujerhoy.com\/www\/multimedia\/202203\/02\/media\/cortadas\/vestido-rosa-zara-kQ2B--460x637@MujerHoy.JPG\" alt=\"ZARA\" class=\"lazy\"><noscript><img src=\"http:\/\/hoycordobaweb.com\/wp-content\/uploads\/2022\/03\/el-espectacular-vestido-made-in-spain-de-letizia-que-puedes-comprar-en-zara-por-25-euros-y-que-confirma-que-el-rosa-es-el-color-mas-favorecedor-de-la-temporada-2.jpg\" alt=\"ZARA\"><\/noscript><\/picture><\/div>\n<\/div>\n<\/div>\n<\/div>\n<p class=\"voc-paragraph\">En <strong>Zara <\/strong>hay un vestido que es casi id\u00e9ntico y que har\u00e1 que tus looks de diario tengan mucha m\u00e1s vida. Tiene el mismo corte ligeramente ce\u00f1ido a la cintura, la falda de vuelo y se diferencia en que est\u00e1 confeccionado en tejido de punto, que tiene la manga un poco m\u00e1s corta y que lleva el cuello subido. Pero lo que m\u00e1s nos gusta es su precio: <strong>25,95 euros<\/strong>. \u00bfT\u00fa tambi\u00e9n lo quieres?\n<\/p>\n<div class=\"voc-detail__cmp voc-detail__cmp--pad-lr voc-detail__cmp--pad-lr--bdr\">\n<div class=\"voc-ficha-detail__wrapper\">\n<section class=\"voc-ficha-detail\">\n<h4 class=\"voc-ficha-detail-title voc-title-section\">te recomendamos<\/h4>\n<\/section>\n<\/div>\n<\/div>\n<p><!-- TOPICS --><\/p>\n","protected":false},"excerpt":{"rendered":"<p>Con su regreso a la Madrid Fashion Week 12 a\u00f1os despu\u00e9s, la Reina Letizia ha dejado claro su objetivo de apoyar la moda espa\u00f1ola. Un prop\u00f3sito que ha confirmado ahora, d\u00edas antes de que se pase por IFEMA para disfrutar de la Semana de la Moda madrile\u00f1a, y que lo ha hecho con un vestido [&hellip;]<\/p>\n","protected":false},"author":1,"featured_media":37856,"comment_status":"closed","ping_status":"closed","sticky":false,"template":"","format":"standard","meta":[],"categories":[1],"tags":[],"_links":{"self":[{"href":"http:\/\/hoycordobaweb.com\/index.php\/wp-json\/wp\/v2\/posts\/37855"}],"collection":[{"href":"http:\/\/hoycordobaweb.com\/index.php\/wp-json\/wp\/v2\/posts"}],"about":[{"href":"http:\/\/hoycordobaweb.com\/index.php\/wp-json\/wp\/v2\/types\/post"}],"author":[{"embeddable":true,"href":"http:\/\/hoycordobaweb.com\/index.php\/wp-json\/wp\/v2\/users\/1"}],"replies":[{"embeddable":true,"href":"http:\/\/hoycordobaweb.com\/index.php\/wp-json\/wp\/v2\/comments?post=37855"}],"version-history":[{"count":0,"href":"http:\/\/hoycordobaweb.com\/index.php\/wp-json\/wp\/v2\/posts\/37855\/revisions"}],"wp:featuredmedia":[{"embeddable":true,"href":"http:\/\/hoycordobaweb.com\/index.php\/wp-json\/wp\/v2\/media\/37856"}],"wp:attachment":[{"href":"http:\/\/hoycordobaweb.com\/index.php\/wp-json\/wp\/v2\/media?parent=37855"}],"wp:term":[{"taxonomy":"category","embeddable":true,"href":"http:\/\/hoycordobaweb.com\/index.php\/wp-json\/wp\/v2\/categories?post=37855"},{"taxonomy":"post_tag","embeddable":true,"href":"http:\/\/hoycordobaweb.com\/index.php\/wp-json\/wp\/v2\/tags?post=37855"}],"curies":[{"name":"wp","href":"https:\/\/api.w.org\/{rel}","templated":true}]}}