{"id":37853,"date":"2022-03-02T13:36:37","date_gmt":"2022-03-02T13:36:37","guid":{"rendered":"https:\/\/www.mujerhoy.com\/moda\/no-te-pierdas\/look-sudadera-zara-falda-midi-lunares-rejuvenece-a-los-50-20220302081226-nt.html"},"modified":"2022-03-02T13:36:37","modified_gmt":"2022-03-02T13:36:37","slug":"este-look-con-sudadera-negra-de-zara-y-falda-de-lunares-made-in-spain-se-lleva-con-botas-altas-camisa-blanca-y-te-quita-10-anos-de-encima","status":"publish","type":"post","link":"http:\/\/hoycordobaweb.com\/index.php\/2022\/03\/02\/este-look-con-sudadera-negra-de-zara-y-falda-de-lunares-made-in-spain-se-lleva-con-botas-altas-camisa-blanca-y-te-quita-10-anos-de-encima\/","title":{"rendered":"Este look con sudadera negra de Zara y falda de lunares made in Spain se lleva con botas altas, camisa blanca y te quita 10 a\u00f1os de encima"},"content":{"rendered":"<p><!-- AUTHOR --><!-- COMPONENTS --><\/p>\n<p class=\"voc-paragraph\">Los estilistas profesionales coinciden en que <strong>la clave del buen gusto y la elegancia reside en el equilibrio y los contrastes<\/strong>. Esta regla se puede seguir de muchas maneras. Mantener un vestuario sencillo, discreto y minimalista que reavivar con <a data-voc-vtm-id=\"in-text-traffic\" href=\"https:\/\/www.mujerhoy.com\/moda\/no-te-pierdas\/zapatos-bolso-verde-naranja-neon-zara-originales-combinan-con-todo-arrasan-influencers-instagram-20220214095118-nt.html\">accesorios llamativos<\/a>. La balanza entre proporciones, conjuntando por ejemplo un vestido ajustado con una blazer XXL. <a data-voc-vtm-id=\"in-text-traffic\" href=\"https:\/\/www.mujerhoy.com\/moda\/no-te-pierdas\/look-rosa-verde-abrigo-zara-conjunto-punto-jersey-hym-rejuvence-a-los-50-arrasa-instagram-20220118121712-nt.html\">Mezclas de colores<\/a> y estampados variadas en un mismo outfit. O, quiz\u00e1s la m\u00e1s aplicada del momento, los <a data-voc-vtm-id=\"in-text-traffic\" href=\"https:\/\/www.mujerhoy.com\/moda\/no-te-pierdas\/joggers-sudadera-camisa-look-elegante-comodo-influencer-50-anos-rejuvenece-20211110091242-nt.html\">conjuntos de prendas formales e informales<\/a>.\n<\/p>\n<p class=\"voc-paragraph\">Ahora los trajes se llevan con deportivas, los joggers con zapatos de tac\u00f3n y los jers\u00e9is con faldas de lentejuelas para el d\u00eda. Para atreverse con algunos de estos looks hay que ser un verdadera fashionista y no temer a los riesgos. Pero, hay muchas <strong>f\u00f3rmulas ponibles que sientan genial, rejuvenecen y modernizan<\/strong>, siendo alternativa para lucir estilismos diferentes en el d\u00eda a d\u00eda. \u00bfEl truco? A\u00f1adir una <strong>sudadera<\/strong> y con la idea que propone est\u00e1 influencer vas a querer probarlo ya mismo.\n<\/p>\n<p class=\"voc-paragraph\">La influencer <strong>Pilar de Arce<\/strong> es uno de los referentes de estilo en nuestro pa\u00eds y sus looks son siempre un acierto que garantiza ir elegante y favorecida a los 50 (o a cualquier edad). De sus \u00faltimos posts, destacamos una idea de estilismo muy c\u00f3moda, ponible y rejuvenecedora, que mezcla prendas imponentes con b\u00e1sicos, en blanco y negro.\n<\/p>\n<p class=\"voc-paragraph\">Pilar nos deslumbra en una bonita estampa en la playa, luciendo un conjunto compuesto de <strong>camisa blanca de algod\u00f3n<\/strong> y <strong>sudadera negra<\/strong> de Zara, que dorna con <strong>su truco de estilo emblem\u00e1tico para definir y hacer m\u00e1s esbelta la silueta, la adici\u00f3n de un cintur\u00f3n<\/strong>. En la parte inferior, una <strong>falda larga con vuelo y estampado de lunares<\/strong>, en blanco y negro, de la boutique multimarca Zaldus. Y, el broche final lo ponen unas <strong>botas cowboy<\/strong> de Mango y accesorios en dorado.\n<\/p>\n<p class=\"voc-paragraph\">Si a ti tambi\u00e9n te ha fascinado el modelito, te mostramos como replicarlo todo con prendas low cost muy f\u00e1ciles de encontrar.\n<\/p>\n<div class=\"voc-detail__cmp\">\n<div class=\"voc-photo-combo-three fw-xs\">\n<p class=\"figure-caption\"><span class=\"voc-photo-caption\"><\/span><span class=\"voc-photo-author\">ZARA\/MANGO<\/span><\/p>\n<\/div>\n<\/div>\n<p class=\"voc-paragraph\">En <strong>Zara<\/strong> encontramos una <strong>camisa de popel\u00edn blanca<\/strong> con cuello solapa y bolsillo de plastr\u00f3n en el pecho, a 19,95 euros, un b\u00e1sico imprescindible. Y, una <strong>sudadera con hombros ca\u00eddos<\/strong>, cuello redondo ya acabados en rib, color negro, por solo 9,95 euros. Para el cintur\u00f3n, cualquiera en negro sirve, puede ser m\u00e1s ancho o m\u00e1s fino. Nosotros te proponemos este <strong>cintur\u00f3n efecto piel de cocodrilo con hebilla dorada<\/strong>, disponible en <strong>Mango<\/strong> por 15,99 euros.\n<\/p>\n<div class=\"voc-detail__cmp\">\n<div class=\"voc-photo-combo-three fw-xs\">\n<p class=\"figure-caption\"><span class=\"voc-photo-caption\"><\/span><span class=\"voc-photo-author\">MYTHERESA\/ZALANDO<\/span><\/p>\n<\/div>\n<\/div>\n<p class=\"voc-paragraph\">Para la parte de abajo te proponemos varios modelos. Una <strong>falda midi de lunares con tejido plisado y vaporoso<\/strong>, de la firma <strong>Ganni<\/strong>, rebajada en MyTheresa a 87 euros. Una <strong>falda larga con vuelo<\/strong>, talle alto y cintura el\u00e1stica, en estampado de mini lunares negro sobre fondo crudo, de <strong>Vero Moda<\/strong>, por un precio de 39,99 euros en Zalando. O, una <strong>falda larga con enaguas y tejido semitransparente<\/strong>, en blanco, dise\u00f1o de la marca <strong>Only<\/strong> y que tambi\u00e9n puedes encontrar en Zalando, a 34,99 euros.\n<\/p>\n<div class=\"voc-detail__cmp\">\n<div class=\"voc-article-container\">\n<article class=\"voc-article voc-article--cmp-photo-text\">\n<div class=\"voc-img-container\"><picture>\n<div class=\"voc-horizontal voc-img-icon-link\"><img class=\"lazy\" loading=\"lazy\" data-original=\"\/\/static3.mujerhoy.com\/www\/multimedia\/202203\/02\/media\/cortadas\/Dise%c3%b1o%20sin%20t%c3%adtulo-kDUC--624x624@MujerHoy.jpg\" alt><\/div>\n<\/picture>\n<p class=\"figure-caption \"><span class=\"voc-photo-author\"> MANGO <\/span><\/p>\n<\/div>\n<\/article>\n<\/div>\n<\/div>\n<p class=\"voc-paragraph\">Por \u00faltimo, en <strong>Mango<\/strong> puede elegir entre dos dise\u00f1os de calzado estilo cowboy. Unas <strong>botas altas de piel con dise\u00f1o western<\/strong>, costuras decorativas, acabado en punta y que tienen un tac\u00f3n bajo y ancho, en negro, por un coste de 99,99 euros. O, un <strong>bot\u00edn confeccionado en piel con punta y tac\u00f3n embudo<\/strong>, a 49,99 euros.\n<\/p>\n<div class=\"voc-detail__cmp voc-detail__cmp--pad-lr voc-detail__cmp--pad-lr--bdr\">\n<div class=\"voc-ficha-detail__wrapper\">\n<section class=\"voc-ficha-detail\">\n<h4 class=\"voc-ficha-detail-title voc-title-section\">Te recomendamos<\/h4>\n<\/section>\n<\/div>\n<\/div>\n<p><!-- TOPICS --><\/p>\n","protected":false},"excerpt":{"rendered":"<p>Los estilistas profesionales coinciden en que la clave del buen gusto y la elegancia reside en el equilibrio y los contrastes. Esta regla se puede seguir de muchas maneras. Mantener un vestuario sencillo, discreto y minimalista que reavivar con accesorios llamativos. La balanza entre proporciones, conjuntando por ejemplo un vestido ajustado con una blazer XXL. [&hellip;]<\/p>\n","protected":false},"author":1,"featured_media":37854,"comment_status":"closed","ping_status":"closed","sticky":false,"template":"","format":"standard","meta":[],"categories":[1],"tags":[],"_links":{"self":[{"href":"http:\/\/hoycordobaweb.com\/index.php\/wp-json\/wp\/v2\/posts\/37853"}],"collection":[{"href":"http:\/\/hoycordobaweb.com\/index.php\/wp-json\/wp\/v2\/posts"}],"about":[{"href":"http:\/\/hoycordobaweb.com\/index.php\/wp-json\/wp\/v2\/types\/post"}],"author":[{"embeddable":true,"href":"http:\/\/hoycordobaweb.com\/index.php\/wp-json\/wp\/v2\/users\/1"}],"replies":[{"embeddable":true,"href":"http:\/\/hoycordobaweb.com\/index.php\/wp-json\/wp\/v2\/comments?post=37853"}],"version-history":[{"count":0,"href":"http:\/\/hoycordobaweb.com\/index.php\/wp-json\/wp\/v2\/posts\/37853\/revisions"}],"wp:featuredmedia":[{"embeddable":true,"href":"http:\/\/hoycordobaweb.com\/index.php\/wp-json\/wp\/v2\/media\/37854"}],"wp:attachment":[{"href":"http:\/\/hoycordobaweb.com\/index.php\/wp-json\/wp\/v2\/media?parent=37853"}],"wp:term":[{"taxonomy":"category","embeddable":true,"href":"http:\/\/hoycordobaweb.com\/index.php\/wp-json\/wp\/v2\/categories?post=37853"},{"taxonomy":"post_tag","embeddable":true,"href":"http:\/\/hoycordobaweb.com\/index.php\/wp-json\/wp\/v2\/tags?post=37853"}],"curies":[{"name":"wp","href":"https:\/\/api.w.org\/{rel}","templated":true}]}}