{"id":37752,"date":"2022-03-01T01:47:34","date_gmt":"2022-03-01T01:47:34","guid":{"rendered":"https:\/\/www.ole.com.ar\/tenis\/copa-davis-argentina-republica-checa_0_3zsbJSkWTs.html"},"modified":"2022-03-01T01:47:34","modified_gmt":"2022-03-01T01:47:34","slug":"baez-o-coria-la-duda-del-mago","status":"publish","type":"post","link":"http:\/\/hoycordobaweb.com\/index.php\/2022\/03\/01\/baez-o-coria-la-duda-del-mago\/","title":{"rendered":"B\u00e1ez o Coria, la duda del Mago"},"content":{"rendered":"<p><img src=\"http:\/\/hoycordobaweb.com\/wp-content\/uploads\/2022\/03\/baez-o-coria-la-duda-del-mago.jpg\"><\/p>\n<p>Los fan\u00e1ticos del tenis siempre tuvieron una relaci\u00f3n especial con la<strong><a alt=\"copa-davis\" class=\"slug\" href=\"https:\/\/www.ole.com.ar\/tema\/copa-davis.html\" target=\"_blank\" title=\"copa-davis\" rel=\"noopener noreferrer\"> Copa Davis<\/a><\/strong>. Ver a los jugadores defender la bandera nacional, escuchar el himno sonar en cualquier parte del mundo y el hecho de representar en conjunto al pa\u00eds la convirti\u00f3 en un evento imperdible para todo amante de las raquetas y las pelotitas amarillas. Es por eso que el p\u00fablico siempre apoy\u00f3 con su presencia cuando el equipo argentino se present\u00f3 como local. L\u00f3gicamente, algunas series aumentaban el inter\u00e9s por los nombres propios, pero los estadios sol\u00edan estar al tope de su capacidad. En ese sentido, se espera mucha gente para el duelo entre <strong>Argentina y Rep\u00fablica Checa<\/strong> por los playoffs de la Davis 2022, que se llevar\u00e1 a cabo el 3 y 4 de marzo en el Buenos Aires Lawn Tennis Club. Y los equipos ya empezaron a testear las condiciones de la cancha.<\/p>\n<div class=\"sp__Normal\">\n<div class=\"image-embeb image-trigger\" readability=\"6\">\n<picture><source media=\"(min-width: 720px)\" srcset=\"http:\/\/hoycordobaweb.com\/wp-content\/uploads\/2022\/03\/baez-o-coria-la-duda-del-mago-2.jpg\"><img itemprop=\"image\" src=\"http:\/\/hoycordobaweb.com\/wp-content\/uploads\/2022\/03\/baez-o-coria-la-duda-del-mago-2.jpg\" loading=\"lazy\" alt=\"El Peque ya se pone a punto para la Davis. Foto: Prensa AAT.\">\n<\/picture><figcaption readability=\"2\">\n<p>El Peque ya se pone a punto para la Davis. Foto: Prensa AAT.\n<\/p>\n<\/figcaption><\/div>\n<\/div>\n<div class=\"sp__SM\">\n<div class=\"content-new \">\n<span class=\"tit-mobile\">Mir\u00e1 tambi\u00e9n<\/span><\/p>\n<div class=\"mg\">\n<div class=\"wrap-figure\">\n<picture>\n<a href=\"https:\/\/www.ole.com.ar\/tenis\/raqueta-destrozada-norrie-celebro-nadal_0_gU7MOFNUQL.html\" target=\"_self\" rel=\"noopener noreferrer\"><br \/>\n<img class=\"img-responsive\" alt=\"Recibi\u00f3 la raqueta destrozada de Norrie y lo celebr\u00f3\" src=\"http:\/\/hoycordobaweb.com\/wp-content\/uploads\/2022\/03\/baez-o-coria-la-duda-del-mago-3.jpg\" loading=\"lazy\"><br \/>\n<\/a>\n<\/picture>\n<\/div>\n<\/div><\/div>\n<\/div>\n<p>Despu\u00e9s de dos a\u00f1os sin poder disputar las Finales, los conducidos ahora por <strong><a alt=\"guillermo-coria\" class=\"slug\" href=\"https:\/\/www.ole.com.ar\/tema\/guillermo-coria.html\" target=\"_blank\" title=\"guillermo-coria\" rel=\"noopener noreferrer\">Guillermo Coria<\/a><\/strong>, quien har\u00e1 su debut como capit\u00e1n, se jugar\u00e1n una buena chance en casa para regresar a la \u00e9lite del tenis colectivo. No obstante, el cruce no ser\u00e1 sencillo, dado que el rival es m\u00e1s peligroso de lo que uno podr\u00eda creer: se trata de jugadores j\u00f3venes con mucho potencial y que se encuentran en un gran presente.<strong> Tomas Machac<\/strong> (131\u00ba, 21 a\u00f1os, con un gran rev\u00e9s) y <strong>Jiri Lehecka<\/strong> (94\u00ba, 20, buenos tiros desde el fondo, con una derecha pesada) ser\u00e1n las dos cartas principales de la visita.<\/p>\n<div class=\"sp__Normal\">\n<div class=\"image-embeb image-trigger\" readability=\"6\">\n<picture><source media=\"(min-width: 720px)\" srcset=\"http:\/\/hoycordobaweb.com\/wp-content\/uploads\/2022\/03\/baez-o-coria-la-duda-del-mago-4.jpg\"><img itemprop=\"image\" src=\"http:\/\/hoycordobaweb.com\/wp-content\/uploads\/2022\/03\/baez-o-coria-la-duda-del-mago-4.jpg\" loading=\"lazy\" alt=\"Tomas Machac. Foto: Prensa AAT.\">\n<\/picture><figcaption readability=\"2\">\n<p>Tomas Machac. Foto: Prensa AAT.\n<\/p>\n<\/figcaption><\/div>\n<\/div>\n<div class=\"sp__Normal\">\n<div class=\"image-embeb image-trigger\" readability=\"6\">\n<picture><source media=\"(min-width: 720px)\" srcset=\"http:\/\/hoycordobaweb.com\/wp-content\/uploads\/2022\/03\/baez-o-coria-la-duda-del-mago-5.jpg\"><img itemprop=\"image\" src=\"http:\/\/hoycordobaweb.com\/wp-content\/uploads\/2022\/03\/baez-o-coria-la-duda-del-mago-5.jpg\" loading=\"lazy\" alt=\"Jiri Lehecka. Foto: Prensa AAT.\">\n<\/picture><figcaption readability=\"2\">\n<p>Jiri Lehecka. Foto: Prensa AAT.\n<\/p>\n<\/figcaption><\/div>\n<\/div>\n<h2><strong>LA DUDA DEL CAPIT\u00c1N<\/strong><\/h2>\n<p>Coria, en tanto, deber\u00e1 definir en los entrenamientos de la semana qui\u00e9n acompa\u00f1ar\u00e1 a <strong><a alt=\"diego-schwartzman\" class=\"slug\" href=\"https:\/\/www.ole.com.ar\/tema\/diego-schwartzman.html\" target=\"_blank\" title=\"diego-schwartzman\" rel=\"noopener noreferrer\">Diego Schwartzman<\/a><\/strong> (14\u00ba) como el segundo singlista. Tras la baja de Federico Delbonis por un problema en la cadera,<strong><a alt=\"sebastian-baez\" class=\"slug\" href=\"https:\/\/www.ole.com.ar\/tema\/sebastian-baez.html\" target=\"_blank\" title=\"sebastian-baez\" rel=\"noopener noreferrer\"> Sebasti\u00e1n B\u00e1ez<\/a> (62\u00ba) y <a alt=\"federico-coria\" class=\"slug\" href=\"https:\/\/www.ole.com.ar\/tema\/federico-coria.html\" target=\"_blank\" title=\"federico-coria\" rel=\"noopener noreferrer\">Federico Coria <\/a>(69\u00ba) batallar\u00e1n por ese lugar vacante<\/strong>. Adem\u00e1s, Horacio Zeballos (5\u00ba) y M\u00e1ximo Gonz\u00e1lez (24\u00ba) conformar\u00e1n la pareja de dobles.<\/p>\n<div class=\"sp__Normal\">\n<div class=\"image-embeb image-trigger\" readability=\"6\">\n<picture><source media=\"(min-width: 720px)\" srcset=\"http:\/\/hoycordobaweb.com\/wp-content\/uploads\/2022\/03\/baez-o-coria-la-duda-del-mago-6.jpg\"><img itemprop=\"image\" src=\"http:\/\/hoycordobaweb.com\/wp-content\/uploads\/2022\/03\/baez-o-coria-la-duda-del-mago-6.jpg\" loading=\"lazy\" alt=\"Coria puede ser el segundo singlista. Foto: Prensa AAT.\">\n<\/picture><figcaption readability=\"2\">\n<p>Coria puede ser el segundo singlista. Foto: Prensa AAT.\n<\/p>\n<\/figcaption><\/div>\n<\/div>\n<div class=\"sp__SM\">\n<div class=\"content-new \">\n<span class=\"tit-mobile\">Mir\u00e1 tambi\u00e9n<\/span><\/p>\n<div class=\"mg\">\n<div class=\"wrap-figure\">\n<picture>\n<a href=\"https:\/\/www.ole.com.ar\/tenis\/oficial-ranking-medvedev-1-atp_0_JsEOTqTbhJ.html\" target=\"_self\" rel=\"noopener noreferrer\"><br \/>\n<img class=\"img-responsive\" alt=\"Rusia potencia: Medvedev se suma al logro de Kafelnikov y Safin\" src=\"http:\/\/hoycordobaweb.com\/wp-content\/uploads\/2022\/03\/baez-o-coria-la-duda-del-mago-7.jpg\" loading=\"lazy\"><br \/>\n<\/a>\n<\/picture>\n<\/div>\n<\/div><\/div>\n<\/div>\n<p>B\u00e1ez viene de hacer una gran semana en Santiago, donde alcanz\u00f3 la final y no pudo obtener el t\u00edtulo por algunos detalles, mientras que Coria sum\u00f3 buenas semanas en el Argentina Open y en el ATP 500 de R\u00edo (en ambos lleg\u00f3 a los cuartos de final). Asimismo, ya sabe lo que es vestir la camiseta celeste y blanca en la competencia porque debut\u00f3 en el triunfo de fines de 2021 ante Belar\u00fas. <\/p>\n<div class=\"sp__SM\">\n<div class=\"content-new \">\n<span class=\"tit-mobile\">Mir\u00e1 tambi\u00e9n<\/span><\/p>\n<div class=\"mg\">\n<div class=\"wrap-figure\">\n<picture>\n<a href=\"https:\/\/www.ole.com.ar\/informacion-general\/rusia-deportes-putin_0_QwA1PbJ2jr.html\" target=\"_self\" rel=\"noopener noreferrer\"><br \/>\n<img class=\"img-responsive\" alt=\"El boicot del deporte a Rusia\" src=\"http:\/\/hoycordobaweb.com\/wp-content\/uploads\/2022\/03\/baez-o-coria-la-duda-del-mago-8.jpg\" loading=\"lazy\"><br \/>\n<\/a>\n<\/picture>\n<\/div>\n<\/div><\/div>\n<\/div>\n<p>\u00abManej\u00e9 mucho mejor los nervios, <strong>pude tener un entrenamiento con el capit\u00e1n, a quien esta semana no le voy a decir mi hermano porque es el capit\u00e1n de la Selecci\u00f3n Argentina<\/strong>. Estuve viendo muchas cosas con \u00e9l y con mi entrenador. Recib\u00ed mucha informaci\u00f3n que me va a servir tanto para este fin de semana como para mi carrera\u00bb, cont\u00f3 Federico acerca de la relaci\u00f3n con el Mago.<\/p>\n<div class=\"sp__SM\">\n<div class=\"content-new \">\n<span class=\"tit-mobile\">Mir\u00e1 tambi\u00e9n<\/span><\/p>\n<div class=\"mg\">\n<div class=\"wrap-figure\">\n<picture>\n<a href=\"https:\/\/www.ole.com.ar\/tenis\/sebastian-baez-atp-santiago-martinez_0_ro4RAyd32m.html\" target=\"_self\" rel=\"noopener noreferrer\"><br \/>\n<img class=\"img-responsive\" alt=\"B\u00e1ez se qued\u00f3 sin corona en Santiago\" src=\"http:\/\/hoycordobaweb.com\/wp-content\/uploads\/2022\/03\/baez-o-coria-la-duda-del-mago-9.jpg\" loading=\"lazy\"><br \/>\n<\/a>\n<\/picture>\n<\/div>\n<\/div><\/div>\n<\/div>\n<div class=\"entry-tags\">\n<h2>TEMAS QUE APARECEN EN ESTA NOTA<\/h2>\n<\/p><\/div>\n","protected":false},"excerpt":{"rendered":"<p>Los fan\u00e1ticos del tenis siempre tuvieron una relaci\u00f3n especial con la Copa Davis. Ver a los jugadores defender la bandera nacional, escuchar el himno sonar en cualquier parte del mundo y el hecho de representar en conjunto al pa\u00eds la convirti\u00f3 en un evento imperdible para todo amante de las raquetas y las pelotitas amarillas. [&hellip;]<\/p>\n","protected":false},"author":1,"featured_media":37753,"comment_status":"open","ping_status":"closed","sticky":false,"template":"","format":"standard","meta":[],"categories":[16],"tags":[],"_links":{"self":[{"href":"http:\/\/hoycordobaweb.com\/index.php\/wp-json\/wp\/v2\/posts\/37752"}],"collection":[{"href":"http:\/\/hoycordobaweb.com\/index.php\/wp-json\/wp\/v2\/posts"}],"about":[{"href":"http:\/\/hoycordobaweb.com\/index.php\/wp-json\/wp\/v2\/types\/post"}],"author":[{"embeddable":true,"href":"http:\/\/hoycordobaweb.com\/index.php\/wp-json\/wp\/v2\/users\/1"}],"replies":[{"embeddable":true,"href":"http:\/\/hoycordobaweb.com\/index.php\/wp-json\/wp\/v2\/comments?post=37752"}],"version-history":[{"count":0,"href":"http:\/\/hoycordobaweb.com\/index.php\/wp-json\/wp\/v2\/posts\/37752\/revisions"}],"wp:featuredmedia":[{"embeddable":true,"href":"http:\/\/hoycordobaweb.com\/index.php\/wp-json\/wp\/v2\/media\/37753"}],"wp:attachment":[{"href":"http:\/\/hoycordobaweb.com\/index.php\/wp-json\/wp\/v2\/media?parent=37752"}],"wp:term":[{"taxonomy":"category","embeddable":true,"href":"http:\/\/hoycordobaweb.com\/index.php\/wp-json\/wp\/v2\/categories?post=37752"},{"taxonomy":"post_tag","embeddable":true,"href":"http:\/\/hoycordobaweb.com\/index.php\/wp-json\/wp\/v2\/tags?post=37752"}],"curies":[{"name":"wp","href":"https:\/\/api.w.org\/{rel}","templated":true}]}}