{"id":37599,"date":"2022-02-25T01:58:00","date_gmt":"2022-02-25T01:58:00","guid":{"rendered":"http:\/\/hoycordobaweb.com\/index.php\/2022\/02\/25\/la-unlp-lanzo-la-segunda-edicion-de-archivos-en-vigilia\/"},"modified":"2022-02-25T01:58:00","modified_gmt":"2022-02-25T01:58:00","slug":"la-unlp-lanzo-la-segunda-edicion-de-archivos-en-vigilia","status":"publish","type":"post","link":"http:\/\/hoycordobaweb.com\/index.php\/2022\/02\/25\/la-unlp-lanzo-la-segunda-edicion-de-archivos-en-vigilia\/","title":{"rendered":"La UNLP lanz\u00f3 la segunda edici\u00f3n de \u00abArchivos en Vigilia\u00bb"},"content":{"rendered":"<p><img src=\"http:\/\/hoycordobaweb.com\/wp-content\/uploads\/2022\/02\/la-unlp-lanzo-la-segunda-edicion-de-archivos-en-vigilia.jpg\"><\/p>\n<figure class=\"mb-3\"><img loading=\"lazy\" src=\"http:\/\/hoycordobaweb.com\/wp-content\/uploads\/2022\/02\/la-unlp-lanzo-la-segunda-edicion-de-archivos-en-vigilia-2.jpg\" width=\"100%\" height=\"100%\" alt=\"El Archivo Nacional de la Memoria foto la Universidad Nacional de La Plata y Wikimedia Argentina organizan la segunda edicin virtual de Archivos en Vigilia Foto Archivo\"><figcaption> El Archivo Nacional de la Memoria (foto), la Universidad Nacional de La Plata y Wikimedia Argentina organizan la segunda edici\u00f3n virtual de \u201cArchivos en Vigilia\u201d (Foto Archivo) <\/figcaption><\/figure>\n<p>La <strong>Universidad Nacional de La Plata<\/strong>, junto con<strong> Wikimedia Argentina<\/strong> y el <strong>Archivo Nacional de la Memoria<\/strong>, organizan la segunda edici\u00f3n virtual de \u201cArchivos en Vigilia\u201d, una actividad que visibiliza documentos referidos a las violaciones a los derechos humanos.<\/p>\n<p>La iniciativa convoca a instituciones archiv\u00edsticas y culturales a difundir, en Wikimedia Commons, fotograf\u00edas, muestras y materiales audiovisuales, entre otros documentos, que refieran a situaciones de violaciones a los derechos humanos, a los procesos de <strong>memoria, verdad y justicia<\/strong> y de reparaci\u00f3n producidas en nuestro pa\u00eds.<\/p>\n<p>Los organizadores recordaron en un comunicado que el a\u00f1o pasado esta actividad se llev\u00f3 a cabo en el marco de \u00abCelebrar los archivos\u00bb y que \u201cla idea es seguir apostando a <strong>dar un pleno acceso a documentos digitalizados que testimonien las graves violaciones a los derechos humanos<\/strong>, valorizando el rol social, hist\u00f3rico y cultural en las instituciones archiv\u00edsticas\u201d.<\/p>\n<p>Adem\u00e1s, se inform\u00f3 que el 2 y 16 de marzo de 10:30 a 12 horas se realizar\u00e1n <strong>charlas con informaci\u00f3n<\/strong> de la propuesta e instrucciones personalizadas sobre qu\u00e9 documentos se pueden compartir y sobre los recursos gr\u00e1ficos que podr\u00edan utilizarse.<\/p>\n<blockquote class=\"twitter-tweet\" readability=\"4.3474576271186\">\n<p lang=\"es\" dir=\"ltr\"><a href=\"https:\/\/twitter.com\/hashtag\/24M?src=hash&amp;ref_src=twsrc%5Etfw\">#24M<\/a> Invitamos a instituciones y organizaciones que conservan documentos relacionados a esta fecha hist\u00f3rica a una nueva edici\u00f3n de <a href=\"https:\/\/twitter.com\/hashtag\/ArchivosenVigilia?src=hash&amp;ref_src=twsrc%5Etfw\">#ArchivosenVigilia<\/a> <a href=\"https:\/\/t.co\/YLqGqsHphE\">pic.twitter.com\/YLqGqsHphE<\/a><\/p>\n<p>\u2014 Wikimedia Argentina (@wikimedia_ar) <a href=\"https:\/\/twitter.com\/wikimedia_ar\/status\/1496597367319052291?ref_src=twsrc%5Etfw\">February 23, 2022<\/a><\/p><\/blockquote>\n","protected":false},"excerpt":{"rendered":"<p>El Archivo Nacional de la Memoria (foto), la Universidad Nacional de La Plata y Wikimedia Argentina organizan la segunda edici\u00f3n virtual de \u201cArchivos en Vigilia\u201d (Foto Archivo) La Universidad Nacional de La Plata, junto con Wikimedia Argentina y el Archivo Nacional de la Memoria, organizan la segunda edici\u00f3n virtual de \u201cArchivos en Vigilia\u201d, una actividad [&hellip;]<\/p>\n","protected":false},"author":1,"featured_media":37600,"comment_status":"open","ping_status":"closed","sticky":false,"template":"","format":"standard","meta":[],"categories":[19],"tags":[],"_links":{"self":[{"href":"http:\/\/hoycordobaweb.com\/index.php\/wp-json\/wp\/v2\/posts\/37599"}],"collection":[{"href":"http:\/\/hoycordobaweb.com\/index.php\/wp-json\/wp\/v2\/posts"}],"about":[{"href":"http:\/\/hoycordobaweb.com\/index.php\/wp-json\/wp\/v2\/types\/post"}],"author":[{"embeddable":true,"href":"http:\/\/hoycordobaweb.com\/index.php\/wp-json\/wp\/v2\/users\/1"}],"replies":[{"embeddable":true,"href":"http:\/\/hoycordobaweb.com\/index.php\/wp-json\/wp\/v2\/comments?post=37599"}],"version-history":[{"count":0,"href":"http:\/\/hoycordobaweb.com\/index.php\/wp-json\/wp\/v2\/posts\/37599\/revisions"}],"wp:featuredmedia":[{"embeddable":true,"href":"http:\/\/hoycordobaweb.com\/index.php\/wp-json\/wp\/v2\/media\/37600"}],"wp:attachment":[{"href":"http:\/\/hoycordobaweb.com\/index.php\/wp-json\/wp\/v2\/media?parent=37599"}],"wp:term":[{"taxonomy":"category","embeddable":true,"href":"http:\/\/hoycordobaweb.com\/index.php\/wp-json\/wp\/v2\/categories?post=37599"},{"taxonomy":"post_tag","embeddable":true,"href":"http:\/\/hoycordobaweb.com\/index.php\/wp-json\/wp\/v2\/tags?post=37599"}],"curies":[{"name":"wp","href":"https:\/\/api.w.org\/{rel}","templated":true}]}}