{"id":37572,"date":"2022-02-25T00:57:44","date_gmt":"2022-02-25T00:57:44","guid":{"rendered":"https:\/\/www.ole.com.ar\/platense\/ignacio-schor-platense-bici_0_yAzqhb0deG.html"},"modified":"2022-02-25T00:57:44","modified_gmt":"2022-02-25T00:57:44","slug":"schor-hasta-hace-poco-me-cargaban-por-venir-a-entrenar-en-bici","status":"publish","type":"post","link":"http:\/\/hoycordobaweb.com\/index.php\/2022\/02\/25\/schor-hasta-hace-poco-me-cargaban-por-venir-a-entrenar-en-bici\/","title":{"rendered":"Schor: \u00abHasta hace poco me cargaban por venir a entrenar en bici\u00bb"},"content":{"rendered":"<p><img src=\"http:\/\/hoycordobaweb.com\/wp-content\/uploads\/2022\/02\/schor-hasta-hace-poco-me-cargaban-por-venir-a-entrenar-en-bici.jpg\"><\/p>\n<p>Cuando naci\u00f3 en el 2000, hac\u00eda un a\u00f1o que <a alt=\"platense\" class=\"slug\" href=\"https:\/\/www.ole.com.ar\/tema\/platense.html\" target=\"_blank\" title=\"platense\" rel=\"noopener noreferrer\">Platense<\/a> hab\u00eda descendido. As\u00ed que este volante ofensivo por banda nunca hab\u00eda visto al Calamar en Primera. Hasta que, siendo parte del equipo del Chocho Llop, consigui\u00f3 el sue\u00f1o de devolverlo a la m\u00e1xima categor\u00eda. <a alt=\"ignacio-schor\" class=\"slug\" href=\"https:\/\/www.ole.com.ar\/tema\/ignacio-schor.html\" target=\"_blank\" title=\"ignacio-schor\" rel=\"noopener noreferrer\">Ignacio Schor<\/a>, 21 a\u00f1os, dice que est\u00e1 viviendo un sue\u00f1o. \u201c<strong>Yo vengo de las Inferiores en Platense, pas\u00e9 B Metropolitana, la B Nacional y hoy estar en Primera, medirse contra los grandes, la verdad que es algo muy lindo<\/strong>\u201d.<\/p>\n<div class=\"sp__SM\">\n<div class=\"content-new \">\n<span class=\"tit-mobile\">Mir\u00e1 tambi\u00e9n<\/span><\/p>\n<div class=\"mg\">\n<div class=\"wrap-figure\">\n<picture>\n<a href=\"https:\/\/www.ole.com.ar\/futbol-primera\/futbol-argentino-fecha-4-locos_0_7XNxAKXukW.html\" target=\"_self\" rel=\"noopener noreferrer\"><br \/>\n<img class=\"img-responsive\" alt=\"El loco f\u00fatbol argentino: una fecha en seis d\u00edas\" src=\"http:\/\/hoycordobaweb.com\/wp-content\/uploads\/2022\/02\/schor-hasta-hace-poco-me-cargaban-por-venir-a-entrenar-en-bici-2.jpg\" loading=\"lazy\"><br \/>\n<\/a>\n<\/picture>\n<\/div>\n<\/div><\/div>\n<\/div>\n<div class=\"sp__SM\">\n<div class=\"content-new \">\n<span class=\"tit-mobile\">Mir\u00e1 tambi\u00e9n<\/span><\/p>\n<div class=\"mg\">\n<div class=\"wrap-figure\">\n<picture>\n<a href=\"https:\/\/www.ole.com.ar\/maradona\/maradona-nene-gesto-platense_0_3T0iRJSCpu.html\" target=\"_self\" rel=\"noopener noreferrer\"><br \/>\n<img class=\"img-responsive\" alt=\"El tierno gesto de un nene a una bandera de Maradona y la respuesta de Dalma\" src=\"http:\/\/hoycordobaweb.com\/wp-content\/uploads\/2022\/02\/schor-hasta-hace-poco-me-cargaban-por-venir-a-entrenar-en-bici-3.jpg\" loading=\"lazy\"><br \/>\n<\/a>\n<\/picture>\n<\/div>\n<\/div><\/div>\n<\/div>\n<p> <strong>-De ascender, pasaron a estar punteros en la zona de River, \u00bfcu\u00e1l es el objetivo que se plantearon?<\/strong><\/p>\n<p> -El objetivo desde que ascendimos siempre fue el mismo: sacar la mayor cantidad de puntos. Y hoy sigue siendo el mismo. <strong>Sacar muchos puntos para poder mantener la categor\u00eda la mayor cantidad de tiempo posible.<\/strong><\/p>\n<p> <strong>-Pero al estar arriba, \u00bfno sue\u00f1an con algo m\u00e1s?<\/strong><\/p>\n<p> -Esto reci\u00e9n arranca, estas tres fechas sacamos una buena cantidad de puntos. Como te digo, el objetivo es el mismo, mantener la categor\u00eda. Al final se ver\u00e1 c\u00f3mo estamos y veremos si se puede intentar un objetivo m\u00e1s grande, pero <mark>hoy queremos mantener la categor\u00eda<\/mark>.<\/p>\n<div class=\"sp__Normal\">\n<div class=\"image-embeb image-trigger\" readability=\"6.5\">\n<picture><source media=\"(min-width: 720px)\" srcset=\"http:\/\/hoycordobaweb.com\/wp-content\/uploads\/2022\/02\/schor-hasta-hace-poco-me-cargaban-por-venir-a-entrenar-en-bici-4.jpg\"><img itemprop=\"image\" src=\"http:\/\/hoycordobaweb.com\/wp-content\/uploads\/2022\/02\/schor-hasta-hace-poco-me-cargaban-por-venir-a-entrenar-en-bici-4.jpg\" loading=\"lazy\" alt=\"&quot;El grupo es ambicioso, no solo Claudio&quot;. Foto: Gonzalo Colini\/Prensa Platense\">\n<\/picture><figcaption readability=\"3\">\n<p>\u00abEl grupo es ambicioso, no solo Claudio\u00bb. Foto: Gonzalo Colini\/Prensa Platense\n<\/p>\n<\/figcaption><\/div>\n<\/div>\n<p> <strong>-Que Spont\u00f3n, que lo tuviste tantos a\u00f1os en Reserva, sea el DT en la Primera, te ayuda, \u00bfno?<\/strong><\/p>\n<p> -Lo tuve en Reserva cuatro a\u00f1os. Y la respuesta es un rotundo s\u00ed, me ayud\u00f3 much\u00edsimo. Me conoce dentro y fuera de la cancha. Justo se da que yo juego en la misma posici\u00f3n que \u00e9l, tenemos caracter\u00edsticas parecidas. <strong>Obviamente me da tips y muchos consejos<\/strong>.<\/p>\n<p> <strong>-Se lo ve con ambici\u00f3n, quiere ser el Gallardo del club, quiere pelear arriba. \u00bfEs as\u00ed en el d\u00eda a d\u00eda?<\/strong><\/p>\n<p> -Se nota desde que asumi\u00f3 en Primera que algo cambi\u00f3. Estamos sacando buenos resultados, estamos jugando bien. <strong>El grupo es ambicioso, no solo Claudio<\/strong>. El cuerpo t\u00e9cnico, los jugadores, todos lo somos. Cuando un grupo tiene ambici\u00f3n en el d\u00eda a d\u00eda, los buenos resultados a la corta o a la larga se van a dar.<\/p>\n<div class=\"sp__SM\">\n<div class=\"content-new \">\n<span class=\"tit-mobile\">Mir\u00e1 tambi\u00e9n<\/span><\/p>\n<div class=\"mg\">\n<div class=\"wrap-figure\">\n<picture>\n<a href=\"https:\/\/www.ole.com.ar\/platense\/sponton-equipo-convencido_0_iaAfndPGA7.html\" target=\"_self\" rel=\"noopener noreferrer\"><br \/>\n<img class=\"img-responsive\" alt=\"Spont\u00f3n: &quot;Tenemos un equipo convencido de lo que quiere&quot;\" src=\"http:\/\/hoycordobaweb.com\/wp-content\/uploads\/2022\/02\/schor-hasta-hace-poco-me-cargaban-por-venir-a-entrenar-en-bici-5.jpg\" loading=\"lazy\"><br \/>\n<\/a>\n<\/picture>\n<\/div>\n<\/div><\/div>\n<\/div>\n<p> <strong>-\u00bfY qu\u00e9 se siente estar en el d\u00eda a d\u00eda y jugar con un \u00eddolo como Bergessio?<\/strong><\/p>\n<p> -Tener jugadores de tanta jerarqu\u00eda en el grupo te lleva a querer mejorar. Ellos son exigentes de buena manera, te obligan a siempre estar bien. <mark>Est\u00e1n Bergessio, Bertolo, Tito Canteros. Jugadores que estuvieron en Europa y tienen una trayectoria muy linda<\/mark>. Tener jugadores as\u00ed, como Gonza, obviamente te hace querer so\u00f1ar en grande. Porque son jugadores que, quiz\u00e1s el equipo no est\u00e1 teniendo un buen partido, no salen las cosas y ellos de una jugada para la otra hacen un gol o una asistencia o un penal. Aportan mucho.<\/p>\n<div class=\"sp__Normal\">\n<div class=\"image-embeb image-trigger\" readability=\"6.5\">\n<picture><source media=\"(min-width: 720px)\" srcset=\"http:\/\/hoycordobaweb.com\/wp-content\/uploads\/2022\/02\/schor-hasta-hace-poco-me-cargaban-por-venir-a-entrenar-en-bici-6.jpg\"><img itemprop=\"image\" src=\"http:\/\/hoycordobaweb.com\/wp-content\/uploads\/2022\/02\/schor-hasta-hace-poco-me-cargaban-por-venir-a-entrenar-en-bici-6.jpg\" loading=\"lazy\" alt=\"&quot;Tener un jugador como Gonza (Bergessio) te hace so\u00f1ar en grande&quot;. Foto: Gonzalo Colini\/Prensa Platense\">\n<\/picture><figcaption readability=\"3\">\n<p>\u00abTener un jugador como Gonza (Bergessio) te hace so\u00f1ar en grande\u00bb. Foto: Gonzalo Colini\/Prensa Platense\n<\/p>\n<\/figcaption><\/div>\n<\/div>\n<p> <strong>-\u00bfY c\u00f3mo fue tu salto de Reserva a Primera?<\/strong><\/p>\n<p> -Cuando me suben a Primera era extra\u00f1o, porque estaba hace tres a\u00f1os en Reserva, pero s\u00f3lo hab\u00eda jugado tres partidos de suplente y uno de titular. A m\u00ed me convocan a Primera, <strong>juego el reducido de la B y casi sin partidos en Reserva<\/strong>. Es muy importante la Reserva, f\u00edjate que despu\u00e9s tuve que bajar como 15 partidos para adaptarme. Es un paso importante, no hay que saltearlo.<\/p>\n<p> <strong>-Terminaste el a\u00f1o con gol a V\u00e9lez, ahora arrancaste siendo importante. \u00bfC\u00f3mo manej\u00e1s eso?<\/strong><\/p>\n<p> -Yo me siento bien, estoy contento. Me hab\u00eda costado cuando ascendimos adaptarme a la Primera Divisi\u00f3n, por eso estuve un tiempo jugando en Reserva y me ayud\u00f3 much\u00edsimo. Tiempo despu\u00e9s logr\u00e9 adaptarme y hoy de a poco estoy agarrando confianza. <strong>Contento por mi presente, pero voy por mucho m\u00e1s.<\/strong><\/p>\n<div class=\"sp__Normal\">\n<div class=\"image-embeb image-trigger\" readability=\"7\">\n<picture><source media=\"(min-width: 720px)\" srcset=\"http:\/\/hoycordobaweb.com\/wp-content\/uploads\/2022\/02\/schor-hasta-hace-poco-me-cargaban-por-venir-a-entrenar-en-bici-7.jpg\"><img itemprop=\"image\" src=\"http:\/\/hoycordobaweb.com\/wp-content\/uploads\/2022\/02\/schor-hasta-hace-poco-me-cargaban-por-venir-a-entrenar-en-bici-7.jpg\" loading=\"lazy\" alt=\"Ignacio Schor: &quot;La Reserva es un paso importante, no hay que saltearlo&quot;. Foto: Gonzalo Colini\/Prensa Platense\">\n<\/picture><figcaption readability=\"4\">\n<p>Ignacio Schor: \u00abLa Reserva es un paso importante, no hay que saltearlo\u00bb. Foto: Gonzalo Colini\/Prensa Platense\n<\/p>\n<\/figcaption><\/div>\n<\/div>\n<p> <strong>-Imagino que para vos es como un premio por todos estos a\u00f1os de esfuerzo&#8230;<\/strong><\/p>\n<p> -S\u00ed, es as\u00ed. Cuando me citan a entrenar por primera vez en Primera yo me manejaba en colectivo. Ese tiempo de entrenar a la ma\u00f1ana me manejaba en bici por la pandemia. Eran unos 20 \u00f3 25 minutos en bici. Y sino iba con mi pap\u00e1 o mi mam\u00e1, que siempre me llevaron a todos lados. <mark>Mis compa\u00f1eros me cargaban hasta hace poco por eso de ir en bici<\/mark>, ja, pero ten\u00eda que pasar.<\/p>\n<p> <strong>-Hiciste Inferiores en River y estuviste un tiempo en San Lorenzo. \u00bfEsto te ayud\u00f3 en tu formaci\u00f3n?<\/strong><\/p>\n<p> -S\u00ed, yo arranqu\u00e9 en River en Infantiles. A principio de Novena me dejan libre, despu\u00e9s me fui seis meses a San Lorenzo y de ah\u00ed, por diferentes motivos, prefer\u00ed irme. Por cercan\u00eda del barrio, viv\u00ed en Belgrano toda mi vida, prefer\u00ed ir a jugar a Platense y desde 2014 que estoy en el club. Jugar en River y San Lorenzo yo creo que s\u00ed me ayud\u00f3, pero era muy chico. No era muy consciente de las cosas, cuando lo empec\u00e9 a ser llegu\u00e9 a Platense. <strong>Si tengo que dar las gracias a un club que me ayud\u00f3, ese es Platense. Siempre.<\/strong><\/p>\n<div class=\"sp__Normal\">\n<div class=\"image-embeb image-trigger\" readability=\"7\">\n<picture><source media=\"(min-width: 720px)\" srcset=\"http:\/\/hoycordobaweb.com\/wp-content\/uploads\/2022\/02\/schor-hasta-hace-poco-me-cargaban-por-venir-a-entrenar-en-bici-8.jpg\"><img itemprop=\"image\" src=\"http:\/\/hoycordobaweb.com\/wp-content\/uploads\/2022\/02\/schor-hasta-hace-poco-me-cargaban-por-venir-a-entrenar-en-bici-8.jpg\" loading=\"lazy\" alt=\"&quot;Siempre use el pelo largo, pero bueno es un lindo apodo (P\u00e1jaro)&quot;. Foto: Gonzalo Colini\/Prensa Platense\">\n<\/picture><figcaption readability=\"4\">\n<p>\u00abSiempre use el pelo largo, pero bueno es un lindo apodo (P\u00e1jaro)\u00bb. Foto: Gonzalo Colini\/Prensa Platense\n<\/p>\n<\/figcaption><\/div>\n<\/div>\n<p> <strong>-Hoy pens\u00e1s en el Calamar, \u00bfpero te gustar\u00eda tener revancha en alguno de esos clubes?<\/strong><\/p>\n<p> &#8211;<strong>Uno siempre sue\u00f1a en jugar en uno de los grandes<\/strong>, pero mi cabeza est\u00e1 en Platense, en sumar minutos y agarrar el mayor ritmo posible. Y yo quiero que as\u00ed sea por un tiempo m\u00e1s.<\/p>\n<p> <strong>-\u00bfLo del apodo P\u00e1jaro de d\u00f3nde viene?<\/strong><\/p>\n<p> -Supongo que por Cani, ja. No s\u00e9 qui\u00e9n me puso as\u00ed en Platense, tampoco busqu\u00e9 que me digan as\u00ed. <strong>Siempre us\u00e9 el pelo largo, pero bueno es un lindo apodo<\/strong>. No s\u00e9 qui\u00e9n me lo habr\u00e1 puesto, pero le agradezco, ja.<\/p>\n<div class=\"entry-tags\">\n<h2>TEMAS QUE APARECEN EN ESTA NOTA<\/h2>\n<\/p><\/div>\n","protected":false},"excerpt":{"rendered":"<p>Cuando naci\u00f3 en el 2000, hac\u00eda un a\u00f1o que Platense hab\u00eda descendido. As\u00ed que este volante ofensivo por banda nunca hab\u00eda visto al Calamar en Primera. Hasta que, siendo parte del equipo del Chocho Llop, consigui\u00f3 el sue\u00f1o de devolverlo a la m\u00e1xima categor\u00eda. Ignacio Schor, 21 a\u00f1os, dice que est\u00e1 viviendo un sue\u00f1o. \u201cYo [&hellip;]<\/p>\n","protected":false},"author":1,"featured_media":37573,"comment_status":"open","ping_status":"closed","sticky":false,"template":"","format":"standard","meta":[],"categories":[16],"tags":[],"_links":{"self":[{"href":"http:\/\/hoycordobaweb.com\/index.php\/wp-json\/wp\/v2\/posts\/37572"}],"collection":[{"href":"http:\/\/hoycordobaweb.com\/index.php\/wp-json\/wp\/v2\/posts"}],"about":[{"href":"http:\/\/hoycordobaweb.com\/index.php\/wp-json\/wp\/v2\/types\/post"}],"author":[{"embeddable":true,"href":"http:\/\/hoycordobaweb.com\/index.php\/wp-json\/wp\/v2\/users\/1"}],"replies":[{"embeddable":true,"href":"http:\/\/hoycordobaweb.com\/index.php\/wp-json\/wp\/v2\/comments?post=37572"}],"version-history":[{"count":0,"href":"http:\/\/hoycordobaweb.com\/index.php\/wp-json\/wp\/v2\/posts\/37572\/revisions"}],"wp:featuredmedia":[{"embeddable":true,"href":"http:\/\/hoycordobaweb.com\/index.php\/wp-json\/wp\/v2\/media\/37573"}],"wp:attachment":[{"href":"http:\/\/hoycordobaweb.com\/index.php\/wp-json\/wp\/v2\/media?parent=37572"}],"wp:term":[{"taxonomy":"category","embeddable":true,"href":"http:\/\/hoycordobaweb.com\/index.php\/wp-json\/wp\/v2\/categories?post=37572"},{"taxonomy":"post_tag","embeddable":true,"href":"http:\/\/hoycordobaweb.com\/index.php\/wp-json\/wp\/v2\/tags?post=37572"}],"curies":[{"name":"wp","href":"https:\/\/api.w.org\/{rel}","templated":true}]}}