{"id":37570,"date":"2022-02-25T01:12:39","date_gmt":"2022-02-25T01:12:39","guid":{"rendered":"https:\/\/www.ole.com.ar\/lanus\/lanus-jose-lopez-nueva-joya_0_CV7wI9pZIn.html"},"modified":"2022-02-25T01:12:39","modified_gmt":"2022-02-25T01:12:39","slug":"el-gran-momento-de-jose-lopez-un-nueve-que-no-se-conforma","status":"publish","type":"post","link":"http:\/\/hoycordobaweb.com\/index.php\/2022\/02\/25\/el-gran-momento-de-jose-lopez-un-nueve-que-no-se-conforma\/","title":{"rendered":"El gran momento de Jos\u00e9 L\u00f3pez, un nueve que no se conforma"},"content":{"rendered":"<p><img src=\"http:\/\/hoycordobaweb.com\/wp-content\/uploads\/2022\/02\/el-gran-momento-de-jose-lopez-un-nueve-que-no-se-conforma.jpg\"><\/p>\n<p>Flaco su apodo, por sus 77 kilos. Gana de arriba como pocos, define con los dos perfiles, pero es zurdo. Es una torre (1,90 metro), pero no es tosco. Es un nueve que se puede desprender de la lucha con los centrales, para tomar contacto con la pelota y te puede filtrar una asistencia.<strong> As\u00ed juega<\/strong> <a alt=\"jose-lopez\" class=\"slug\" href=\"https:\/\/www.ole.com.ar\/tema\/jose-lopez.html\" target=\"_blank\" title=\"jose-lopez\" rel=\"noopener noreferrer\">Jos\u00e9 L\u00f3pez<\/a><strong>, la nueva joya del f\u00fatbol argentino<\/strong>. S\u00ed, afirmativo. Porque lo es, porque con 21 a\u00f1os juega como si tuviese la experiencia de su compa\u00f1ero de ataque:<a alt=\"jose-sand\" class=\"slug\" href=\"https:\/\/www.ole.com.ar\/tema\/jose-sand.html\" target=\"_blank\" title=\"jose-sand\" rel=\"noopener noreferrer\">Jos\u00e9 Sand<\/a> (41). \u201cMejor\u00e9 gracias a Pepe\u201d, le confes\u00f3 el a\u00f1o pasado a <strong>Ol\u00e9<\/strong>&#8230; \u00bfY ser\u00e1 su sucesor en el Sur? Los hinchas de <a alt=\"lanus\" class=\"slug\" href=\"https:\/\/www.ole.com.ar\/tema\/lanus.html\" target=\"_blank\" title=\"lanus\" rel=\"noopener noreferrer\">Lan\u00fas <\/a>ya lo disfrutan, disfrut\u00e9moslo todos en Argentina. Porque seguramente le quede poco tiempo ac\u00e1 y Europa ser\u00e1 su pr\u00f3ximo destino&#8230;<\/p>\n<div class=\"sp__SM\">\n<div class=\"content-new \">\n<span class=\"tit-mobile\">Mir\u00e1 tambi\u00e9n<\/span><\/p>\n<div class=\"mg\">\n<div class=\"wrap-figure\">\n<picture>\n<a href=\"https:\/\/www.ole.com.ar\/platense\/ignacio-schor-platense-bici_0_yAzqhb0deG.html\" target=\"_self\" rel=\"noopener noreferrer\"><br \/>\n<img class=\"img-responsive\" alt=\"Schor: &quot;Hasta hace poco me cargaban por venir a entrenar en bici&quot;\" src=\"http:\/\/hoycordobaweb.com\/wp-content\/uploads\/2022\/02\/el-gran-momento-de-jose-lopez-un-nueve-que-no-se-conforma-2.jpg\" loading=\"lazy\"><br \/>\n<\/a>\n<\/picture>\n<\/div>\n<\/div><\/div>\n<\/div>\n<div class=\"sp__SM\">\n<div class=\"content-new \">\n<span class=\"tit-mobile\">Mir\u00e1 tambi\u00e9n<\/span><\/p>\n<div class=\"mg\">\n<div class=\"wrap-figure\">\n<picture>\n<a href=\"https:\/\/www.ole.com.ar\/futbol-primera\/sexta-copa-liga-afa_0_1TAHqT6hp7.html\" target=\"_self\" rel=\"noopener noreferrer\"><br \/>\n<img class=\"img-responsive\" alt=\"As\u00ed se juegan la quinta y la sexta fecha\" src=\"http:\/\/hoycordobaweb.com\/wp-content\/uploads\/2022\/02\/el-gran-momento-de-jose-lopez-un-nueve-que-no-se-conforma-3.jpg\" loading=\"lazy\"><br \/>\n<\/a>\n<\/picture>\n<\/div>\n<\/div><\/div>\n<\/div>\n<p>Anteayer, en el 5-0 ante Cambaceres por Copa Argentina, el Flaco meti\u00f3 el primer triplete de su carrera. Es probable que sea el primero de mucho. Y es que es un animal del \u00e1rea, que siempre quiere m\u00e1s. No se conforma. Post partido, con la pelota debajo del brazo, dijo: <mark>\u201cPor ah\u00ed uno se va caliente, por una que pega en el palo y otra que pas\u00f3 cerca\u201d<\/mark>. \u00c9l quer\u00eda meter cinco. El oriundo de San Lorenzo, Corrientes, debut\u00f3 con la casaca granate el 3 de enero del 2021, ante Patronato, bajo la conducci\u00f3n de Luis Zubeld\u00eda. Desde entonces,<strong> jug\u00f3 44 partidos, 29 como titular y \u00bfcu\u00e1ntos tantos suma? \u00a119 goles!<\/strong><\/p>\n<div class=\"sp__Normal\">\n<div class=\"image-embeb image-trigger\" readability=\"6.5\">\n<picture><source media=\"(min-width: 720px)\" srcset=\"http:\/\/hoycordobaweb.com\/wp-content\/uploads\/2022\/02\/el-gran-momento-de-jose-lopez-un-nueve-que-no-se-conforma-4.jpg\"><img itemprop=\"image\" src=\"http:\/\/hoycordobaweb.com\/wp-content\/uploads\/2022\/02\/el-gran-momento-de-jose-lopez-un-nueve-que-no-se-conforma-4.jpg\" loading=\"lazy\" alt=\"Jos\u00e9 L\u00f3pez, el goleador del Granate. (Prensa Lan\u00fas).\">\n<\/picture><figcaption readability=\"3\">\n<p>Jos\u00e9 L\u00f3pez, el goleador del Granate. (Prensa Lan\u00fas).\n<\/p>\n<\/figcaption><\/div>\n<\/div>\n<p>Naci\u00f3 as\u00ed, para ser goleador. En la liga pasada pele\u00f3 para ser el m\u00e1ximo artillero, junto a Juli\u00e1n \u00c1lvarez, Jos\u00e9 Sand y Marco Ruben. Pero no es lo \u00fanico que sabe hacer. Javier Kloz, quien lo descubri\u00f3 cuando era ni\u00f1o, lo sabe mejor que nadie. \u201c<strong>Yo lo conoc\u00ed a los ocho a\u00f1os y hac\u00eda cosas muy parecidas a lo que hace ahora. Cambios de frente, pases filtrados. A m\u00ed me llamaba la atenci\u00f3n que era zurdo y le pegaba bien con la derecha<\/strong>\u201d, coment\u00f3 en C\u00f3mo te va.<\/p>\n<div class=\"sp__SM\">\n<div class=\"content-new \">\n<span class=\"tit-mobile\">Mir\u00e1 tambi\u00e9n<\/span><\/p>\n<div class=\"mg\">\n<div class=\"wrap-figure\">\n<picture>\n<a href=\"https:\/\/www.ole.com.ar\/river-plate\/barco-river-racing_0_Ro8QVmANqL.html\" target=\"_self\" rel=\"noopener noreferrer\"><br \/>\n<img class=\"img-responsive\" alt=\"Por qu\u00e9 Barco encaja en este River\" src=\"http:\/\/hoycordobaweb.com\/wp-content\/uploads\/2022\/02\/el-gran-momento-de-jose-lopez-un-nueve-que-no-se-conforma-5.jpg\" loading=\"lazy\"><br \/>\n<\/a>\n<\/picture>\n<\/div>\n<\/div><\/div>\n<\/div>\n<p>En sus inicios jugaba m\u00e1s retrasado que la punta, o tambi\u00e9n por el flanco derecho, de wing. Sin embargo, en sus primeras apariciones en la elite del f\u00fatbol local, hubo gente que dud\u00f3 de su capacidad manejando la pelota. \u201c<strong>Me jod\u00edan con que no sab\u00eda jugar con los pies, yo me cago de risa, ja, ja<\/strong>\u201d, le admiti\u00f3 a este diario.<\/p>\n<div class=\"sp__Normal\">\n<div class=\"image-embeb image-trigger\" readability=\"6\">\n<picture><source media=\"(min-width: 720px)\" srcset=\"http:\/\/hoycordobaweb.com\/wp-content\/uploads\/2022\/02\/el-gran-momento-de-jose-lopez-un-nueve-que-no-se-conforma-6.jpg\"><img itemprop=\"image\" src=\"http:\/\/hoycordobaweb.com\/wp-content\/uploads\/2022\/02\/el-gran-momento-de-jose-lopez-un-nueve-que-no-se-conforma-6.jpg\" loading=\"lazy\" alt=\"Jos\u00e9 L\u00f3pez y el topo gigio a la gente de Lan\u00fas cuando lo criticaban por su juego con los pies.\">\n<\/picture><figcaption readability=\"2\">\n<p>Jos\u00e9 L\u00f3pez y el topo gigio a la gente de Lan\u00fas cuando lo criticaban por su juego con los pies.\n<\/p>\n<\/figcaption><\/div>\n<\/div>\n<p>Joven que nunca deja de aprender. \u201cJos\u00e9 es muy maduro, tom\u00f3 muchas cosas que le ense\u00f1\u00f3 Zubeld\u00eda y ahora de Almir\u00f3n\u201d, tambi\u00e9n se\u00f1al\u00f3 Kloz. <strong>L\u00f3pez no es un canto de primavera. Es cosa seria. Es presente y futuro.<\/strong><\/p>\n<h2><strong>Algunos goles del Flaco L\u00f3pez<\/strong><\/h2>\n<div class=\"entry-tags\">\n<h2>TEMAS QUE APARECEN EN ESTA NOTA<\/h2>\n<\/p><\/div>\n","protected":false},"excerpt":{"rendered":"<p>Flaco su apodo, por sus 77 kilos. Gana de arriba como pocos, define con los dos perfiles, pero es zurdo. Es una torre (1,90 metro), pero no es tosco. Es un nueve que se puede desprender de la lucha con los centrales, para tomar contacto con la pelota y te puede filtrar una asistencia. As\u00ed [&hellip;]<\/p>\n","protected":false},"author":1,"featured_media":37571,"comment_status":"open","ping_status":"closed","sticky":false,"template":"","format":"standard","meta":[],"categories":[16],"tags":[],"_links":{"self":[{"href":"http:\/\/hoycordobaweb.com\/index.php\/wp-json\/wp\/v2\/posts\/37570"}],"collection":[{"href":"http:\/\/hoycordobaweb.com\/index.php\/wp-json\/wp\/v2\/posts"}],"about":[{"href":"http:\/\/hoycordobaweb.com\/index.php\/wp-json\/wp\/v2\/types\/post"}],"author":[{"embeddable":true,"href":"http:\/\/hoycordobaweb.com\/index.php\/wp-json\/wp\/v2\/users\/1"}],"replies":[{"embeddable":true,"href":"http:\/\/hoycordobaweb.com\/index.php\/wp-json\/wp\/v2\/comments?post=37570"}],"version-history":[{"count":0,"href":"http:\/\/hoycordobaweb.com\/index.php\/wp-json\/wp\/v2\/posts\/37570\/revisions"}],"wp:featuredmedia":[{"embeddable":true,"href":"http:\/\/hoycordobaweb.com\/index.php\/wp-json\/wp\/v2\/media\/37571"}],"wp:attachment":[{"href":"http:\/\/hoycordobaweb.com\/index.php\/wp-json\/wp\/v2\/media?parent=37570"}],"wp:term":[{"taxonomy":"category","embeddable":true,"href":"http:\/\/hoycordobaweb.com\/index.php\/wp-json\/wp\/v2\/categories?post=37570"},{"taxonomy":"post_tag","embeddable":true,"href":"http:\/\/hoycordobaweb.com\/index.php\/wp-json\/wp\/v2\/tags?post=37570"}],"curies":[{"name":"wp","href":"https:\/\/api.w.org\/{rel}","templated":true}]}}