{"id":37550,"date":"2022-02-24T20:53:00","date_gmt":"2022-02-24T20:53:00","guid":{"rendered":"http:\/\/hoycordobaweb.com\/index.php\/2022\/02\/24\/la-uefa-decide-el-viernes-si-le-quita-a-rusia-la-sede-de-la-final-de-la-champions\/"},"modified":"2022-02-24T20:53:00","modified_gmt":"2022-02-24T20:53:00","slug":"la-uefa-decide-el-viernes-si-le-quita-a-rusia-la-sede-de-la-final-de-la-champions","status":"publish","type":"post","link":"http:\/\/hoycordobaweb.com\/index.php\/2022\/02\/24\/la-uefa-decide-el-viernes-si-le-quita-a-rusia-la-sede-de-la-final-de-la-champions\/","title":{"rendered":"La UEFA decide el viernes si le quita a Rusia la sede de la final de la Champions"},"content":{"rendered":"<p><img src=\"http:\/\/hoycordobaweb.com\/wp-content\/uploads\/2022\/02\/la-uefa-decide-el-viernes-si-le-quita-a-rusia-la-sede-de-la-final-de-la-champions.jpg\"><\/p>\n<figure class=\"mb-3\"><img loading=\"lazy\" src=\"http:\/\/hoycordobaweb.com\/wp-content\/uploads\/2022\/02\/la-uefa-decide-el-viernes-si-le-quita-a-rusia-la-sede-de-la-final-de-la-champions-2.jpg\" width=\"100%\" height=\"100%\" alt=\"La final de la Champions League es el partido ms trascedente del ftbol europeo a nivel clubes Foto EFE\"><figcaption> La final de la Champions League es el partido m\u00e1s trascedente del f\u00fatbol europeo a nivel clubes. Foto: EFE <\/figcaption><\/figure>\n<p>La Uni\u00f3n Europea de F\u00fatbol Asociado (UEFA) realizar\u00e1 el viernes una reuni\u00f3n extraordinaria de su Comit\u00e9 Ejecutivo en la que se analizar\u00e1, entre otras cosas, la sede de la final de la Liga de Campeones programada en Rusia, despu\u00e9s de los bombardeos iniciados por ese pa\u00eds en Ucrania.<\/p>\n<p>El organismo presidido por el esloveno Aleksander Ceferin realiz\u00f3 este jueves la convocatoria que tambi\u00e9n evaluar\u00e1 la situaci\u00f3n de los equipos de ambos pa\u00edses en las competencias europeas en curso.<\/p>\n<p>\u00abTras la evoluci\u00f3n de la situaci\u00f3n entre Rusia y Ucrania, el presidente de la UEFA ha convocado una reuni\u00f3n extraordinaria del Comit\u00e9 Ejecutivo para el viernes 25 de febrero (a las 6.00 hora de Argentina), con el fin de evaluar la situaci\u00f3n y tomar todas las decisiones necesarias\u00bb, inform\u00f3 la entidad con sede en Nyon, Suiza.<\/p>\n<p>\u00abSe realizar\u00e1n m\u00e1s comunicaciones despu\u00e9s de la reuni\u00f3n del Comit\u00e9 Ejecutivo de la UEFA\u00bb, complet\u00f3 el comunicado.<\/p>\n<p>Seg\u00fan adelant\u00f3 este jueves el diario brit\u00e1nico The Times con fuentes desde la casa madre del f\u00fatbol europeo, la invasi\u00f3n de Rusia a Ucrania con bombardeos puso en aprietos a la UEFA cuyos miembros ya ven como \u00abimposible\u00bb la disputa de la final en la ciudad de San Petersburgo.<\/p>\n<blockquote class><p>La invasi\u00f3n de Rusia a Ucrania con bombardeos puso en aprietos a la UEFA, cuyos miembros ya ven como \u00abimposible\u00bb la disputa de la final en la ciudad de San Petersburgo.<\/p><\/blockquote>\n<p>La final de la Champions League 2021\/22, partido m\u00e1s trascedente del f\u00fatbol europeo a nivel clubes, est\u00e1 fijada para el pr\u00f3ximo 28 de mayo en el Gazprom Arena de esa ciudad.<\/p>\n<p>La empresa estatal de energ\u00eda Gazprom es socio \u00abpremium\u00bb de la UEFA desde 2012 y tiene una fuerte presencia como patrocinador de la Champions League.<\/p>\n<p>En mayo del a\u00f1o pasado, se renov\u00f3 un acuerdo entre las partes por tres a\u00f1os m\u00e1s con la promesa de la organizaci\u00f3n de una Eurocopa en Rusia y finales de la nueva Liga de Naciones de selecciones.<\/p>\n<p>Incluso, este mi\u00e9rcoles estuvieron en duda la emisi\u00f3n de los anuncios comerciales de Gazprom durante los partidos de la Liga de Campeones que disputaron Atl\u00e9tico de Madrid-Manchester United y Benfica-Ajax.<\/p>\n<p>El otro nexo de la UEFA con Rusia es que el actual director ejecutivo de Gazprom, Alexander Dyukov, es el presidente de Zenit (club due\u00f1o del estadio) y forma parte del Comit\u00e9 Ejecutivo.<\/p>\n<p>El club de San Petersburgo, donde jugaba el mediocampista del seleccionado argentino Leandro Paredes, ser\u00e1 visitante esta tarde ante Betis de Espa\u00f1a, por la vuelta de los 16avos de final de la Liga de Europa.<\/p>\n<p>El equipo, que cuenta con el colombiano -ex Boca Juniors-, tiene en el plantel al defensor Yaroslav Rakitskiy, quien fue titular en el partido de ida que ganaron los espa\u00f1oles por 3-2.<\/p>\n<p>El exjugador ucraniano Anatoliy Tymoshchuk, con pasado exitoso en Bayern M\u00fanich, tambi\u00e9n forma parte del cuerpo t\u00e9cnico de Zenit.<\/p>\n<p>La Uni\u00f3n Europea (UE) fij\u00f3 su postura a trav\u00e9s del primer ministro brit\u00e1nico Boris Johnson.<\/p>\n<p>\u00abMe parece inaceptable que los grandes torneos internacionales de f\u00fatbol, como la final de la Champions o cualquier otro, puedan celebrarse en Rusia despu\u00e9s de la invasi\u00f3n de un pa\u00eds soberano\u00bb, asegur\u00f3.<\/p>\n<p>La Premier League inglesa tiene al ruso Roman Abramovich como propietario de Chelsea, flamante campe\u00f3n del Mundial de Clubes, de la Liga de Campeones y animador de la presente temporada.<\/p>\n<p>Seg\u00fan el diario The Sun, el empresario, con supuestos v\u00ednculos con Vladimir Putin, no est\u00e1 en Londres hace meses y tampoco podr\u00eda volver al pa\u00eds.<\/p>\n<p>La UEFA, en conjunto con la FIFA, est\u00e1 \u00absupervisando la situaci\u00f3n\u00bb, ya que la escalada de la crisis entre Rusia y Ucrania amenaza con afectar los partidos de f\u00fatbol europeos e internacionales que se celebrar\u00e1n en ambos pa\u00edses, adelant\u00f3 la cadena internacional CNN.<\/p>\n<p>La FIFA tambi\u00e9n debe responder r\u00e1pidamente ya que la federaci\u00f3n polaca solicit\u00f3 en las \u00faltimas horas que \u00abaclare urgentemente\u00bb todas las cuestiones relacionadas al partido que deber\u00e1 jugar su seleccionado ante Rusia el pr\u00f3ximo 24 de marzo en Mosc\u00fa, por uno de los playoffs de clasificaci\u00f3n al pr\u00f3ximo Mundial de Qatar.<\/p>\n<p>Rusia inici\u00f3 esta madrugada una invasi\u00f3n a Ucrania con bombardeos en distintos puntos del pa\u00eds e incursiones terrestres en varios puntos del territorio que ya causaron las primeras muertes, varias de ellas civiles. <\/p>\n","protected":false},"excerpt":{"rendered":"<p>La final de la Champions League es el partido m\u00e1s trascedente del f\u00fatbol europeo a nivel clubes. Foto: EFE La Uni\u00f3n Europea de F\u00fatbol Asociado (UEFA) realizar\u00e1 el viernes una reuni\u00f3n extraordinaria de su Comit\u00e9 Ejecutivo en la que se analizar\u00e1, entre otras cosas, la sede de la final de la Liga de Campeones programada [&hellip;]<\/p>\n","protected":false},"author":1,"featured_media":37551,"comment_status":"open","ping_status":"closed","sticky":false,"template":"","format":"standard","meta":[],"categories":[16],"tags":[],"_links":{"self":[{"href":"http:\/\/hoycordobaweb.com\/index.php\/wp-json\/wp\/v2\/posts\/37550"}],"collection":[{"href":"http:\/\/hoycordobaweb.com\/index.php\/wp-json\/wp\/v2\/posts"}],"about":[{"href":"http:\/\/hoycordobaweb.com\/index.php\/wp-json\/wp\/v2\/types\/post"}],"author":[{"embeddable":true,"href":"http:\/\/hoycordobaweb.com\/index.php\/wp-json\/wp\/v2\/users\/1"}],"replies":[{"embeddable":true,"href":"http:\/\/hoycordobaweb.com\/index.php\/wp-json\/wp\/v2\/comments?post=37550"}],"version-history":[{"count":0,"href":"http:\/\/hoycordobaweb.com\/index.php\/wp-json\/wp\/v2\/posts\/37550\/revisions"}],"wp:featuredmedia":[{"embeddable":true,"href":"http:\/\/hoycordobaweb.com\/index.php\/wp-json\/wp\/v2\/media\/37551"}],"wp:attachment":[{"href":"http:\/\/hoycordobaweb.com\/index.php\/wp-json\/wp\/v2\/media?parent=37550"}],"wp:term":[{"taxonomy":"category","embeddable":true,"href":"http:\/\/hoycordobaweb.com\/index.php\/wp-json\/wp\/v2\/categories?post=37550"},{"taxonomy":"post_tag","embeddable":true,"href":"http:\/\/hoycordobaweb.com\/index.php\/wp-json\/wp\/v2\/tags?post=37550"}],"curies":[{"name":"wp","href":"https:\/\/api.w.org\/{rel}","templated":true}]}}