{"id":37528,"date":"2022-02-24T00:33:10","date_gmt":"2022-02-24T00:33:10","guid":{"rendered":"https:\/\/www.ole.com.ar\/newells-old-boys\/newells-ivan-arboleda_0_u0iGRxQ6p4.html"},"modified":"2022-02-24T00:33:10","modified_gmt":"2022-02-24T00:33:10","slug":"arboleda-sale-tras-los-errores-con-river","status":"publish","type":"post","link":"http:\/\/hoycordobaweb.com\/index.php\/2022\/02\/24\/arboleda-sale-tras-los-errores-con-river\/","title":{"rendered":"\u00bfArboleda sale tras los errores con River"},"content":{"rendered":"<p><img src=\"http:\/\/hoycordobaweb.com\/wp-content\/uploads\/2022\/02\/arboleda-sale-tras-los-errores-con-river.jpg\"><\/p>\n<p><a alt=\"javier-sanguinetti\" class=\"slug\" href=\"https:\/\/www.ole.com.ar\/tema\/javier-sanguinetti.html\" target=\"_blank\" title=\"javier-sanguinetti\" rel=\"noopener noreferrer\">Javier Sanguinetti<\/a> se prepara para el duelo ante<a alt=\"talleres-de-cordoba\" class=\"slug\" href=\"https:\/\/www.ole.com.ar\/tema\/talleres-de-cordoba.html\" target=\"_blank\" title=\"talleres-de-cordoba\" rel=\"noopener noreferrer\"> Talleres<\/a> del pr\u00f3ximo lunes y <strong>parece tener una decisi\u00f3n tomada: la salida de Iv\u00e1n Arboleda de la formaci\u00f3n inicial. <\/strong>Tras los dos errores que tuvo el arquero ante <a alt=\"river-plate\" class=\"slug\" href=\"https:\/\/www.ole.com.ar\/tema\/river-plate.html\" target=\"_blank\" title=\"river-plate\" rel=\"noopener noreferrer\">River<\/a>,<mark> el Archu prob\u00f3 en los entrenamiento con Ramiro Macagno de titular.<\/mark><\/p>\n<p>El arquero de 24 a\u00f1os era el titular el semestre pasado, pero<strong> debido a una lesi\u00f3n (distensi\u00f3n en el cu\u00e1driceps) y a que contrajo Covid,&nbsp;<\/strong>no pudo estar presente en las tres fechas iniciales del torneo.<\/p>\n<p>Macagno, ya con el alta m\u00e9dica, parece falto de ritmo futbol\u00edstico ya que<strong> no juega desde el 30 de noviembre de 2021, cuando la Lepra igual\u00f3 con Boca sin goles<\/strong>. En caso de que quede descartado contra el Matador, Sanguinetti <mark>deber\u00e1 volver a plantearse si darle otra chance al guardameta colombiano u optar por el juvenil Franco Herrera.<\/mark><\/p>\n<div class=\"sp__SM\">\n<div class=\"content-new \">\n<span class=\"tit-mobile\">Mir\u00e1 tambi\u00e9n<\/span><\/p>\n<div class=\"mg\">\n<div class=\"wrap-figure\">\n<picture>\n<a href=\"https:\/\/www.ole.com.ar\/river-plate\/river-nacho-fernandez-mineiro-gimnasia_0_MBSOV1AHIX.html\" target=\"_self\" rel=\"noopener noreferrer\"><br \/>\n<img class=\"img-responsive\" alt=\"Nacho Fern\u00e1ndez y su potencial regreso a River\" src=\"http:\/\/hoycordobaweb.com\/wp-content\/uploads\/2022\/02\/arboleda-sale-tras-los-errores-con-river-2.jpg\" loading=\"lazy\"><br \/>\n<\/a>\n<\/picture>\n<\/div>\n<\/div><\/div>\n<\/div>\n<p>Los n\u00fameros de la Ara\u00f1a en <a alt=\"newells-old-boys\" class=\"slug\" href=\"https:\/\/www.ole.com.ar\/tema\/newells-old-boys.html\" target=\"_blank\" title=\"newells-old-boys\" rel=\"noopener noreferrer\">Newell\u2019s <\/a>a\u00fan no son de los mejores:<strong> ataj\u00f3 en tres ocasiones y le convirtieron cinco goles (tres&nbsp;vs. <a alt=\"argentinos-juniors\" class=\"slug\" href=\"https:\/\/www.ole.com.ar\/tema\/argentinos-juniors.html\" target=\"_blank\" title=\"argentinos-juniors\" rel=\"noopener noreferrer\">Argentinos <\/a>y dos&nbsp;ante <a alt=\"river-plate\" class=\"slug\" href=\"https:\/\/www.ole.com.ar\/tema\/river-plate.html\" target=\"_blank\" title=\"river-plate\" rel=\"noopener noreferrer\">River<\/a>)<\/strong>. Tan s\u00f3lo mantuvo la valla invicta ante <a alt=\"defensa-y-justicia\" class=\"slug\" href=\"https:\/\/www.ole.com.ar\/tema\/defensa-y-justicia.html\" target=\"_blank\" title=\"defensa-y-justicia\" rel=\"noopener noreferrer\">Defensa <\/a>en la jornada inicial.<\/p>\n<div class=\"sp__Normal\">\n<div class=\"image-embeb image-trigger\">\n<picture><source media=\"(min-width: 720px)\" srcset=\"http:\/\/hoycordobaweb.com\/wp-content\/uploads\/2022\/02\/arboleda-sale-tras-los-errores-con-river-3.jpg\"><img itemprop=\"image\" src=\"http:\/\/hoycordobaweb.com\/wp-content\/uploads\/2022\/02\/arboleda-sale-tras-los-errores-con-river-3.jpg\" loading=\"lazy\" alt=\"\u00bfSe mete en el once?\">\n<\/picture><figcaption>\n<p>\u00bfSe mete en el once?\n<\/p>\n<\/figcaption><\/div>\n<\/div>\n<p>Con esa duda en el arco, el Archu prepara el equipo para visitar a <a alt=\"talleres-de-cordoba\" class=\"slug\" href=\"https:\/\/www.ole.com.ar\/tema\/talleres-de-cordoba.html\" target=\"_blank\" title=\"talleres-de-cordoba\" rel=\"noopener noreferrer\">Talleres <\/a>el pr\u00f3ximo lunes a partir de las 19.15, en un partido correspondiente a la cuarta fecha de la Zona A de la<a alt=\"copa-de-la-liga-profesional-de\" class=\"slug\" href=\"https:\/\/www.ole.com.ar\/tema\/copa-de-la-liga-profesional-de.html\" target=\"_blank\" title=\"copa-de-la-liga-profesional-de\" rel=\"noopener noreferrer\"> Copa de la Liga Profesional.<\/a><\/p>\n<div class=\"sp__SM\">\n<div class=\"content-new \">\n<span class=\"tit-mobile\">Mir\u00e1 tambi\u00e9n<\/span><\/p>\n<div class=\"mg\">\n<div class=\"wrap-figure\">\n<picture>\n<a href=\"https:\/\/www.ole.com.ar\/futbol-internacional\/libertadores\/estudiantes-debut-copa-libertadores-2022_0_J6etd7logb.html\" target=\"_self\" rel=\"noopener noreferrer\"><br \/>\n<img class=\"img-responsive\" alt=\"El Pincha debuta en la Libertadores\" src=\"http:\/\/hoycordobaweb.com\/wp-content\/uploads\/2022\/02\/arboleda-sale-tras-los-errores-con-river-4.jpg\" loading=\"lazy\"><br \/>\n<\/a>\n<\/picture>\n<\/div>\n<\/div><\/div>\n<\/div>\n<div class=\"entry-tags\">\n<h2>TEMAS QUE APARECEN EN ESTA NOTA<\/h2>\n<\/p><\/div>\n","protected":false},"excerpt":{"rendered":"<p>Javier Sanguinetti se prepara para el duelo ante Talleres del pr\u00f3ximo lunes y parece tener una decisi\u00f3n tomada: la salida de Iv\u00e1n Arboleda de la formaci\u00f3n inicial. Tras los dos errores que tuvo el arquero ante River, el Archu prob\u00f3 en los entrenamiento con Ramiro Macagno de titular. El arquero de 24 a\u00f1os era el [&hellip;]<\/p>\n","protected":false},"author":1,"featured_media":37529,"comment_status":"open","ping_status":"closed","sticky":false,"template":"","format":"standard","meta":[],"categories":[16],"tags":[],"_links":{"self":[{"href":"http:\/\/hoycordobaweb.com\/index.php\/wp-json\/wp\/v2\/posts\/37528"}],"collection":[{"href":"http:\/\/hoycordobaweb.com\/index.php\/wp-json\/wp\/v2\/posts"}],"about":[{"href":"http:\/\/hoycordobaweb.com\/index.php\/wp-json\/wp\/v2\/types\/post"}],"author":[{"embeddable":true,"href":"http:\/\/hoycordobaweb.com\/index.php\/wp-json\/wp\/v2\/users\/1"}],"replies":[{"embeddable":true,"href":"http:\/\/hoycordobaweb.com\/index.php\/wp-json\/wp\/v2\/comments?post=37528"}],"version-history":[{"count":0,"href":"http:\/\/hoycordobaweb.com\/index.php\/wp-json\/wp\/v2\/posts\/37528\/revisions"}],"wp:featuredmedia":[{"embeddable":true,"href":"http:\/\/hoycordobaweb.com\/index.php\/wp-json\/wp\/v2\/media\/37529"}],"wp:attachment":[{"href":"http:\/\/hoycordobaweb.com\/index.php\/wp-json\/wp\/v2\/media?parent=37528"}],"wp:term":[{"taxonomy":"category","embeddable":true,"href":"http:\/\/hoycordobaweb.com\/index.php\/wp-json\/wp\/v2\/categories?post=37528"},{"taxonomy":"post_tag","embeddable":true,"href":"http:\/\/hoycordobaweb.com\/index.php\/wp-json\/wp\/v2\/tags?post=37528"}],"curies":[{"name":"wp","href":"https:\/\/api.w.org\/{rel}","templated":true}]}}