{"id":3749,"date":"2020-10-22T18:45:00","date_gmt":"2020-10-22T18:45:00","guid":{"rendered":"http:\/\/hoycordobaweb.com\/index.php\/2020\/10\/22\/tim-burton-planea-debut-en-la-television-con-serie-de-the-addams-family\/"},"modified":"2020-10-22T18:45:00","modified_gmt":"2020-10-22T18:45:00","slug":"tim-burton-planea-debut-en-la-television-con-serie-de-the-addams-family","status":"publish","type":"post","link":"http:\/\/hoycordobaweb.com\/index.php\/2020\/10\/22\/tim-burton-planea-debut-en-la-television-con-serie-de-the-addams-family\/","title":{"rendered":"Tim Burton planea debut en la televisi\u00f3n con serie de &#039;The Addams Family&#039;"},"content":{"rendered":"<p>Burton ser\u00eda el productor ejecutivo del proyecto respaldado por MGM TV y que podr\u00eda estar a cargo de <b>Netflix<\/b> para su distribuci\u00f3n. Tim Burton AP. <\/p>\n","protected":false},"excerpt":{"rendered":"<p>Burton ser\u00eda el productor ejecutivo del proyecto respaldado por MGM TV y que podr\u00eda estar a cargo de Netflix para su distribuci\u00f3n. Tim Burton AP.<\/p>\n","protected":false},"author":1,"featured_media":0,"comment_status":"closed","ping_status":"closed","sticky":false,"template":"","format":"standard","meta":[],"categories":[23],"tags":[],"_links":{"self":[{"href":"http:\/\/hoycordobaweb.com\/index.php\/wp-json\/wp\/v2\/posts\/3749"}],"collection":[{"href":"http:\/\/hoycordobaweb.com\/index.php\/wp-json\/wp\/v2\/posts"}],"about":[{"href":"http:\/\/hoycordobaweb.com\/index.php\/wp-json\/wp\/v2\/types\/post"}],"author":[{"embeddable":true,"href":"http:\/\/hoycordobaweb.com\/index.php\/wp-json\/wp\/v2\/users\/1"}],"replies":[{"embeddable":true,"href":"http:\/\/hoycordobaweb.com\/index.php\/wp-json\/wp\/v2\/comments?post=3749"}],"version-history":[{"count":0,"href":"http:\/\/hoycordobaweb.com\/index.php\/wp-json\/wp\/v2\/posts\/3749\/revisions"}],"wp:attachment":[{"href":"http:\/\/hoycordobaweb.com\/index.php\/wp-json\/wp\/v2\/media?parent=3749"}],"wp:term":[{"taxonomy":"category","embeddable":true,"href":"http:\/\/hoycordobaweb.com\/index.php\/wp-json\/wp\/v2\/categories?post=3749"},{"taxonomy":"post_tag","embeddable":true,"href":"http:\/\/hoycordobaweb.com\/index.php\/wp-json\/wp\/v2\/tags?post=3749"}],"curies":[{"name":"wp","href":"https:\/\/api.w.org\/{rel}","templated":true}]}}