{"id":37484,"date":"2022-02-22T13:25:24","date_gmt":"2022-02-22T13:25:24","guid":{"rendered":"https:\/\/www.mujerhoy.com\/moda\/tendencias\/vestido-midi-pantalon-top-rosa-zara-mango-hym-original-favorece-rejuvenece-arrasa-tendencia-primavera-instagram-20220222142437-nt.html"},"modified":"2022-02-22T13:25:24","modified_gmt":"2022-02-22T13:25:24","slug":"preparate-porque-el-rosa-va-a-ser-el-color-mas-importante-de-la-primavera-tres-looks-impactantes-que-tienes-que-comprar-ya","status":"publish","type":"post","link":"http:\/\/hoycordobaweb.com\/index.php\/2022\/02\/22\/preparate-porque-el-rosa-va-a-ser-el-color-mas-importante-de-la-primavera-tres-looks-impactantes-que-tienes-que-comprar-ya\/","title":{"rendered":"Prep\u00e1rate porque el rosa va a ser el color m\u00e1s importante de la primavera: tres looks impactantes que tienes que comprar ya"},"content":{"rendered":"<p><!-- AUTHOR --><!-- COMPONENTS --><\/p>\n<p class=\"voc-paragraph\">Jam\u00e1s pesamos que alg\u00fan color<br \/>\n<strong> podr\u00eda desbancar al negro <\/strong>como el favorito del ropero pero, a estas alturas de 2022, muchas podemos decir que un nuevo favorito progresa r\u00e1pidamente hacia la conquista del fondo de armario. <a data-voc-vtm-id=\"in-text-traffic\" href=\"https:\/\/www.mujerhoy.com\/moda\/no-te-pierdas\/look-rosa-verde-abrigo-zara-conjunto-punto-jersey-hym-rejuvence-a-los-50-arrasa-instagram-20220118121712-nt.html\">Es el rosa<\/a>, un color de reyes que poco a poco ha ido convenci\u00e9ndonos como base de operaciones hasta en los abrigos. Ahora mismo no existe ninguna prenda que no se postule en rosa, prueba de lo mucho que <strong>nos hipnotiza su poder seductor<\/strong>, sobre todo en el <a data-voc-vtm-id=\"in-text-traffic\" href=\"https:\/\/www.mujerhoy.com\/moda\/no-te-pierdas\/rosa-tendencia-colores-temporada-tonos-brillantes-fucsia-looks-sofisticados-inspiracion-street-style-fashion-week-otono-invierno-2021-zara-uterque-20210914082453-nt.html\">intenso tono fucsia<\/a>. Da igual si nos lo ponemos o si lo lleva puesto la persona con la que estamos: tiene la capacidad de colocarnos en una onda tierna maravillosa. \u00bfC\u00f3mo nos vamos a resistir a \u00e9l <a data-voc-vtm-id=\"in-text-traffic\" href=\"https:\/\/www.mujerhoy.com\/moda\/tendencias\/top-falda-rosa-conjunto-zara-instagram-primavera-20220214131745-nt.html\">esta primavera<\/a>?\n<\/p>\n<div class=\"voc-detail-photo-zoom\"><picture data-toggle=\"modal\" data-target=\"#photoZoomModal-38\" target=\"modal\">\n<div class=\"voc-img-icon-link\"><img loading=\"lazy\" data-original=\"\/\/static1.mujerhoy.com\/www\/multimedia\/202202\/16\/media\/cortadas\/vestido-midi-pantalon-top-rosa-zara-1-kHED--460x637@MujerHoy.jpg\" class=\"lazy\"><noscript><img src=\"http:\/\/hoycordobaweb.com\/wp-content\/uploads\/2022\/02\/preparate-porque-el-rosa-va-a-ser-el-color-mas-importante-de-la-primavera-tres-looks-impactantes-que-tienes-que-comprar-ya.png\"><\/noscript><i class=\"voc-icons zoom voc-multimedia-box voc-ico-l\"><\/i><\/div><figcaption class=\"figure-caption\"><\/figcaption><\/picture><\/div>\n<div id=\"photoZoomModal-38\" class=\"voc-lightbox modal fade voc-lightbox--photo-zoom\" role=\"dialog\" data-voc-photozoom-lightbox>\n<div class=\"voc-lightbox__dialog\" role=\"document\">\n<div class=\"voc-lightbox__content\"><!-- Modal header --><!-- Modal content --><\/p>\n<div class=\"voc-lightbox__photo-container\"><picture class><img loading=\"lazy\" data-original=\"\/\/static1.mujerhoy.com\/www\/multimedia\/202202\/16\/media\/cortadas\/vestido-midi-pantalon-top-rosa-zara-1-kHED--460x637@MujerHoy.jpg\" class=\"lazy\"><noscript><img src=\"http:\/\/hoycordobaweb.com\/wp-content\/uploads\/2022\/02\/preparate-porque-el-rosa-va-a-ser-el-color-mas-importante-de-la-primavera-tres-looks-impactantes-que-tienes-que-comprar-ya.png\"><\/noscript><\/picture><\/div>\n<\/div>\n<\/div>\n<\/div>\n<p class=\"voc-paragraph\">Si quieres hacerte ya con dise\u00f1os rosa protagonistas, tu primer destino es la nueva colecci\u00f3n de Zara, probablemente la tienda que m\u00e1s dise\u00f1os en todos los tonos de rosa est\u00e1 proponiendo. No solo para <strong>prendas b\u00e1sicas<\/strong>, como camisas, sudaderas y vaqueros, sino tambi\u00e9n en<br \/>\n<strong> vestidos absolutamente espectaculares<\/strong>, como este dise\u00f1o midi con bustier de escote coraz\u00f3n, Es un esc\u00e1ndalo de bonito (59,95 euros), con una falda evas\u00e9 super favorecedora. Y si quieres dar el campanazo, puedes sumarle un abrigo en el mismo color.\n<\/p>\n<div class=\"voc-detail-photo-zoom\"><picture data-toggle=\"modal\" data-target=\"#photoZoomModal-954\" target=\"modal\">\n<div class=\"voc-img-icon-link\"><img loading=\"lazy\" data-original=\"\/\/static3.mujerhoy.com\/www\/multimedia\/202202\/16\/media\/cortadas\/vestido-ok-midi-pantalon-top-rosa-zara-2-kHED--460x637@MujerHoy.jpg\" class=\"lazy\"><noscript><img src=\"http:\/\/hoycordobaweb.com\/wp-content\/uploads\/2022\/02\/preparate-porque-el-rosa-va-a-ser-el-color-mas-importante-de-la-primavera-tres-looks-impactantes-que-tienes-que-comprar-ya-1.png\"><\/noscript><i class=\"voc-icons zoom voc-multimedia-box voc-ico-l\"><\/i><\/div><figcaption class=\"figure-caption\"><\/figcaption><\/picture><\/div>\n<div id=\"photoZoomModal-954\" class=\"voc-lightbox modal fade voc-lightbox--photo-zoom\" role=\"dialog\" data-voc-photozoom-lightbox>\n<div class=\"voc-lightbox__dialog\" role=\"document\">\n<div class=\"voc-lightbox__content\"><!-- Modal header --><!-- Modal content --><\/p>\n<div class=\"voc-lightbox__photo-container\"><picture class><img loading=\"lazy\" data-original=\"\/\/static3.mujerhoy.com\/www\/multimedia\/202202\/16\/media\/cortadas\/vestido-ok-midi-pantalon-top-rosa-zara-2-kHED--460x637@MujerHoy.jpg\" class=\"lazy\"><noscript><img src=\"http:\/\/hoycordobaweb.com\/wp-content\/uploads\/2022\/02\/preparate-porque-el-rosa-va-a-ser-el-color-mas-importante-de-la-primavera-tres-looks-impactantes-que-tienes-que-comprar-ya-1.png\"><\/noscript><\/picture><\/div>\n<\/div>\n<\/div>\n<\/div>\n<p class=\"voc-paragraph\">En otro estilo absolutamente opuesto, este<br \/>\n<strong> vestido midi <\/strong>de la nueva colecci\u00f3n de H&amp;M se va a convertir en el favorito de las amantes de la m\u00e1xima comodidad. Se trata de un <strong>vestido midi plisado <\/strong>con dise\u00f1o bicolor, rosa fuerte y rojo, u una ca\u00edda maravillosa. Lleva un volante en el cuello y mangas rangl\u00e1n largas y extra holgadas con un volumen gigante (69,99 euros). Atenci\u00f3n a navegantes porque va sin forrar.\n<\/p>\n<div class=\"voc-detail-photo-zoom\"><picture data-toggle=\"modal\" data-target=\"#photoZoomModal-268\" target=\"modal\">\n<div class=\"voc-img-icon-link\"><img loading=\"lazy\" data-original=\"\/\/static.mujerhoy.com\/www\/multimedia\/202202\/16\/media\/cortadas\/vestido-midi-pantalon-top-rosa-zara-3-kHED--460x637@MujerHoy.jpg\" class=\"lazy\"><noscript><img src=\"http:\/\/hoycordobaweb.com\/wp-content\/uploads\/2022\/02\/preparate-porque-el-rosa-va-a-ser-el-color-mas-importante-de-la-primavera-tres-looks-impactantes-que-tienes-que-comprar-ya-2.png\"><\/noscript><i class=\"voc-icons zoom voc-multimedia-box voc-ico-l\"><\/i><\/div><figcaption class=\"figure-caption\"><\/figcaption><\/picture><\/div>\n<div id=\"photoZoomModal-268\" class=\"voc-lightbox modal fade voc-lightbox--photo-zoom\" role=\"dialog\" data-voc-photozoom-lightbox>\n<div class=\"voc-lightbox__dialog\" role=\"document\">\n<div class=\"voc-lightbox__content\"><!-- Modal header --><!-- Modal content --><\/p>\n<div class=\"voc-lightbox__photo-container\"><picture class><img loading=\"lazy\" data-original=\"\/\/static.mujerhoy.com\/www\/multimedia\/202202\/16\/media\/cortadas\/vestido-midi-pantalon-top-rosa-zara-3-kHED--460x637@MujerHoy.jpg\" class=\"lazy\"><noscript><img src=\"http:\/\/hoycordobaweb.com\/wp-content\/uploads\/2022\/02\/preparate-porque-el-rosa-va-a-ser-el-color-mas-importante-de-la-primavera-tres-looks-impactantes-que-tienes-que-comprar-ya-2.png\"><\/noscript><\/picture><\/div>\n<\/div>\n<\/div>\n<\/div>\n<p class=\"voc-paragraph\">Puede que lo tuyo no sean los vestidos, y en ese caso tenemos que mostrarte el <strong>conjunto m\u00e1s bonito <\/strong>en la tendencia de estampados geom\u00e9tricos que estamos viendo por todas partes. Es un look con aire retro, a\u00f1os setenta, pero sin fecha de caducidad. Est\u00e1 en la <strong>nueva colecci\u00f3n de Mango <\/strong>y combina unos pantalones con bajo acampanado en tejido ligero y goma en la cintura (39,99 euros) y una camisa con cuello perkins (25,99 euros). La combinaci\u00f3n de rosa y granate queda directamente fastuosa.\n<\/p>\n<div class=\"voc-detail__cmp voc-detail__cmp--pad-lr voc-detail__cmp--pad-lr--bdr\">\n<div class=\"voc-ficha-detail__wrapper\">\n<section class=\"voc-ficha-detail\">\n<h4 class=\"voc-ficha-detail-title voc-title-section\">Te recomendamos<\/h4>\n<\/section>\n<\/div>\n<\/div>\n<p><!-- TOPICS --><\/p>\n","protected":false},"excerpt":{"rendered":"<p>Jam\u00e1s pesamos que alg\u00fan color podr\u00eda desbancar al negro como el favorito del ropero pero, a estas alturas de 2022, muchas podemos decir que un nuevo favorito progresa r\u00e1pidamente hacia la conquista del fondo de armario. Es el rosa, un color de reyes que poco a poco ha ido convenci\u00e9ndonos como base de operaciones hasta [&hellip;]<\/p>\n","protected":false},"author":1,"featured_media":37485,"comment_status":"closed","ping_status":"closed","sticky":false,"template":"","format":"standard","meta":[],"categories":[1],"tags":[],"_links":{"self":[{"href":"http:\/\/hoycordobaweb.com\/index.php\/wp-json\/wp\/v2\/posts\/37484"}],"collection":[{"href":"http:\/\/hoycordobaweb.com\/index.php\/wp-json\/wp\/v2\/posts"}],"about":[{"href":"http:\/\/hoycordobaweb.com\/index.php\/wp-json\/wp\/v2\/types\/post"}],"author":[{"embeddable":true,"href":"http:\/\/hoycordobaweb.com\/index.php\/wp-json\/wp\/v2\/users\/1"}],"replies":[{"embeddable":true,"href":"http:\/\/hoycordobaweb.com\/index.php\/wp-json\/wp\/v2\/comments?post=37484"}],"version-history":[{"count":0,"href":"http:\/\/hoycordobaweb.com\/index.php\/wp-json\/wp\/v2\/posts\/37484\/revisions"}],"wp:featuredmedia":[{"embeddable":true,"href":"http:\/\/hoycordobaweb.com\/index.php\/wp-json\/wp\/v2\/media\/37485"}],"wp:attachment":[{"href":"http:\/\/hoycordobaweb.com\/index.php\/wp-json\/wp\/v2\/media?parent=37484"}],"wp:term":[{"taxonomy":"category","embeddable":true,"href":"http:\/\/hoycordobaweb.com\/index.php\/wp-json\/wp\/v2\/categories?post=37484"},{"taxonomy":"post_tag","embeddable":true,"href":"http:\/\/hoycordobaweb.com\/index.php\/wp-json\/wp\/v2\/tags?post=37484"}],"curies":[{"name":"wp","href":"https:\/\/api.w.org\/{rel}","templated":true}]}}