{"id":37432,"date":"2022-02-21T23:52:00","date_gmt":"2022-02-21T23:52:00","guid":{"rendered":"http:\/\/hoycordobaweb.com\/index.php\/2022\/02\/21\/rusia-reconocio-la-independencia-de-las-regiones-separatistas-del-este-de-ucrania\/"},"modified":"2022-02-21T23:52:00","modified_gmt":"2022-02-21T23:52:00","slug":"rusia-reconocio-la-independencia-de-las-regiones-separatistas-del-este-de-ucrania","status":"publish","type":"post","link":"http:\/\/hoycordobaweb.com\/index.php\/2022\/02\/21\/rusia-reconocio-la-independencia-de-las-regiones-separatistas-del-este-de-ucrania\/","title":{"rendered":"Rusia reconoci\u00f3 la independencia de las regiones separatistas del este de Ucrania"},"content":{"rendered":"<p><img src=\"http:\/\/hoycordobaweb.com\/wp-content\/uploads\/2022\/02\/rusia-reconocio-la-independencia-de-las-regiones-separatistas-del-este-de-ucrania.jpg\"><\/p>\n<figure class=\"mb-3\"><img loading=\"lazy\" src=\"http:\/\/hoycordobaweb.com\/wp-content\/uploads\/2022\/02\/rusia-reconocio-la-independencia-de-las-regiones-separatistas-del-este-de-ucrania-2.jpg\" width=\"100%\" height=\"100%\" alt=\"El presidente ruso reconoci este lunes la independencia de Donetsk y Lugansk Foto AFP\"><figcaption> El presidente ruso reconoci\u00f3 este lunes la independencia de Donetsk y Lugansk. Foto: AFP <\/figcaption><\/figure>\n<p>El presidente de Rusia, Vladimir Putin, reconoci\u00f3 este lunes la independencia de dos provincias separatistas y rusoparlantes del este de Ucrania y allan\u00f3 el camino para desplegar en ellas tropas rusas que las protejan del Ej\u00e9rcito ucraniano, una decisi\u00f3n que eleva a\u00fan m\u00e1s alt\u00edsimas tensiones con Occidente.<\/p>\n<p>El anuncio lleg\u00f3 en momentos en que Estados Unidos afirma que Rusia planea invadir Ucrania, y <strong>abre la puerta a Mosc\u00fa para enviar soldados y armas abiertamente a las provincias separatistas de Donetsk y Lugansk<\/strong> para ayudar a las fuerzas locales, que dicen estar bajo asedio del Ej\u00e9rcito ucraniano.<\/p>\n<p><a href=\"https:\/\/www.telam.com.ar\/notas\/202202\/584185-sanciones-tension-rusia-ucrania.html\" target=\"_blank\" rel=\"noopener noreferrer\"><strong>Estados Unidos anunci\u00f3 casi de inmediato sanciones contra las entidades reconocidas por Rusia<\/strong><\/a>, llamadas Rep\u00fablica Popular de Dontesk (RPD) y Rep\u00fablica Popular de Lugansk (RPL), consistentes en una prohibici\u00f3n de inversiones, comercio y financiamiento por parte de ciudadanos estadounidenses.<\/p>\n<div class=\"video_repositive\"> <a class=\"video_sticky\" href=\"javascript:void();\" onclick=\"removeStuckVideo(true);\"><i class=\"far fa-window-close\"><\/i><\/a> <\/p>\n<div id=\"OQhigHi5k9M\" class=\"video_telam\" readability=\"6\">\n<div class=\"feature_article_inner\" readability=\"32\">\n<p><h2 class=\"text-center\">Putin reconoci\u00f3 la independencia de Donetsk y Lugansk<\/h2>\n<\/p><\/div>\n<p>VER VIDEO <i class=\"fas fa-play\"><\/i><\/p>\n<\/p><\/div><\/div>\n<p><strong>La OTAN conden\u00f3 la decisi\u00f3n y <a href=\"http:\/\/www.telam.com.ar\/notas\/202202\/584135-ue-sanciones-rusia-ataque-ucrania.html\" target=\"_blank\" rel=\"noopener noreferrer\">la Uni\u00f3n Europea (UE) prometi\u00f3 sanciones contra Rusia<\/a>.<\/strong><\/p>\n<p>El presidente de Estados Unidos, Joe Biden, su par de Francia, Emmanuel Macron, y el canciller federal de Alemania, Olaf Scholz, acordaron que la decisi\u00f3n de Rusia \u00abno quedar\u00e1 sin respuesta\u00bb, dijo el Gobierno alem\u00e1n luego de una conversaci\u00f3n telef\u00f3nica entre los tres l\u00edderes.<\/p>\n<p>El primer ministro brit\u00e1nico, <strong>Boris Johnson, calific\u00f3 el reconocimiento de \u00abcontrario al derecho internacional\u00bb.<\/strong><\/p>\n<p><strong>Putin justific\u00f3 su decisi\u00f3n con un extenso discurso en el que acus\u00f3 de la crisis a la OTAN<\/strong> y calific\u00f3 a la alianza, que est\u00e1 liderada por Estados Unidos, de amenaza existencial para Rusia.<\/p>\n<p>En un recorrido por m\u00e1s de un siglo de historia, <strong>describi\u00f3 a Ucrania como un Estado de construcci\u00f3n reciente inextricablemente vinculado a Rusia, dijo que hered\u00f3 tierras rusas<\/strong> y que luego de la ca\u00edda de la Uni\u00f3n Sovi\u00e9tica fue usada por Occidente para contener a su pa\u00eds.<\/p>\n<p>Luego del discurso, Putin firm\u00f3 decretos de reconocimiento de la independencia de las regiones separatistas, incluyendo dos que piden al Ej\u00e9rcito ruso \u00abmantener la paz\u00bb en ellas.<\/p>\n<p><strong>\u00abEn breve se firmar\u00e1 un decreto a tal efecto\u00bb<\/strong>, dijo la Presidencia rusa, agregaron las agencias.<\/p>\n<blockquote class=\"twitter-tweet\" readability=\"9.5401234567901\">\n<p lang=\"es\" dir=\"ltr\">Putin habla sobre el reconocimiento de Donetsk y Lugansk<\/p>\n<p>Este 21 de febrero, los l\u00edderes de las rep\u00fablicas autoproclamadas de Donetsk y Lugansk se han dirigido al presidente ruso, pidi\u00e9ndole que reconozca la independencia de ambos territorios. <a href=\"https:\/\/t.co\/IAbORiAAlK\">pic.twitter.com\/IAbORiAAlK<\/a><\/p>\n<p>\u2014 RT en Espa\u00f1ol (@ActualidadRT) <a href=\"https:\/\/twitter.com\/ActualidadRT\/status\/1495850090870804481?ref_src=twsrc%5Etfw\">February 21, 2022<\/a><\/p><\/blockquote>\n<p>El presidente ucraniano, Volodimir Zelenski, anunci\u00f3 la convocatoria inminente del Consejo de Seguridad y Defensa Nacional.<\/p>\n<p>Desde hace semanas, Estados Unidos afirma que Rusia planea invadir Ucrania con decenas de miles de soldados que ha desplegado en la frontera com\u00fan, pese a la negativa de Mosc\u00fa, que sostiene que las tropas participan de maniobras y que tiene derecho a cualquier movilizaci\u00f3n dentro de su territorio.<\/p>\n<p>Las tensiones parecieron disminuir la semana pasada, cuando Putin anunci\u00f3 un repliegue parcial de las tropas, pero volvieron a crecer desde el jueves por un <a href=\"https:\/\/www.telam.com.ar\/notas\/202202\/584130-rusia-alarmada-intensificacion-bombardeos-este-ucrania.html\" target=\"_blank\" rel=\"noopener noreferrer\">incremento de las hostilidades entre el Ej\u00e9rcito ucraniano y fuerzas de las provincias separatistas<\/a>, donde se habla ruso.<\/p>\n<p>M\u00e1s de 14.000 personas han muerto por el conflicto con Donetsk y Lugansk, que se proclamaron independientes en 2014 en rechazo del violento derrocamiento del entonces gobierno ucraniano -af\u00edn a Rusia- por una ola de protestas, y su sustituci\u00f3n por otro antirruso y prooccidental.<\/p>\n<p>Rusia, que apoya las afirmaciones de los separatistas, acusa a Ucrania de no querer cumplir un <a href=\"https:\/\/www.telam.com.ar\/notas\/202202\/583909-agenda-internacional-crisis-rusia-ucrania.html\" target=\"_blank\" rel=\"noopener noreferrer\">acuerdo para la soluci\u00f3n del conflicto firmado en 2015 en Minsk<\/a>, por el cual deber\u00eda dar autonom\u00eda a las provincias y amnistiar a los rebeldes.<\/p>\n<figure class=\"mb-3\"><img loading=\"lazy\" src=\"http:\/\/hoycordobaweb.com\/wp-content\/uploads\/2022\/02\/rusia-reconocio-la-independencia-de-las-regiones-separatistas-del-este-de-ucrania-3.jpg\" width=\"100%\" height=\"100%\" alt=\"Los presidentes de Rusia y Estados Unidos antes del recrudecimiento de las tensiones en Ucrania Foto AFP\"><figcaption> Los presidentes de Rusia y Estados Unidos, antes del recrudecimiento de las tensiones en Ucrania. Foto: AFP. <\/figcaption><\/figure>\n<p>Adem\u00e1s, sostiene que constantes suministros de armas a Ucrania por parte de Estados Unidos y la OTAN la han envalentonado a descartar una soluci\u00f3n diplom\u00e1tica al conflicto y optar por una operaci\u00f3n de reconquista de las provincias, ubicadas en una regi\u00f3n industrial conocida como Donbass.<\/p>\n<p>Estados Unidos y Occidente, por su parte, sostienen que la intensificaci\u00f3n de las hostilidades en el este de Ucrania de los \u00faltimos d\u00edas podr\u00eda dar a Rusia un pretexto para lanzar la invasi\u00f3n de la que vienen advirtiendo desde semanas antes del deterioro de la situaci\u00f3n en el Donbass.<\/p>\n<p>Putin hizo su anuncio luego de mantener una reuni\u00f3n pregrabada con su Consejo de Seguridad presidencial, durante la cual funcionarios dieron sus argumentos a favor de reconocer a las regiones separatistas, aunque algunos matizaron que no ten\u00eda por qu\u00e9 hacerlo de inmediato.<\/p>\n<blockquote class=\"twitter-tweet\" readability=\"9.5726495726496\">\n<p lang=\"es\" dir=\"ltr\"><a href=\"https:\/\/twitter.com\/hashtag\/Putin?src=hash&amp;ref_src=twsrc%5Etfw\">#Putin<\/a> reconocer\u00e1 las rep\u00fablicas separatistas del este de Ucrania<\/p>\n<p>El presidente de <a href=\"https:\/\/twitter.com\/hashtag\/Rusia?src=hash&amp;ref_src=twsrc%5Etfw\">#Rusia<\/a> comunic\u00f3 su decisi\u00f3n a los l\u00edderes de Alemania y Francia, seg\u00fan el Kremlin.<\/p>\n<p>La decisi\u00f3n de Putin de reconocer la independencia de <a href=\"https:\/\/twitter.com\/hashtag\/Donetsk?src=hash&amp;ref_src=twsrc%5Etfw\">#Donetsk<\/a> y <a href=\"https:\/\/twitter.com\/hashtag\/Lugansk?src=hash&amp;ref_src=twsrc%5Etfw\">#Lugansk<\/a> agrava la crisis en Ucrania. \/ir <a href=\"https:\/\/t.co\/yMS3aBbRrh\">pic.twitter.com\/yMS3aBbRrh<\/a><\/p>\n<p>\u2014 DW Espa\u00f1ol (@dw_espanol) <a href=\"https:\/\/twitter.com\/dw_espanol\/status\/1495839200977072129?ref_src=twsrc%5Etfw\">February 21, 2022<\/a><\/p><\/blockquote>\n<p><strong>El reconocimiento de las regiones podr\u00eda permitir a Rusia enviar tropas y armas abiertamente a Donetsk y Lugansk para ayudar a las fuerzas locales a resistir una ofensiva de Ucrania<\/strong>.&nbsp;Hasta ahora, Ucrania y Occidente han acusado a Rusia de proveer armas y combatientes a los separatistas, pero Rusia lo niega, y dice que los rusos que han peleado en Donbass lo hicieron de manera voluntaria.&nbsp;<\/p>\n<p>Antes de la reuni\u00f3n de Putin con sus asesores de seguridad, los l\u00edderes de Lugansk y Donetsk pidieron al presidente que reconociera las rep\u00fablicas que proclamaron y firmara acuerdos que les permitieran protegerlos de lo que describieron como una ofensiva en curso del Ej\u00e9rcito de Ucrania.<\/p>\n<p>El Parlamento ruso aprob\u00f3 una resoluci\u00f3n en ese sentido la semana pasada.<\/p>\n<blockquote class=\"twitter-tweet\" readability=\"4.3566878980892\">\n<p lang=\"es\" dir=\"ltr\">Putin firma el reconocimiento de independencia de las regiones de Lugansk y Donetsk <a href=\"https:\/\/t.co\/sxhJP4DyET\">pic.twitter.com\/sxhJP4DyET<\/a><\/p>\n<p>\u2014 El HuffPost (@ElHuffPost) <a href=\"https:\/\/twitter.com\/ElHuffPost\/status\/1495845975734300682?ref_src=twsrc%5Etfw\">February 21, 2022<\/a><\/p><\/blockquote>\n<p>Ucrania ha negado haber lanzado una ofensiva y acusado a Rusia de provocaci\u00f3n.&nbsp;Rusia respondi\u00f3 que Ucrania era responsable del agravamiento de la situaci\u00f3n en el Donbass. <\/p>\n","protected":false},"excerpt":{"rendered":"<p>El presidente ruso reconoci\u00f3 este lunes la independencia de Donetsk y Lugansk. Foto: AFP El presidente de Rusia, Vladimir Putin, reconoci\u00f3 este lunes la independencia de dos provincias separatistas y rusoparlantes del este de Ucrania y allan\u00f3 el camino para desplegar en ellas tropas rusas que las protejan del Ej\u00e9rcito ucraniano, una decisi\u00f3n que eleva [&hellip;]<\/p>\n","protected":false},"author":1,"featured_media":37433,"comment_status":"open","ping_status":"closed","sticky":false,"template":"","format":"standard","meta":[],"categories":[24],"tags":[],"_links":{"self":[{"href":"http:\/\/hoycordobaweb.com\/index.php\/wp-json\/wp\/v2\/posts\/37432"}],"collection":[{"href":"http:\/\/hoycordobaweb.com\/index.php\/wp-json\/wp\/v2\/posts"}],"about":[{"href":"http:\/\/hoycordobaweb.com\/index.php\/wp-json\/wp\/v2\/types\/post"}],"author":[{"embeddable":true,"href":"http:\/\/hoycordobaweb.com\/index.php\/wp-json\/wp\/v2\/users\/1"}],"replies":[{"embeddable":true,"href":"http:\/\/hoycordobaweb.com\/index.php\/wp-json\/wp\/v2\/comments?post=37432"}],"version-history":[{"count":0,"href":"http:\/\/hoycordobaweb.com\/index.php\/wp-json\/wp\/v2\/posts\/37432\/revisions"}],"wp:featuredmedia":[{"embeddable":true,"href":"http:\/\/hoycordobaweb.com\/index.php\/wp-json\/wp\/v2\/media\/37433"}],"wp:attachment":[{"href":"http:\/\/hoycordobaweb.com\/index.php\/wp-json\/wp\/v2\/media?parent=37432"}],"wp:term":[{"taxonomy":"category","embeddable":true,"href":"http:\/\/hoycordobaweb.com\/index.php\/wp-json\/wp\/v2\/categories?post=37432"},{"taxonomy":"post_tag","embeddable":true,"href":"http:\/\/hoycordobaweb.com\/index.php\/wp-json\/wp\/v2\/tags?post=37432"}],"curies":[{"name":"wp","href":"https:\/\/api.w.org\/{rel}","templated":true}]}}