{"id":37423,"date":"2022-02-21T12:10:00","date_gmt":"2022-02-21T12:10:00","guid":{"rendered":"https:\/\/fm-comunicar.com.ar\/contenido\/18879\/siniestro-fatal-en-colonia-tirolesa-fallecio-un-motociclista-de-29-anos"},"modified":"2022-02-21T12:10:00","modified_gmt":"2022-02-21T12:10:00","slug":"siniestro-fatal-en-tirolesa-murio-un-motociclista-de-29-anos","status":"publish","type":"post","link":"http:\/\/hoycordobaweb.com\/index.php\/2022\/02\/21\/siniestro-fatal-en-tirolesa-murio-un-motociclista-de-29-anos\/","title":{"rendered":"Siniestro fatal en Tirolesa: muri\u00f3 un motociclista de 29 a\u00f1os"},"content":{"rendered":"<p>El hombre perdi\u00f3 el control de la moto y choc\u00f3 contra el poste de un tejido. Falleci\u00f3 en el Hospital de Urgencias producto de las heridas. En Colonia Caroya hubo dos accidentes de tr\u00e1nsito m\u00e1s el fin de semana.<img src=\"http:\/\/hoycordobaweb.com\/wp-content\/uploads\/2022\/02\/siniestro-fatal-en-tirolesa-murio-un-motociclista-de-29-anos.jpg\"><\/p>\n","protected":false},"excerpt":{"rendered":"<p>El hombre perdi\u00f3 el control de la moto y choc\u00f3 contra el poste de un tejido. Falleci\u00f3 en el Hospital de Urgencias producto de las heridas. En Colonia Caroya hubo dos accidentes de tr\u00e1nsito m\u00e1s el fin de semana.<\/p>\n","protected":false},"author":1,"featured_media":37424,"comment_status":"closed","ping_status":"closed","sticky":false,"template":"","format":"standard","meta":[],"categories":[18],"tags":[],"_links":{"self":[{"href":"http:\/\/hoycordobaweb.com\/index.php\/wp-json\/wp\/v2\/posts\/37423"}],"collection":[{"href":"http:\/\/hoycordobaweb.com\/index.php\/wp-json\/wp\/v2\/posts"}],"about":[{"href":"http:\/\/hoycordobaweb.com\/index.php\/wp-json\/wp\/v2\/types\/post"}],"author":[{"embeddable":true,"href":"http:\/\/hoycordobaweb.com\/index.php\/wp-json\/wp\/v2\/users\/1"}],"replies":[{"embeddable":true,"href":"http:\/\/hoycordobaweb.com\/index.php\/wp-json\/wp\/v2\/comments?post=37423"}],"version-history":[{"count":0,"href":"http:\/\/hoycordobaweb.com\/index.php\/wp-json\/wp\/v2\/posts\/37423\/revisions"}],"wp:featuredmedia":[{"embeddable":true,"href":"http:\/\/hoycordobaweb.com\/index.php\/wp-json\/wp\/v2\/media\/37424"}],"wp:attachment":[{"href":"http:\/\/hoycordobaweb.com\/index.php\/wp-json\/wp\/v2\/media?parent=37423"}],"wp:term":[{"taxonomy":"category","embeddable":true,"href":"http:\/\/hoycordobaweb.com\/index.php\/wp-json\/wp\/v2\/categories?post=37423"},{"taxonomy":"post_tag","embeddable":true,"href":"http:\/\/hoycordobaweb.com\/index.php\/wp-json\/wp\/v2\/tags?post=37423"}],"curies":[{"name":"wp","href":"https:\/\/api.w.org\/{rel}","templated":true}]}}