{"id":37408,"date":"2022-02-20T20:01:36","date_gmt":"2022-02-20T20:01:36","guid":{"rendered":"https:\/\/www.trendencias.com\/moda-famosas\/este-vestido-iconico-rachel-friends-que-nos-gustaria-tener-nuestro-armario"},"modified":"2022-02-20T20:01:36","modified_gmt":"2022-02-20T20:01:36","slug":"este-es-el-vestido-iconico-de-rachel-de-friends-que-nos-gustaria-tener-en-nuestro-armario","status":"publish","type":"post","link":"http:\/\/hoycordobaweb.com\/index.php\/2022\/02\/20\/este-es-el-vestido-iconico-de-rachel-de-friends-que-nos-gustaria-tener-en-nuestro-armario\/","title":{"rendered":"Este es el vestido ic\u00f3nico de Rachel de Friends que nos gustar\u00eda tener en nuestro armario"},"content":{"rendered":"<p>Han pasado m\u00e1s de 27 a\u00f1os desde que <strong>Friends<\/strong> se estrenara por primera vez, y desde entonces todas y cada una de sus <a href=\"https:\/\/www.trendencias.com\/lenceria-y-bano\/eres-fan-friends-suenas-encontrar-tu-media-langosta-estos-pijamas-asos-podrian-enamorarte-completo\">escenas siguen presentes en nuestro d\u00eda a d\u00eda<\/a> sin perder frescura o diversi\u00f3n. <a href=\"https:\/\/www.trendencias.com\/propuestas-y-consejos\/repasamos-algunos-looks-miticos-friends-adaptamos-a-tendencias-actuales-prendas-esta-temporada\">Con estilismos capaces de inspirar nuestras jornadas<\/a>, <strong>Rachel<\/strong> nos mostr\u00f3 un <a href=\"https:\/\/www.trendencias.com\/tendencias\/17-looks-monica-geller-que-vimos-friends-que-nos-pondriamos-hoy\">vestido ic\u00f3nico que no podemos sacar de nuestra mente<\/a>. Palabra de honor y de color amarillo, desear\u00edamos tener esta prenda dentro de <strong>nuestro fondo de armario<\/strong>.<\/p>\n<p><!-- BREAK 1 --><\/p>\n<div class=\"article-asset article-asset-normal article-asset-center\">\n<div class=\"desvio-container\">\n<div class=\"desvio\">\n<div class=\"desvio-figure js-desvio-figure\"> <a href=\"https:\/\/www.trendencias.com\/shopping\/siete-utensilios-limpieza-que-recomendaria-mismisima-monica-geller\"> <img alt=\"Siete utensilios de limpieza que recomendar\u00eda la mism\u00edsima Monica Geller \" src=\"http:\/\/hoycordobaweb.com\/wp-content\/uploads\/2022\/02\/este-es-el-vestido-iconico-de-rachel-de-friends-que-nos-gustaria-tener-en-nuestro-armario.jpg\"> <\/a> <\/div><\/div><\/div>\n<\/div>\n<h2>Pasan los a\u00f1os pero este vestido no pasa de moda<\/h2>\n<p>No sabemos cu\u00e1l es la clave de esta prenda, pero por m\u00e1s que pasen los a\u00f1os este vestido no pasa de moda. Palabra de honor, ajustado al cuerpo y con un gran corte lateral en la falda, este dise\u00f1o se corona con unos delicados bordados florales en la zona delantera. El tejido de estilo brocado, termina por redondear el look final.&nbsp;<\/p>\n<p><!-- BREAK 2 --> <\/p>\n<div class=\"article-asset-image article-asset-normal article-asset-center\">\n<div class=\"asset-content\">\n<div class=\"base-wrapper-image\"> <img class=\"sf-lazy centro_sinmarco\" data-sf-srcset=\"http:\/\/hoycordobaweb.com\/wp-content\/uploads\/2022\/02\/este-es-el-vestido-iconico-de-rachel-de-friends-que-nos-gustaria-tener-en-nuestro-armario-1.jpg 450w, http:\/\/hoycordobaweb.com\/wp-content\/uploads\/2022\/02\/este-es-el-vestido-iconico-de-rachel-de-friends-que-nos-gustaria-tener-en-nuestro-armario-9.jpg 681w,http:\/\/hoycordobaweb.com\/wp-content\/uploads\/2022\/02\/este-es-el-vestido-iconico-de-rachel-de-friends-que-nos-gustaria-tener-en-nuestro-armario-10.jpg 1024w, http:\/\/hoycordobaweb.com\/wp-content\/uploads\/2022\/02\/este-es-el-vestido-iconico-de-rachel-de-friends-que-nos-gustaria-tener-en-nuestro-armario-11.jpg 1366w,\" data-sf-src=\"http:\/\/hoycordobaweb.com\/wp-content\/uploads\/2022\/02\/este-es-el-vestido-iconico-de-rachel-de-friends-que-nos-gustaria-tener-en-nuestro-armario-1.jpg\" alt=\"Rachel Friends Vestido Amarillo 02\"> <noscript><img alt=\"Rachel Friends Vestido Amarillo 02\" class=\"centro_sinmarco\" src=\"http:\/\/hoycordobaweb.com\/wp-content\/uploads\/2022\/02\/este-es-el-vestido-iconico-de-rachel-de-friends-que-nos-gustaria-tener-en-nuestro-armario-1.jpg\"><\/noscript> <\/div><\/div>\n<\/div>\n<p>Visto en el temporada cinco, durante el cap\u00edtulo \u201cThe One with All Kissing\u201d, emitido en el a\u00f1o 1998, este vestido caus\u00f3 tanto furor que pronto se convirti\u00f3 en uno de los looks favoritos del p\u00fablico. A d\u00eda de hoy la gente sigue buscando este dise\u00f1o, firmado por la marca brit\u00e1nica IDOL que desapareci\u00f3 hace ya unos a\u00f1os.<\/p>\n<p><!-- BREAK 3 --><\/p>\n<h2>Tres dise\u00f1os para lograr un efecto parecido<\/h2>\n<p>Con la \u00e9poca de rebajas llegando a su fin, hemos encontrado tres dise\u00f1os parecidos tanto en forma como en color. Por menos de 37 euros podemos inspirarnos en Rachel y lucir igual que ella.<\/p>\n<p><!-- BREAK 4 --><\/p>\n<div class=\"article-asset-image article-asset-normal article-asset-center\">\n<div class=\"asset-content\">\n<div class=\"base-wrapper-image\"> <img class=\"sf-lazy centro_sinmarco\" data-sf-srcset=\"http:\/\/hoycordobaweb.com\/wp-content\/uploads\/2022\/02\/este-es-el-vestido-iconico-de-rachel-de-friends-que-nos-gustaria-tener-en-nuestro-armario-2.jpg 450w, http:\/\/hoycordobaweb.com\/wp-content\/uploads\/2022\/02\/este-es-el-vestido-iconico-de-rachel-de-friends-que-nos-gustaria-tener-en-nuestro-armario-12.jpg 681w,http:\/\/hoycordobaweb.com\/wp-content\/uploads\/2022\/02\/este-es-el-vestido-iconico-de-rachel-de-friends-que-nos-gustaria-tener-en-nuestro-armario-13.jpg 1024w, http:\/\/hoycordobaweb.com\/wp-content\/uploads\/2022\/02\/este-es-el-vestido-iconico-de-rachel-de-friends-que-nos-gustaria-tener-en-nuestro-armario-14.jpg 1366w,\" data-sf-src=\"http:\/\/hoycordobaweb.com\/wp-content\/uploads\/2022\/02\/este-es-el-vestido-iconico-de-rachel-de-friends-que-nos-gustaria-tener-en-nuestro-armario-2.jpg\" alt=\"Asos Vestidos Palabra Honor 01\"> <noscript><img alt=\"Asos Vestidos Palabra Honor 01\" class=\"centro_sinmarco\" src=\"http:\/\/hoycordobaweb.com\/wp-content\/uploads\/2022\/02\/este-es-el-vestido-iconico-de-rachel-de-friends-que-nos-gustaria-tener-en-nuestro-armario-2.jpg\"><\/noscript> <\/div><\/div>\n<\/div>\n<ul>\n<li>Vestido midi amarillo cruzado palabra de honor de Asos Design, <del>39,99 euros<\/del> <a href=\"https:\/\/www.trendencias.com\/redirect?url=https%3A%2F%2Fwww.asos.com%2Fes%2Fasos-petite%2Fvestido-midi-amarillo-cruzado-estilo-palabra-de-honor-de-asos-design-petite%2Fprd%2F200236466%3Fclr%3Damarillo%26colourWayId%3D200236476%26cid%3D8799&amp;category=moda-famosas\">27,95 euros<\/a>.<\/li>\n<\/ul>\n<p><!-- PIVOT START --><\/p>\n<div class=\"pivot-ecommerce-container\">\n<div class=\"pivot-ecommerce\" readability=\"4.5542168674699\">\n<div class=\"pivot-ecommerce-figure\"> <img alt=\"Vestido midi amarillo cruzado palabra de honor de Asos Design.\" src=\"http:\/\/hoycordobaweb.com\/wp-content\/uploads\/2022\/02\/este-es-el-vestido-iconico-de-rachel-de-friends-que-nos-gustaria-tener-en-nuestro-armario-3.jpg\"> <\/div>\n<div class=\"pivot-ecommerce-summary\" readability=\"5.3132530120482\">\n<p class=\"pivot-ecommerce-desc\">Vestido midi amarillo cruzado palabra de honor de Asos Design.<\/p>\n<\/p><\/div><\/div>\n<\/div>\n<p><!-- PIVOT END --><\/p>\n<div class=\"article-asset-image article-asset-normal article-asset-center\">\n<div class=\"asset-content\">\n<div class=\"base-wrapper-image\"> <img class=\"sf-lazy centro_sinmarco\" data-sf-srcset=\"http:\/\/hoycordobaweb.com\/wp-content\/uploads\/2022\/02\/este-es-el-vestido-iconico-de-rachel-de-friends-que-nos-gustaria-tener-en-nuestro-armario-4.jpg 450w, http:\/\/hoycordobaweb.com\/wp-content\/uploads\/2022\/02\/este-es-el-vestido-iconico-de-rachel-de-friends-que-nos-gustaria-tener-en-nuestro-armario-15.jpg 681w,http:\/\/hoycordobaweb.com\/wp-content\/uploads\/2022\/02\/este-es-el-vestido-iconico-de-rachel-de-friends-que-nos-gustaria-tener-en-nuestro-armario-16.jpg 1024w, http:\/\/hoycordobaweb.com\/wp-content\/uploads\/2022\/02\/este-es-el-vestido-iconico-de-rachel-de-friends-que-nos-gustaria-tener-en-nuestro-armario-17.jpg 1366w,\" data-sf-src=\"http:\/\/hoycordobaweb.com\/wp-content\/uploads\/2022\/02\/este-es-el-vestido-iconico-de-rachel-de-friends-que-nos-gustaria-tener-en-nuestro-armario-4.jpg\" alt=\"Asos Vestidos Palabra Honor 02\"> <noscript><img alt=\"Asos Vestidos Palabra Honor 02\" class=\"centro_sinmarco\" src=\"http:\/\/hoycordobaweb.com\/wp-content\/uploads\/2022\/02\/este-es-el-vestido-iconico-de-rachel-de-friends-que-nos-gustaria-tener-en-nuestro-armario-4.jpg\"><\/noscript> <\/div><\/div>\n<\/div>\n<ul>\n<li>Vestido midi color lim\u00f3n palabra de honor de Asos Design, <del>37,99 euros<\/del> <a href=\"https:\/\/www.trendencias.com\/redirect?url=https%3A%2F%2Fwww.asos.com%2Fes%2Fasos-design%2Fvestido-midi-color-limon-palabra-de-honor-estilo-corse-de-canale-de-asos-design%2Fprd%2F24158718%3Fclr%3Dlimon%26colourWayId%3D60543669%26cid%3D8799&amp;category=moda-famosas\">15,15 euros<\/a>.<\/li>\n<\/ul>\n<p><!-- PIVOT START --><\/p>\n<div class=\"pivot-ecommerce-container\">\n<div class=\"pivot-ecommerce\" readability=\"4.4810126582278\">\n<div class=\"pivot-ecommerce-figure\"> <img alt=\"Vestido midi color lim\u00f3n palabra de honor de Asos Design.\" src=\"http:\/\/hoycordobaweb.com\/wp-content\/uploads\/2022\/02\/este-es-el-vestido-iconico-de-rachel-de-friends-que-nos-gustaria-tener-en-nuestro-armario-5.jpg\"> <\/div>\n<div class=\"pivot-ecommerce-summary\" readability=\"5.2278481012658\">\n<p class=\"pivot-ecommerce-desc\">Vestido midi color lim\u00f3n palabra de honor de Asos Design.<\/p>\n<\/p><\/div><\/div>\n<\/div>\n<p><!-- PIVOT END --><\/p>\n<div class=\"article-asset-image article-asset-normal article-asset-center\">\n<div class=\"asset-content\">\n<div class=\"base-wrapper-image\"> <img class=\"sf-lazy centro_sinmarco\" data-sf-srcset=\"http:\/\/hoycordobaweb.com\/wp-content\/uploads\/2022\/02\/este-es-el-vestido-iconico-de-rachel-de-friends-que-nos-gustaria-tener-en-nuestro-armario-6.jpg 450w, http:\/\/hoycordobaweb.com\/wp-content\/uploads\/2022\/02\/este-es-el-vestido-iconico-de-rachel-de-friends-que-nos-gustaria-tener-en-nuestro-armario-18.jpg 681w,http:\/\/hoycordobaweb.com\/wp-content\/uploads\/2022\/02\/este-es-el-vestido-iconico-de-rachel-de-friends-que-nos-gustaria-tener-en-nuestro-armario-19.jpg 1024w, http:\/\/hoycordobaweb.com\/wp-content\/uploads\/2022\/02\/este-es-el-vestido-iconico-de-rachel-de-friends-que-nos-gustaria-tener-en-nuestro-armario-20.jpg 1366w,\" data-sf-src=\"http:\/\/hoycordobaweb.com\/wp-content\/uploads\/2022\/02\/este-es-el-vestido-iconico-de-rachel-de-friends-que-nos-gustaria-tener-en-nuestro-armario-6.jpg\" alt=\"Asos Vestidos Palabra Honor 03\"> <noscript><img alt=\"Asos Vestidos Palabra Honor 03\" class=\"centro_sinmarco\" src=\"http:\/\/hoycordobaweb.com\/wp-content\/uploads\/2022\/02\/este-es-el-vestido-iconico-de-rachel-de-friends-que-nos-gustaria-tener-en-nuestro-armario-6.jpg\"><\/noscript> <\/div><\/div>\n<\/div>\n<ul>\n<li>Vestido largo amarillo palabra de honor plisado de Asos Design, <del>48,99 euros<\/del> <a href=\"https:\/\/www.trendencias.com\/redirect?url=https%3A%2F%2Fwww.asos.com%2Fes%2Fasos-design%2Fvestido-largo-amarillo-palabra-de-honor-plisado-de-asos-design%2Fprd%2F23789683%3Fclr%3Damarillo%26colourWayId%3D60512486%26cid%3D8799&amp;category=moda-famosas\">36,70 euros<\/a>.<\/li>\n<\/ul>\n<p><!-- PIVOT START --><\/p>\n<div class=\"pivot-ecommerce-container\">\n<div class=\"pivot-ecommerce\" readability=\"4.5714285714286\">\n<div class=\"pivot-ecommerce-figure\"> <img alt=\"Vestido largo amarillo palabra de honor plisado de Asos Design.\" src=\"http:\/\/hoycordobaweb.com\/wp-content\/uploads\/2022\/02\/este-es-el-vestido-iconico-de-rachel-de-friends-que-nos-gustaria-tener-en-nuestro-armario-7.jpg\"> <\/div>\n<div class=\"pivot-ecommerce-summary\" readability=\"5.3333333333333\">\n<p class=\"pivot-ecommerce-desc\">Vestido largo amarillo palabra de honor plisado de Asos Design.<\/p>\n<\/p><\/div><\/div>\n<\/div>\n<p><!-- PIVOT END --><\/p>\n<p><em>Nota: algunos de los enlaces aqu\u00ed publicados son de afiliados. A pesar de ello, ninguno de los art\u00edculos mencionados han sido propuestos ni por las marcas ni por las tiendas, siendo su introducci\u00f3n una decisi\u00f3n \u00fanica del equipo de editores.<\/em><\/p>\n<p><!-- BREAK 5 --><\/p>\n<p>Fotos | Friends, Asos<\/p>\n","protected":false},"excerpt":{"rendered":"<p>Han pasado m\u00e1s de 27 a\u00f1os desde que Friends se estrenara por primera vez, y desde entonces todas y cada una de sus escenas siguen presentes en nuestro d\u00eda a d\u00eda sin perder frescura o diversi\u00f3n. Con estilismos capaces de inspirar nuestras jornadas, Rachel nos mostr\u00f3 un vestido ic\u00f3nico que no podemos sacar de nuestra [&hellip;]<\/p>\n","protected":false},"author":1,"featured_media":37409,"comment_status":"closed","ping_status":"closed","sticky":false,"template":"","format":"standard","meta":[],"categories":[1],"tags":[],"_links":{"self":[{"href":"http:\/\/hoycordobaweb.com\/index.php\/wp-json\/wp\/v2\/posts\/37408"}],"collection":[{"href":"http:\/\/hoycordobaweb.com\/index.php\/wp-json\/wp\/v2\/posts"}],"about":[{"href":"http:\/\/hoycordobaweb.com\/index.php\/wp-json\/wp\/v2\/types\/post"}],"author":[{"embeddable":true,"href":"http:\/\/hoycordobaweb.com\/index.php\/wp-json\/wp\/v2\/users\/1"}],"replies":[{"embeddable":true,"href":"http:\/\/hoycordobaweb.com\/index.php\/wp-json\/wp\/v2\/comments?post=37408"}],"version-history":[{"count":0,"href":"http:\/\/hoycordobaweb.com\/index.php\/wp-json\/wp\/v2\/posts\/37408\/revisions"}],"wp:featuredmedia":[{"embeddable":true,"href":"http:\/\/hoycordobaweb.com\/index.php\/wp-json\/wp\/v2\/media\/37409"}],"wp:attachment":[{"href":"http:\/\/hoycordobaweb.com\/index.php\/wp-json\/wp\/v2\/media?parent=37408"}],"wp:term":[{"taxonomy":"category","embeddable":true,"href":"http:\/\/hoycordobaweb.com\/index.php\/wp-json\/wp\/v2\/categories?post=37408"},{"taxonomy":"post_tag","embeddable":true,"href":"http:\/\/hoycordobaweb.com\/index.php\/wp-json\/wp\/v2\/tags?post=37408"}],"curies":[{"name":"wp","href":"https:\/\/api.w.org\/{rel}","templated":true}]}}