{"id":37371,"date":"2022-02-18T13:53:51","date_gmt":"2022-02-18T13:53:51","guid":{"rendered":"https:\/\/fono.fcm.unc.edu.ar\/?p=8432"},"modified":"2022-02-18T13:53:51","modified_gmt":"2022-02-18T13:53:51","slug":"sabes-que-es-el-plan-de-acciones-de-la-unc","status":"publish","type":"post","link":"http:\/\/hoycordobaweb.com\/index.php\/2022\/02\/18\/sabes-que-es-el-plan-de-acciones-de-la-unc\/","title":{"rendered":"\u00bfSab\u00e9s qu\u00e9 es el Plan de Acciones de la UNC?"},"content":{"rendered":"<p>Nuestra universidad avanz\u00f3 en pol\u00edticas de g\u00e9nero que previenen, &nbsp;atienden y sancionan las violencias de g\u00e9nero en el \u00e1mbito universitario.<\/p>\n<p>El Plan de Acciones est\u00e1 conformado por un equipo interdisciplinario que trabaja para Prevenir, Atender y Sancionar las Violencias de g\u00e9nero en la UNC y busca:<\/p>\n<p>1\ufe0f\u20e3Promover en la comunidad universitaria un ambiente libre de violencias de g\u00e9nero y\/o discriminaci\u00f3n.<\/p>\n<p>2\ufe0f\u20e3Fortalecer el trabajo de sensibilizaci\u00f3n, capacitaci\u00f3n e investigaci\u00f3n para la promoci\u00f3n y defensa de esos derechos en la comunidad universitaria.<\/p>\n<p>3\ufe0f\u20e3Garantizar un abordaje integral de la problem\u00e1tica desde su prevenci\u00f3n hasta la sanci\u00f3n de las situaciones denunciadas, en los casos en que as\u00ed corresponda.<\/p>\n<p>\ud83d\udcccSi est\u00e1s atravesando una situaci\u00f3n de violencia o discriminaci\u00f3n, contactanos lunes y mi\u00e9rcoles de 15 hs a 18hs y martes y jueves de 9 hs a 12hs en:<\/p>\n<p>\ud83d\udcf23516521473<br \/>\ud83d\udce7violenciasdegenero@rectorado.unc.edu.ar<\/p>\n","protected":false},"excerpt":{"rendered":"<p>Nuestra universidad avanz\u00f3 en pol\u00edticas de g\u00e9nero que previenen, &nbsp;atienden y sancionan las violencias de g\u00e9nero en el \u00e1mbito universitario. El Plan de Acciones est\u00e1 conformado por un equipo interdisciplinario que trabaja para Prevenir, Atender y Sancionar las Violencias de g\u00e9nero en la UNC y busca: 1\ufe0f\u20e3Promover en la comunidad universitaria un ambiente libre de [&hellip;]<\/p>\n","protected":false},"author":1,"featured_media":0,"comment_status":"closed","ping_status":"closed","sticky":false,"template":"","format":"standard","meta":[],"categories":[1],"tags":[],"_links":{"self":[{"href":"http:\/\/hoycordobaweb.com\/index.php\/wp-json\/wp\/v2\/posts\/37371"}],"collection":[{"href":"http:\/\/hoycordobaweb.com\/index.php\/wp-json\/wp\/v2\/posts"}],"about":[{"href":"http:\/\/hoycordobaweb.com\/index.php\/wp-json\/wp\/v2\/types\/post"}],"author":[{"embeddable":true,"href":"http:\/\/hoycordobaweb.com\/index.php\/wp-json\/wp\/v2\/users\/1"}],"replies":[{"embeddable":true,"href":"http:\/\/hoycordobaweb.com\/index.php\/wp-json\/wp\/v2\/comments?post=37371"}],"version-history":[{"count":0,"href":"http:\/\/hoycordobaweb.com\/index.php\/wp-json\/wp\/v2\/posts\/37371\/revisions"}],"wp:attachment":[{"href":"http:\/\/hoycordobaweb.com\/index.php\/wp-json\/wp\/v2\/media?parent=37371"}],"wp:term":[{"taxonomy":"category","embeddable":true,"href":"http:\/\/hoycordobaweb.com\/index.php\/wp-json\/wp\/v2\/categories?post=37371"},{"taxonomy":"post_tag","embeddable":true,"href":"http:\/\/hoycordobaweb.com\/index.php\/wp-json\/wp\/v2\/tags?post=37371"}],"curies":[{"name":"wp","href":"https:\/\/api.w.org\/{rel}","templated":true}]}}