{"id":37367,"date":"2022-02-20T00:23:00","date_gmt":"2022-02-20T00:23:00","guid":{"rendered":"http:\/\/hoycordobaweb.com\/index.php\/2022\/02\/20\/estudiantes-le-gano-a-lanus-en-la-plata-y-lidera-la-zona-2-con-puntaje-ideal\/"},"modified":"2022-02-20T00:23:00","modified_gmt":"2022-02-20T00:23:00","slug":"estudiantes-le-gano-a-lanus-en-la-plata-y-lidera-la-zona-2-con-puntaje-ideal","status":"publish","type":"post","link":"http:\/\/hoycordobaweb.com\/index.php\/2022\/02\/20\/estudiantes-le-gano-a-lanus-en-la-plata-y-lidera-la-zona-2-con-puntaje-ideal\/","title":{"rendered":"Estudiantes le gan\u00f3 a Lan\u00fas en La Plata y lidera la zona 2 con puntaje ideal"},"content":{"rendered":"<p><img src=\"http:\/\/hoycordobaweb.com\/wp-content\/uploads\/2022\/02\/estudiantes-le-gano-a-lanus-en-la-plata-y-lidera-la-zona-2-con-puntaje-ideal.jpg\"><\/p>\n<figure class=\"mb-3\"><img loading=\"lazy\" src=\"http:\/\/hoycordobaweb.com\/wp-content\/uploads\/2022\/02\/estudiantes-le-gano-a-lanus-en-la-plata-y-lidera-la-zona-2-con-puntaje-ideal-2.jpg\" width=\"100%\" height=\"100%\" alt=\"Foto Eva Cabrera\"><figcaption> Foto: Eva Cabrera <\/figcaption><\/figure>\n<p>Estudiantes de La Plata se afirm\u00f3 en la punta de la zona 2 de la Copa de la Liga Profesional de F\u00fatbol, con puntaje ideal, al vencer de local a Lan\u00fas por 2-1 en partido de la tercera fecha.<\/p>\n<p>Mauro Boselli (36m PT de penal) y Leandro D\u00edaz (28m ST) anotaron los goles del \u00abPincha\u00bb; descont\u00f3 Mat\u00edas P\u00e9rez (41m ST).<\/p>\n<figure class=\"mb-3\"><img loading=\"lazy\" src=\"http:\/\/hoycordobaweb.com\/wp-content\/uploads\/2022\/02\/estudiantes-le-gano-a-lanus-en-la-plata-y-lidera-la-zona-2-con-puntaje-ideal-3.jpg\" width=\"100%\" height=\"100%\" alt=\"Foto Eva Cabrera\"><figcaption> Foto: Eva Cabrera <\/figcaption><\/figure>\n<figure class=\"mb-3\"><img loading=\"lazy\" src=\"http:\/\/hoycordobaweb.com\/wp-content\/uploads\/2022\/02\/estudiantes-le-gano-a-lanus-en-la-plata-y-lidera-la-zona-2-con-puntaje-ideal-4.jpg\" width=\"100%\" height=\"100%\" alt=\"Foto Eva Cabrera\"><figcaption> Foto: Eva Cabrera <\/figcaption><\/figure>\n","protected":false},"excerpt":{"rendered":"<p>Foto: Eva Cabrera Estudiantes de La Plata se afirm\u00f3 en la punta de la zona 2 de la Copa de la Liga Profesional de F\u00fatbol, con puntaje ideal, al vencer de local a Lan\u00fas por 2-1 en partido de la tercera fecha. Mauro Boselli (36m PT de penal) y Leandro D\u00edaz (28m ST) anotaron los [&hellip;]<\/p>\n","protected":false},"author":1,"featured_media":37368,"comment_status":"open","ping_status":"closed","sticky":false,"template":"","format":"standard","meta":[],"categories":[19],"tags":[],"_links":{"self":[{"href":"http:\/\/hoycordobaweb.com\/index.php\/wp-json\/wp\/v2\/posts\/37367"}],"collection":[{"href":"http:\/\/hoycordobaweb.com\/index.php\/wp-json\/wp\/v2\/posts"}],"about":[{"href":"http:\/\/hoycordobaweb.com\/index.php\/wp-json\/wp\/v2\/types\/post"}],"author":[{"embeddable":true,"href":"http:\/\/hoycordobaweb.com\/index.php\/wp-json\/wp\/v2\/users\/1"}],"replies":[{"embeddable":true,"href":"http:\/\/hoycordobaweb.com\/index.php\/wp-json\/wp\/v2\/comments?post=37367"}],"version-history":[{"count":0,"href":"http:\/\/hoycordobaweb.com\/index.php\/wp-json\/wp\/v2\/posts\/37367\/revisions"}],"wp:featuredmedia":[{"embeddable":true,"href":"http:\/\/hoycordobaweb.com\/index.php\/wp-json\/wp\/v2\/media\/37368"}],"wp:attachment":[{"href":"http:\/\/hoycordobaweb.com\/index.php\/wp-json\/wp\/v2\/media?parent=37367"}],"wp:term":[{"taxonomy":"category","embeddable":true,"href":"http:\/\/hoycordobaweb.com\/index.php\/wp-json\/wp\/v2\/categories?post=37367"},{"taxonomy":"post_tag","embeddable":true,"href":"http:\/\/hoycordobaweb.com\/index.php\/wp-json\/wp\/v2\/tags?post=37367"}],"curies":[{"name":"wp","href":"https:\/\/api.w.org\/{rel}","templated":true}]}}