{"id":37357,"date":"2022-02-19T13:06:24","date_gmt":"2022-02-19T13:06:24","guid":{"rendered":"https:\/\/www.mujerhoy.com\/moda\/tendencias\/traje-comodo-elegante-blanco-negro-mango-look-oficina-primavera-20220219140215-nt.html"},"modified":"2022-02-19T13:06:24","modified_gmt":"2022-02-19T13:06:24","slug":"el-traje-comodo-y-elegante-que-viene-en-dos-colores-y-va-a-ser-tu-look-de-oficina-favorito-esta-primavera-esta-en-mango","status":"publish","type":"post","link":"http:\/\/hoycordobaweb.com\/index.php\/2022\/02\/19\/el-traje-comodo-y-elegante-que-viene-en-dos-colores-y-va-a-ser-tu-look-de-oficina-favorito-esta-primavera-esta-en-mango\/","title":{"rendered":"El traje c\u00f3modo y elegante que viene en dos colores y va a ser tu look de oficina favorito esta primavera est\u00e1 en Mango"},"content":{"rendered":"<p><!-- AUTHOR --><!-- COMPONENTS --><\/p>\n<p class=\"voc-paragraph\">La temporada de fr\u00edo cuenta con un vestuario m\u00e1s sofisticado. Qu\u00e9 ser\u00e1 de nosotras cuando llegue el calor y no podamos lucir esos elegantes <a data-voc-vtm-id=\"in-text-traffic\" href=\"https:\/\/www.mujerhoy.com\/moda\/tendencias\/jerseis-cuello-alto-cisne-baratos-zara-mango-stradivarius-20211130021355-ga.html\">jers\u00e9is de cuello vuelto<\/a>, <a data-voc-vtm-id=\"in-text-traffic\" href=\"https:\/\/www.mujerhoy.com\/moda\/no-te-pierdas\/vestido-nueva-coleccion-zara-enero-rebajas-primavera-20220113072956-nt.html\">vestidos de punto midi<\/a> o <a data-voc-vtm-id=\"in-text-traffic\" href=\"https:\/\/www.mujerhoy.com\/moda\/no-te-pierdas\/americanas-lana-basicos-calidos-sofisticados-invierno-massimo-dutti-look-oficina-20211126081851-nt.html\">americanas de lana con estampado de cuadros<\/a>. La tarea diaria de idear un <strong>modelito distinguido y profesional para la oficina<\/strong> se nos complica. Por mucho que podamos usar una chaqueta para elevar el outfit, siempre nos termina sobrando.\n<\/p>\n<p class=\"voc-paragraph\">Si no quieres acabar recurriendo siempre a la camisa con vaqueros, el <strong>traje<\/strong> es el look de trabajo n\u00famero uno llega al rescate. Pero volvemos a lo mismo. Por muy c\u00f3modo y profesional que luzca, su tejido y esas piezas de blazer y pantal\u00f3n largo nos van a suponer un suplicio. Eso, antes de que descubri\u00e9ramos la <strong>versi\u00f3n primaveral del conjunto de sastre<\/strong> que propone <strong>Mango<\/strong> en su nueva colecci\u00f3n.\n<\/p>\n<div class=\"voc-detail__cmp\">\n<div class=\"voc-article-container\">\n<article class=\"voc-article voc-article--cmp-photo-text\">\n<div class=\"voc-img-container\"><picture>\n<div class=\"voc-horizontal voc-img-icon-link\"><img class=\"lazy\" loading=\"lazy\" data-original=\"\/\/static2.mujerhoy.com\/www\/multimedia\/202202\/11\/media\/cortadas\/mango-traje-corto-kZbH--624x624@MujerHoy.jpg\" alt><\/div>\n<\/picture>\n<p class=\"figure-caption \"><span class=\"voc-photo-author\"> MANGO <\/span><\/p>\n<\/div>\n<\/article>\n<\/div>\n<\/div>\n<p class=\"voc-paragraph\">La web de <strong>Mango<\/strong> es tan resolutiva que no solo divide su colecci\u00f3n por tipos de prendas. Tambi\u00e9n incluye secciones donde se incluyen looks para cada ocasi\u00f3n, inspir\u00e1ndonos con sus elegantes estilismos en tendencia. Dentro del apartado de oficina, encontramos el conjunto perfecto para ir a trabajar estilosa y fresquita cuando llegue el buen tiempo.\n<\/p>\n<p class=\"voc-paragraph\">Se trata de un <strong>traje de dos piezas muy original y c\u00f3modo confeccionado en tejido de lino<\/strong> y que est\u00e1 disponible en los dos tonos m\u00e1s ponibles, sobrios y f\u00e1ciles de combinar, el <strong>blanco<\/strong> y el <strong>negro<\/strong>.\n<\/p>\n<div class=\"voc-detail__cmp\">\n<div class=\"voc-article-container\">\n<article class=\"voc-article voc-article--cmp-photo-text\">\n<div class=\"voc-img-container\"><picture>\n<div class=\"voc-horizontal voc-img-icon-link\"><img class=\"lazy\" loading=\"lazy\" data-original=\"\/\/static1.mujerhoy.com\/www\/multimedia\/202202\/11\/media\/cortadas\/mnago-traje-nergo-corto-kZbH--624x624@MujerHoy.jpg\" alt><\/div>\n<\/picture>\n<p class=\"figure-caption \"><span class=\"voc-photo-author\"> MANGO <\/span><\/p>\n<\/div>\n<\/article>\n<\/div>\n<\/div>\n<p class=\"voc-paragraph\">La primera prenda que lo compone es una <strong>americana de manga tres cuartos<\/strong>, cuello solapa, m\u00e1s cierre con bot\u00f3n y <strong>cintur\u00f3n de lazada desmontable<\/strong>, que se adorna con bolsillos de parche. La puedes encontrar de las tallas XS a la XL por un precio de 49,99 euros.\n<\/p>\n<p class=\"voc-paragraph\">La parte inferior es un <strong>short de tiro alto con cintura el\u00e1stica y bolsillos laterales<\/strong>, tambi\u00e9n confortable por su pernera amplia y suave tejido. Igual, Mango dispone de este pantal\u00f3n de la XS a la XL y su coste es de 29,99 euros.\n<\/p>\n<p class=\"voc-paragraph\">Si tienes un flechazo con este traje y no puedes esperar a estrenarlo, a\u00f1ade un jersey ajustado de cuello alto a tono, unas medias y botas altas e ir\u00e1s impecable. Mientras que, en primavera otras ideas con combinarlo con una camisa de rayas azul, una camiseta de manga corta o un chaleco. Y, como calzado, bailarinas, mocasines, slippers o mules con tac\u00f3n bajo. \u00a1Super chic!\n<\/p>\n<div class=\"voc-detail__cmp voc-detail__cmp--pad-lr voc-detail__cmp--pad-lr--bdr\">\n<div class=\"voc-ficha-detail__wrapper\">\n<section class=\"voc-ficha-detail\">\n<h4 class=\"voc-ficha-detail-title voc-title-section\">Te recomendamos<\/h4>\n<\/section>\n<\/div>\n<\/div>\n<p><!-- TOPICS --><\/p>\n","protected":false},"excerpt":{"rendered":"<p>La temporada de fr\u00edo cuenta con un vestuario m\u00e1s sofisticado. Qu\u00e9 ser\u00e1 de nosotras cuando llegue el calor y no podamos lucir esos elegantes jers\u00e9is de cuello vuelto, vestidos de punto midi o americanas de lana con estampado de cuadros. La tarea diaria de idear un modelito distinguido y profesional para la oficina se nos [&hellip;]<\/p>\n","protected":false},"author":1,"featured_media":37358,"comment_status":"closed","ping_status":"closed","sticky":false,"template":"","format":"standard","meta":[],"categories":[1],"tags":[],"_links":{"self":[{"href":"http:\/\/hoycordobaweb.com\/index.php\/wp-json\/wp\/v2\/posts\/37357"}],"collection":[{"href":"http:\/\/hoycordobaweb.com\/index.php\/wp-json\/wp\/v2\/posts"}],"about":[{"href":"http:\/\/hoycordobaweb.com\/index.php\/wp-json\/wp\/v2\/types\/post"}],"author":[{"embeddable":true,"href":"http:\/\/hoycordobaweb.com\/index.php\/wp-json\/wp\/v2\/users\/1"}],"replies":[{"embeddable":true,"href":"http:\/\/hoycordobaweb.com\/index.php\/wp-json\/wp\/v2\/comments?post=37357"}],"version-history":[{"count":0,"href":"http:\/\/hoycordobaweb.com\/index.php\/wp-json\/wp\/v2\/posts\/37357\/revisions"}],"wp:featuredmedia":[{"embeddable":true,"href":"http:\/\/hoycordobaweb.com\/index.php\/wp-json\/wp\/v2\/media\/37358"}],"wp:attachment":[{"href":"http:\/\/hoycordobaweb.com\/index.php\/wp-json\/wp\/v2\/media?parent=37357"}],"wp:term":[{"taxonomy":"category","embeddable":true,"href":"http:\/\/hoycordobaweb.com\/index.php\/wp-json\/wp\/v2\/categories?post=37357"},{"taxonomy":"post_tag","embeddable":true,"href":"http:\/\/hoycordobaweb.com\/index.php\/wp-json\/wp\/v2\/tags?post=37357"}],"curies":[{"name":"wp","href":"https:\/\/api.w.org\/{rel}","templated":true}]}}