{"id":37343,"date":"2022-02-19T15:00:39","date_gmt":"2022-02-19T15:00:39","guid":{"rendered":"https:\/\/ladecimaweb.com\/?p=12689"},"modified":"2022-02-19T15:00:39","modified_gmt":"2022-02-19T15:00:39","slug":"avanza-la-recuperacion-con-hormigon-de-la-avenida-julio-a-roca","status":"publish","type":"post","link":"http:\/\/hoycordobaweb.com\/index.php\/2022\/02\/19\/avanza-la-recuperacion-con-hormigon-de-la-avenida-julio-a-roca\/","title":{"rendered":"Avanza la recuperaci\u00f3n con hormig\u00f3n de la avenida Julio A. Roca"},"content":{"rendered":"<p data-uw-styling-context=\"true\"><em>(Prensa municipal)<\/em> En la zona suroeste del pericentro capitalino, la Municipalidad de C\u00f3rdoba lleva adelante la <strong>recuperaci\u00f3n \u00edntegra de la Av. Julio Argentino Roca<\/strong>, segmento comprendido entre la Ca\u00f1ada y la rotonda del Ala que se encuentra sobre la calle R\u00edo Negro.<\/p>\n<p data-uw-styling-context=\"true\">La <strong>intervenci\u00f3n de los 1.600 metros lineales optimizar\u00e1 la transitabilidad de la arteria,<\/strong> por donde confluyen gran cantidad de veh\u00edculos, provenientes de la zona oeste y ciudades aleda\u00f1as como Malague\u00f1o y Carlos Paz.<\/p>\n<p data-uw-styling-context=\"true\"><strong>La nueva carpeta asf\u00e1ltica tambi\u00e9n mejorar\u00e1 la calidad de vida de los barrios G\u00fcemes, Bella Vista, Observatorio, Bajada San Roque, Maurizi y Residencial Olivos.<\/strong><\/p>\n<p data-uw-styling-context=\"true\">Las obras avanzan con dos frentes simult\u00e1neos, uno ubicado en las proximidades de la Ca\u00f1ada y otro a la vera de Paso de los Andes. Al d\u00eda de hoy se repararon 2.000 metros cuadrados de calzada.<\/p>\n<p data-uw-styling-context=\"true\"><strong>Las tareas se extender\u00e1n durante los pr\u00f3ximos meses<\/strong> ya que requieren largos procesos de demolici\u00f3n, restructuraci\u00f3n y ejecuci\u00f3n de la calzada por las condiciones del material.<\/p>\n<p data-uw-styling-context=\"true\">En el marco del segundo Plan de Bacheo y Rehabilitaci\u00f3n, el Municipio interviene 360 metros lineales de la calle Duarte Quir\u00f3s, un kil\u00f3metro del Bv. Illia en el \u00e1rea central, y la calle Jer\u00f3nimo Luis de Cabrera sobre Alta C\u00f3rdoba.<\/p>\n<p data-uw-styling-context=\"true\">\n<div class=\"ubm_banner\"><a href=\"https:\/\/www.cba.gov.ar\/10-https:\/\/www.cba.gov.ar\/10-mil-viviendas\/?csrt=8333084810548506306\" target=\"_blank\" rel=\"dofollow noopener noreferrer\"><img src=\"http:\/\/hoycordobaweb.com\/wp-content\/uploads\/2022\/02\/avanza-la-recuperacion-con-hormigon-de-la-avenida-julio-a-roca.gif\" alt=\"\"><\/a><\/div>\n<p>La entrada <a rel=\"nofollow\" href=\"https:\/\/ladecimaweb.com\/avanza-la-recuperacion-con-hormigon-de-la-avenida-julio-a-roca\/\">Avanza la recuperaci\u00f3n con hormig\u00f3n de la avenida Julio A. Roca<\/a> se public\u00f3 primero en <a rel=\"nofollow\" href=\"https:\/\/ladecimaweb.com\">LaDecima<\/a>.<\/p>\n","protected":false},"excerpt":{"rendered":"<p>(Prensa municipal) En la zona suroeste del pericentro capitalino, la Municipalidad de C\u00f3rdoba lleva adelante la recuperaci\u00f3n \u00edntegra de la Av. Julio Argentino Roca, segmento comprendido entre la Ca\u00f1ada y la rotonda del Ala que se encuentra sobre la calle R\u00edo Negro. La intervenci\u00f3n de los 1.600 metros lineales optimizar\u00e1 la transitabilidad de la arteria, [&hellip;]<\/p>\n","protected":false},"author":1,"featured_media":37344,"comment_status":"closed","ping_status":"closed","sticky":false,"template":"","format":"standard","meta":[],"categories":[19],"tags":[],"_links":{"self":[{"href":"http:\/\/hoycordobaweb.com\/index.php\/wp-json\/wp\/v2\/posts\/37343"}],"collection":[{"href":"http:\/\/hoycordobaweb.com\/index.php\/wp-json\/wp\/v2\/posts"}],"about":[{"href":"http:\/\/hoycordobaweb.com\/index.php\/wp-json\/wp\/v2\/types\/post"}],"author":[{"embeddable":true,"href":"http:\/\/hoycordobaweb.com\/index.php\/wp-json\/wp\/v2\/users\/1"}],"replies":[{"embeddable":true,"href":"http:\/\/hoycordobaweb.com\/index.php\/wp-json\/wp\/v2\/comments?post=37343"}],"version-history":[{"count":0,"href":"http:\/\/hoycordobaweb.com\/index.php\/wp-json\/wp\/v2\/posts\/37343\/revisions"}],"wp:featuredmedia":[{"embeddable":true,"href":"http:\/\/hoycordobaweb.com\/index.php\/wp-json\/wp\/v2\/media\/37344"}],"wp:attachment":[{"href":"http:\/\/hoycordobaweb.com\/index.php\/wp-json\/wp\/v2\/media?parent=37343"}],"wp:term":[{"taxonomy":"category","embeddable":true,"href":"http:\/\/hoycordobaweb.com\/index.php\/wp-json\/wp\/v2\/categories?post=37343"},{"taxonomy":"post_tag","embeddable":true,"href":"http:\/\/hoycordobaweb.com\/index.php\/wp-json\/wp\/v2\/tags?post=37343"}],"curies":[{"name":"wp","href":"https:\/\/api.w.org\/{rel}","templated":true}]}}