{"id":37337,"date":"2022-02-19T23:42:55","date_gmt":"2022-02-19T23:42:55","guid":{"rendered":"http:\/\/hoycordobaweb.com\/index.php\/2022\/02\/19\/la-afa-y-la-liga-profesional-unidos-por-un-futbol-sin-homofobia-deportes-los-andes\/"},"modified":"2022-02-19T23:42:55","modified_gmt":"2022-02-19T23:42:55","slug":"la-afa-y-la-liga-profesional-unidos-por-un-futbol-sin-homofobia-deportes-los-andes","status":"publish","type":"post","link":"http:\/\/hoycordobaweb.com\/index.php\/2022\/02\/19\/la-afa-y-la-liga-profesional-unidos-por-un-futbol-sin-homofobia-deportes-los-andes\/","title":{"rendered":"La AFA y la Liga Profesional, unidos por un <b>f\u00fatbol<\/b> sin homofobia | + Deportes &#8211; Los Andes"},"content":{"rendered":"<p>\u201cLa Asociaci\u00f3n del <b>F\u00fatbol Argentino<\/b> acompa\u00f1a y apoya el D\u00eda Internacional Contra la Homofobia en el Deporte. Los clubes portar\u00e1n hoy una pancarta&nbsp;&#8230; <\/p>\n","protected":false},"excerpt":{"rendered":"<p>\u201cLa Asociaci\u00f3n del F\u00fatbol Argentino acompa\u00f1a y apoya el D\u00eda Internacional Contra la Homofobia en el Deporte. Los clubes portar\u00e1n hoy una pancarta&nbsp;&#8230;<\/p>\n","protected":false},"author":1,"featured_media":0,"comment_status":"closed","ping_status":"closed","sticky":false,"template":"","format":"standard","meta":[],"categories":[22],"tags":[],"_links":{"self":[{"href":"http:\/\/hoycordobaweb.com\/index.php\/wp-json\/wp\/v2\/posts\/37337"}],"collection":[{"href":"http:\/\/hoycordobaweb.com\/index.php\/wp-json\/wp\/v2\/posts"}],"about":[{"href":"http:\/\/hoycordobaweb.com\/index.php\/wp-json\/wp\/v2\/types\/post"}],"author":[{"embeddable":true,"href":"http:\/\/hoycordobaweb.com\/index.php\/wp-json\/wp\/v2\/users\/1"}],"replies":[{"embeddable":true,"href":"http:\/\/hoycordobaweb.com\/index.php\/wp-json\/wp\/v2\/comments?post=37337"}],"version-history":[{"count":0,"href":"http:\/\/hoycordobaweb.com\/index.php\/wp-json\/wp\/v2\/posts\/37337\/revisions"}],"wp:attachment":[{"href":"http:\/\/hoycordobaweb.com\/index.php\/wp-json\/wp\/v2\/media?parent=37337"}],"wp:term":[{"taxonomy":"category","embeddable":true,"href":"http:\/\/hoycordobaweb.com\/index.php\/wp-json\/wp\/v2\/categories?post=37337"},{"taxonomy":"post_tag","embeddable":true,"href":"http:\/\/hoycordobaweb.com\/index.php\/wp-json\/wp\/v2\/tags?post=37337"}],"curies":[{"name":"wp","href":"https:\/\/api.w.org\/{rel}","templated":true}]}}