{"id":37303,"date":"2022-02-19T00:22:41","date_gmt":"2022-02-19T00:22:41","guid":{"rendered":"https:\/\/www.ole.com.ar\/independiente\/deuda-defensor-reclamo-millones_0_owX1E96Eml.html"},"modified":"2022-02-19T00:22:41","modified_gmt":"2022-02-19T00:22:41","slug":"embargo-en-puerta-para-el-rojo","status":"publish","type":"post","link":"http:\/\/hoycordobaweb.com\/index.php\/2022\/02\/19\/embargo-en-puerta-para-el-rojo\/","title":{"rendered":"Embargo en puerta para el Rojo"},"content":{"rendered":"<p><img src=\"http:\/\/hoycordobaweb.com\/wp-content\/uploads\/2022\/02\/embargo-en-puerta-para-el-rojo.jpg\"><\/p>\n<p>En las pr\u00f3ximas horas caer\u00e1 otro embargo en<a alt=\"club-atletico-independiente\" class=\"slug\" href=\"https:\/\/www.ole.com.ar\/tema\/club-atletico-independiente.html\" target=\"_blank\" title=\"club-atletico-independiente\" rel=\"noopener noreferrer\"> Independiente<\/a>. <a alt=\"guillermo-burdisso\" class=\"slug\" href=\"https:\/\/www.ole.com.ar\/tema\/guillermo-burdisso.html\" target=\"_blank\" title=\"guillermo-burdisso\" rel=\"noopener noreferrer\">Guillermo Burdisso<\/a>, quien estuvo en el Rojo desde mediados de 2018 hasta agosto de 2019, reclama el pago de una deuda.<\/p>\n<div class=\"sp__SM\">\n<div class=\"content-new \">\n<span class=\"tit-mobile\">Mir\u00e1 tambi\u00e9n<\/span><\/p>\n<div class=\"mg\">\n<div class=\"wrap-figure\">\n<picture>\n<a href=\"https:\/\/www.ole.com.ar\/futbol-primera\/informe-clubes-afa-socios_0_sWakwWVv5P.html\" target=\"_self\" rel=\"noopener noreferrer\"><br \/>\n<img class=\"img-responsive\" alt=\"Ranking de socios, con un grande fuera del top 5\" src=\"http:\/\/hoycordobaweb.com\/wp-content\/uploads\/2022\/02\/embargo-en-puerta-para-el-rojo-2.jpg\" loading=\"lazy\"><br \/>\n<\/a>\n<\/picture>\n<\/div>\n<\/div><\/div>\n<\/div>\n<div class=\"sp__SM\">\n<div class=\"content-new \">\n<span class=\"tit-mobile\">Mir\u00e1 tambi\u00e9n<\/span><\/p>\n<div class=\"mg\">\n<div class=\"wrap-figure\">\n<picture>\n<a href=\"https:\/\/www.ole.com.ar\/fuera-de-juego\/aguero-divertido-cruce-schiavi_0_ZjZXzp0NWv.html\" target=\"_self\" rel=\"noopener noreferrer\"><br \/>\n<img class=\"img-responsive\" alt=\"El divertido cruce entre Ag\u00fcero y Schiavi por una vieja patada\" src=\"http:\/\/hoycordobaweb.com\/wp-content\/uploads\/2022\/02\/embargo-en-puerta-para-el-rojo-3.jpg\" loading=\"lazy\"> <\/a>\n<\/picture>\n<\/div>\n<\/div><\/div>\n<\/div>\n<p><strong>El club de Avellaneda hab\u00eda llegado a un acuerdo con el zaguero para abonarle seis cuotas de 625.000 pesos, pero pag\u00f3 s\u00f3lo dos <\/strong>y no le gir\u00f3 el dinero para la tercera, por lo que el jugador se cans\u00f3 de esperar y ahora <strong>exige que le paguen todo el dinero junto (3.750.000). Adem\u00e1s pide otros 3.000.000 por intereses generados<\/strong> dado el atraso m\u00e1s los gastos de ejecuci\u00f3n pertinentes. La dirigencia tiene otro problema para resolver.<\/p>\n<div class=\"sp__SM\">\n<div class=\"content-new \">\n<span class=\"tit-mobile\">Mir\u00e1 tambi\u00e9n<\/span><\/p>\n<div class=\"mg\">\n<div class=\"wrap-figure\">\n<picture>\n<a href=\"https:\/\/www.ole.com.ar\/independiente\/segunda-fecha-rojo-cambios-liga_0_WQVKZRJGvw.html\" target=\"_self\" rel=\"noopener noreferrer\"><br \/>\n<img class=\"img-responsive\" alt=\"La formaci\u00f3n de Independiente para visitar a V\u00e9lez\" src=\"http:\/\/hoycordobaweb.com\/wp-content\/uploads\/2022\/02\/embargo-en-puerta-para-el-rojo-4.jpg\" loading=\"lazy\"><br \/>\n<\/a>\n<\/picture>\n<\/div>\n<\/div><\/div>\n<\/div>\n<p>El defensor de 33&nbsp;a\u00f1os desembarc\u00f3 en Avellaneda de la mano de Ariel Holan. All\u00ed disput\u00f3 26 partidos, convirti\u00f3 un gol y gan\u00f3 la Suruga en 2018. A mediados de 2019 tuvo que dejar el f\u00fatbol de forma temporal como consecuencia de una arritmia. Hace un mes y medio qued\u00f3 libre de Lan\u00fas y firm\u00f3 contrato con Deportivo Cali.<\/p>\n<div class=\"sp__SM\">\n<div class=\"content-new \">\n<span class=\"tit-mobile\">Mir\u00e1 tambi\u00e9n<\/span><\/p>\n<div class=\"mg\">\n<div class=\"wrap-figure\">\n<picture>\n<a href=\"https:\/\/www.ole.com.ar\/seleccion\/kun-aguero-seleccion-mundial-qatar-2022_0_FDzm12EsMk.html\" target=\"_self\" rel=\"noopener noreferrer\"><br \/>\n<img class=\"img-responsive\" alt=\"El Kun va al Mundial: &quot;Existe la idea de incorporarme al cuerpo t\u00e9cnico&quot;\" src=\"http:\/\/hoycordobaweb.com\/wp-content\/uploads\/2022\/02\/embargo-en-puerta-para-el-rojo-5.jpg\" loading=\"lazy\"><br \/>\n<\/a>\n<\/picture>\n<\/div>\n<\/div><\/div>\n<\/div>\n<p><strong>Independiente, que viene de levantar seis inhibiciones por 1.275.000 d\u00f3lares, tendr\u00e1 que cancelar otra deuda m\u00e1s. <\/strong>Adem\u00e1s, a\u00fan <strong>tiene pendiente el pago de 5.500.000 d\u00f3lares al Am\u00e9rica<\/strong> de M\u00e9xico por el pase de Cecilio Dom\u00ednguez a principios de 2019.<\/p>\n<div class=\"sp__SM\">\n<div class=\"content-new \">\n<span class=\"tit-mobile\">Mir\u00e1 tambi\u00e9n<\/span><\/p>\n<div class=\"mg\">\n<div class=\"wrap-figure\">\n<picture>\n<a href=\"https:\/\/www.ole.com.ar\/seleccion\/kun-aguero-corazon-qatar-2022-messi_0_pSM4YtE9dE.html\" target=\"_self\" rel=\"noopener noreferrer\"><br \/>\n<img class=\"img-responsive\" alt=\"Kun sin filtro: qu\u00e9 sinti\u00f3 en el coraz\u00f3n, ir a Qatar en el CT, Messi y m\u00e1s\" src=\"http:\/\/hoycordobaweb.com\/wp-content\/uploads\/2022\/02\/embargo-en-puerta-para-el-rojo-6.jpg\" loading=\"lazy\"><br \/>\n<\/a>\n<\/picture>\n<\/div>\n<\/div><\/div>\n<\/div>\n<h2><strong>Oferta por Barreto<\/strong><\/h2>\n<div class=\"sp__Normal\">\n<div class=\"image-embeb image-trigger\" readability=\"6.5\">\n<picture><source media=\"(min-width: 720px)\" srcset=\"http:\/\/hoycordobaweb.com\/wp-content\/uploads\/2022\/02\/embargo-en-puerta-para-el-rojo-7.jpg\"><img itemprop=\"image\" src=\"http:\/\/hoycordobaweb.com\/wp-content\/uploads\/2022\/02\/embargo-en-puerta-para-el-rojo-7.jpg\" loading=\"lazy\" alt=\"Sergio Barreto, en la pr\u00e1ctica del Rojo. (Foto: Prensa Independiente)\">\n<\/picture><figcaption readability=\"3\">\n<p>Sergio Barreto, en la pr\u00e1ctica del Rojo. (Foto: Prensa Independiente)\n<\/p>\n<\/figcaption><\/div>\n<\/div>\n<p>Talleres envi\u00f3 una propuesta formal para quedarse con <a alt=\"sergio-barreto\" class=\"slug\" href=\"https:\/\/www.ole.com.ar\/tema\/sergio-barreto.html\" target=\"_blank\" title=\"sergio-barreto\" rel=\"noopener noreferrer\">Sergio Barreto<\/a>. Los cordobeses ofrecieron<strong> 2.000.000 de d\u00f3lares por el el 60% del pase<\/strong> del zaguero de 22 a\u00f1os, quien es titular para Eduardo Dom\u00ednguez.<\/p>\n<p>En Avellaneda<strong> no est\u00e1n dispuestos a venderlo al f\u00fatbol argentino <\/strong>y el ofrecimiento de la T les gener\u00f3 bronca a los directivos del Rojo por las formas, ya que lleg\u00f3 en pleno desarrollo de la competencia, algo que consideraron inapropiado. Quienes conducen los destinos de la instituci\u00f3n ni siquiera&nbsp;van a responder a la propuesta de la T.<\/p>\n<div class=\"entry-tags\">\n<h2>TEMAS QUE APARECEN EN ESTA NOTA<\/h2>\n<\/p><\/div>\n","protected":false},"excerpt":{"rendered":"<p>En las pr\u00f3ximas horas caer\u00e1 otro embargo en Independiente. Guillermo Burdisso, quien estuvo en el Rojo desde mediados de 2018 hasta agosto de 2019, reclama el pago de una deuda. Mir\u00e1 tambi\u00e9n Mir\u00e1 tambi\u00e9n El club de Avellaneda hab\u00eda llegado a un acuerdo con el zaguero para abonarle seis cuotas de 625.000 pesos, pero pag\u00f3 [&hellip;]<\/p>\n","protected":false},"author":1,"featured_media":37304,"comment_status":"open","ping_status":"closed","sticky":false,"template":"","format":"standard","meta":[],"categories":[16],"tags":[],"_links":{"self":[{"href":"http:\/\/hoycordobaweb.com\/index.php\/wp-json\/wp\/v2\/posts\/37303"}],"collection":[{"href":"http:\/\/hoycordobaweb.com\/index.php\/wp-json\/wp\/v2\/posts"}],"about":[{"href":"http:\/\/hoycordobaweb.com\/index.php\/wp-json\/wp\/v2\/types\/post"}],"author":[{"embeddable":true,"href":"http:\/\/hoycordobaweb.com\/index.php\/wp-json\/wp\/v2\/users\/1"}],"replies":[{"embeddable":true,"href":"http:\/\/hoycordobaweb.com\/index.php\/wp-json\/wp\/v2\/comments?post=37303"}],"version-history":[{"count":0,"href":"http:\/\/hoycordobaweb.com\/index.php\/wp-json\/wp\/v2\/posts\/37303\/revisions"}],"wp:featuredmedia":[{"embeddable":true,"href":"http:\/\/hoycordobaweb.com\/index.php\/wp-json\/wp\/v2\/media\/37304"}],"wp:attachment":[{"href":"http:\/\/hoycordobaweb.com\/index.php\/wp-json\/wp\/v2\/media?parent=37303"}],"wp:term":[{"taxonomy":"category","embeddable":true,"href":"http:\/\/hoycordobaweb.com\/index.php\/wp-json\/wp\/v2\/categories?post=37303"},{"taxonomy":"post_tag","embeddable":true,"href":"http:\/\/hoycordobaweb.com\/index.php\/wp-json\/wp\/v2\/tags?post=37303"}],"curies":[{"name":"wp","href":"https:\/\/api.w.org\/{rel}","templated":true}]}}