{"id":373,"date":"2020-08-27T14:18:54","date_gmt":"2020-08-27T14:18:54","guid":{"rendered":"http:\/\/fono.fcm.unc.edu.ar\/?p=4939"},"modified":"2020-08-27T14:18:54","modified_gmt":"2020-08-27T14:18:54","slug":"reunion-informativa-practicas-de-ii-nivel","status":"publish","type":"post","link":"http:\/\/hoycordobaweb.com\/index.php\/2020\/08\/27\/reunion-informativa-practicas-de-ii-nivel\/","title":{"rendered":"Reuni\u00f3n informativa: Pr\u00e1cticas de II Nivel"},"content":{"rendered":"<h2 class=\"fusion-post-title\">Reuni\u00f3n informativa: Pr\u00e1cticas de II Nivel<\/h2>\n<div class=\"post-content\" readability=\"38.425531914894\">\n<p>En la sesi\u00f3n ordinaria del HCC de la Escuela de Fonoaudiolog\u00eda del d\u00eda 26 de agosto se aprob\u00f3, por unanimidad de los claustros: Docentes, Nodocentes, Egresados y Estudiantes,&nbsp; una nueva convocatoria al Llamado de Pr\u00e1cticas con la modalidad adaptada a la situaci\u00f3n sociosanitaria vigente.<\/p>\n<p><strong>D\u00eda<\/strong>: martes 1\u00b0 de septiembre<\/p>\n<p><strong>Hora<\/strong>: 10:00<\/p>\n<p><strong>Enlace para acceder a la reuni\u00f3n informartiva:&nbsp;<a href=\"https:\/\/meet.google.com\/hbc-yyjx-duj\">https:\/\/meet.google.com\/hbc-yyjx-duj<\/a><\/strong><\/p>\n<\/p><\/div>\n","protected":false},"excerpt":{"rendered":"<p>Reuni\u00f3n informativa: Pr\u00e1cticas de II Nivel En la sesi\u00f3n ordinaria del HCC de la Escuela de Fonoaudiolog\u00eda del d\u00eda 26 de agosto se aprob\u00f3, por unanimidad de los claustros: Docentes, Nodocentes, Egresados y Estudiantes,&nbsp; una nueva convocatoria al Llamado de Pr\u00e1cticas con la modalidad adaptada a la situaci\u00f3n sociosanitaria vigente. D\u00eda: martes 1\u00b0 de septiembre [&hellip;]<\/p>\n","protected":false},"author":1,"featured_media":0,"comment_status":"closed","ping_status":"closed","sticky":false,"template":"","format":"standard","meta":[],"categories":[1],"tags":[],"_links":{"self":[{"href":"http:\/\/hoycordobaweb.com\/index.php\/wp-json\/wp\/v2\/posts\/373"}],"collection":[{"href":"http:\/\/hoycordobaweb.com\/index.php\/wp-json\/wp\/v2\/posts"}],"about":[{"href":"http:\/\/hoycordobaweb.com\/index.php\/wp-json\/wp\/v2\/types\/post"}],"author":[{"embeddable":true,"href":"http:\/\/hoycordobaweb.com\/index.php\/wp-json\/wp\/v2\/users\/1"}],"replies":[{"embeddable":true,"href":"http:\/\/hoycordobaweb.com\/index.php\/wp-json\/wp\/v2\/comments?post=373"}],"version-history":[{"count":0,"href":"http:\/\/hoycordobaweb.com\/index.php\/wp-json\/wp\/v2\/posts\/373\/revisions"}],"wp:attachment":[{"href":"http:\/\/hoycordobaweb.com\/index.php\/wp-json\/wp\/v2\/media?parent=373"}],"wp:term":[{"taxonomy":"category","embeddable":true,"href":"http:\/\/hoycordobaweb.com\/index.php\/wp-json\/wp\/v2\/categories?post=373"},{"taxonomy":"post_tag","embeddable":true,"href":"http:\/\/hoycordobaweb.com\/index.php\/wp-json\/wp\/v2\/tags?post=373"}],"curies":[{"name":"wp","href":"https:\/\/api.w.org\/{rel}","templated":true}]}}