{"id":37277,"date":"2022-02-18T18:28:13","date_gmt":"2022-02-18T18:28:13","guid":{"rendered":"https:\/\/fono.fcm.unc.edu.ar\/?p=8454"},"modified":"2022-02-18T18:28:13","modified_gmt":"2022-02-18T18:28:13","slug":"18-de-febrero-dia-internacional-del-sindrome-de-asperger","status":"publish","type":"post","link":"http:\/\/hoycordobaweb.com\/index.php\/2022\/02\/18\/18-de-febrero-dia-internacional-del-sindrome-de-asperger\/","title":{"rendered":"18 de febrero: D\u00eda Internacional del S\u00edndrome de Asperger"},"content":{"rendered":"<h2 class=\"fusion-post-title\">18 de febrero: D\u00eda Internacional del S\u00edndrome de Asperger<\/h2>\n<div class=\"post-content\" readability=\"46\">\n<p><img loading=\"lazy\" class=\"size-fusion-400 wp-image-8455 alignright\" src=\"https:\/\/fono.fcm.unc.edu.ar\/wp-content\/uploads\/sites\/14\/2022\/02\/WhatsApp-Image-2022-02-18-at-13.41.53-400x400.jpeg\" alt width=\"400\" height=\"400\" srcset=\"https:\/\/fono.fcm.unc.edu.ar\/wp-content\/uploads\/sites\/14\/2022\/02\/WhatsApp-Image-2022-02-18-at-13.41.53-66x66.jpeg 66w, https:\/\/fono.fcm.unc.edu.ar\/wp-content\/uploads\/sites\/14\/2022\/02\/WhatsApp-Image-2022-02-18-at-13.41.53-150x150.jpeg 150w, https:\/\/fono.fcm.unc.edu.ar\/wp-content\/uploads\/sites\/14\/2022\/02\/WhatsApp-Image-2022-02-18-at-13.41.53-200x200.jpeg 200w, https:\/\/fono.fcm.unc.edu.ar\/wp-content\/uploads\/sites\/14\/2022\/02\/WhatsApp-Image-2022-02-18-at-13.41.53-300x300.jpeg 300w, https:\/\/fono.fcm.unc.edu.ar\/wp-content\/uploads\/sites\/14\/2022\/02\/WhatsApp-Image-2022-02-18-at-13.41.53-400x400.jpeg 400w, https:\/\/fono.fcm.unc.edu.ar\/wp-content\/uploads\/sites\/14\/2022\/02\/WhatsApp-Image-2022-02-18-at-13.41.53-600x600.jpeg 600w, https:\/\/fono.fcm.unc.edu.ar\/wp-content\/uploads\/sites\/14\/2022\/02\/WhatsApp-Image-2022-02-18-at-13.41.53-768x768.jpeg 768w, https:\/\/fono.fcm.unc.edu.ar\/wp-content\/uploads\/sites\/14\/2022\/02\/WhatsApp-Image-2022-02-18-at-13.41.53.jpeg 800w\" sizes=\"(max-width: 400px) 100vw, 400px\">Cada 18 de febrero se conmemora el&nbsp; \u00abD\u00eda Internacional del S\u00edndrome de Asperger\u00bb en memoria del nacimiento de Hans Asperger, quien describi\u00f3 por primera vez este s\u00edndrome.<\/p>\n<p>Es necesario avanzar en la sensibilizaci\u00f3n y concientizaci\u00f3n de toda la sociedad&nbsp; a fin de la inclusi\u00f3n de las personas con Asperger.<\/p>\n<p>Como profesionales especialistas en la comunicaci\u00f3n humana, desde la fonoaudiolog\u00eda destacamos&nbsp; la importancia de la detecci\u00f3n oportuna y la atenci\u00f3n integral que favorezca la inclusi\u00f3n en las \u00e1reas de&nbsp; educaci\u00f3n, trabajo, recreaci\u00f3n, vivienda, etc.<\/p>\n<\/p><\/div>\n","protected":false},"excerpt":{"rendered":"<p>18 de febrero: D\u00eda Internacional del S\u00edndrome de Asperger Cada 18 de febrero se conmemora el&nbsp; \u00abD\u00eda Internacional del S\u00edndrome de Asperger\u00bb en memoria del nacimiento de Hans Asperger, quien describi\u00f3 por primera vez este s\u00edndrome. Es necesario avanzar en la sensibilizaci\u00f3n y concientizaci\u00f3n de toda la sociedad&nbsp; a fin de la inclusi\u00f3n de las [&hellip;]<\/p>\n","protected":false},"author":1,"featured_media":0,"comment_status":"closed","ping_status":"closed","sticky":false,"template":"","format":"standard","meta":[],"categories":[1],"tags":[],"_links":{"self":[{"href":"http:\/\/hoycordobaweb.com\/index.php\/wp-json\/wp\/v2\/posts\/37277"}],"collection":[{"href":"http:\/\/hoycordobaweb.com\/index.php\/wp-json\/wp\/v2\/posts"}],"about":[{"href":"http:\/\/hoycordobaweb.com\/index.php\/wp-json\/wp\/v2\/types\/post"}],"author":[{"embeddable":true,"href":"http:\/\/hoycordobaweb.com\/index.php\/wp-json\/wp\/v2\/users\/1"}],"replies":[{"embeddable":true,"href":"http:\/\/hoycordobaweb.com\/index.php\/wp-json\/wp\/v2\/comments?post=37277"}],"version-history":[{"count":0,"href":"http:\/\/hoycordobaweb.com\/index.php\/wp-json\/wp\/v2\/posts\/37277\/revisions"}],"wp:attachment":[{"href":"http:\/\/hoycordobaweb.com\/index.php\/wp-json\/wp\/v2\/media?parent=37277"}],"wp:term":[{"taxonomy":"category","embeddable":true,"href":"http:\/\/hoycordobaweb.com\/index.php\/wp-json\/wp\/v2\/categories?post=37277"},{"taxonomy":"post_tag","embeddable":true,"href":"http:\/\/hoycordobaweb.com\/index.php\/wp-json\/wp\/v2\/tags?post=37277"}],"curies":[{"name":"wp","href":"https:\/\/api.w.org\/{rel}","templated":true}]}}