{"id":37262,"date":"2022-02-17T13:43:18","date_gmt":"2022-02-17T13:43:18","guid":{"rendered":"https:\/\/www.mujerhoy.com\/moda\/no-te-pierdas\/caftan-elegante-tendencia-primavera-verano-hym-20220217080126-nt.html"},"modified":"2022-02-17T13:43:18","modified_gmt":"2022-02-17T13:43:18","slug":"la-nueva-coleccion-de-hm-tiene-los-espectaculares-caftanes-con-los-que-arrasaras-en-primavera-verano-en-un-look-super-favorecedor-y-elegante","status":"publish","type":"post","link":"http:\/\/hoycordobaweb.com\/index.php\/2022\/02\/17\/la-nueva-coleccion-de-hm-tiene-los-espectaculares-caftanes-con-los-que-arrasaras-en-primavera-verano-en-un-look-super-favorecedor-y-elegante\/","title":{"rendered":"La nueva colecci\u00f3n de H&amp;M tiene los espectaculares caftanes con los que arrasar\u00e1s en primavera-verano en un look super favorecedor y elegante"},"content":{"rendered":"<p><!-- AUTHOR --><!-- COMPONENTS --><\/p>\n<p class=\"voc-paragraph\">Esta temporada, la industria de la moda ha decidido recuperar <strong>las tendencias m\u00e1s favorecedoras<\/strong> de todas y cada una de las d\u00e9cadas pasadas. La silueta reloj de arena de los 50, los <a data-voc-vtm-id=\"in-text-traffic\" href=\"https:\/\/www.mujerhoy.com\/moda\/tendencias\/conjuntos-tweed-chaqueta-falda-pantalon-vestido-looks-elegantes-tendencia-mango-20220205094719-nt.html\">conjuntitos de tweed de los 60<\/a>, el boho chic de los 70, los <a data-voc-vtm-id=\"in-text-traffic\" href=\"https:\/\/www.mujerhoy.com\/moda\/no-te-pierdas\/ropa-fiesta-nueva-coleccion-hm-favoritas-influencers-famosas-look-glamuroso-original-20211213075849-nt.html\">vol\u00famenes de los 80<\/a>, el minimal de los 90 y <a data-voc-vtm-id=\"in-text-traffic\" href=\"https:\/\/www.mujerhoy.com\/moda\/tendencias\/pantalones-cargo-comodos-estilosas-tendencia-low-cost-20220106131403-nt.html\">los cargo de los 2.000<\/a>. Nuestro armario es ahora un repaso por la historia fashion.\n<\/p>\n<p class=\"voc-paragraph\">No nos podemos quejar, porque este momento tan ecl\u00e9ctico le da la oportunidad de regresar a ciertas piezas que son tan c\u00f3modas como extremadamente distinguidas. Estamos pensando en el <strong>caft\u00e1n<\/strong>, ese vestido de ra\u00edces orientales que <strong>Bianca Jagger<\/strong> y <strong>Halston<\/strong> encumbraron como la prenda sensual, confortable, femenina, elegante, glamurosa e irresistible que es. Su vuelta se intuy\u00f3 en desfiles como los de <strong>Carolina Herrera<\/strong> o <strong>Valentino<\/strong> y, ahora, <strong>aterriza en el low cost gracias a H&amp;M<\/strong>.\n<\/p>\n<div class=\"voc-detail-photo-zoom\"><picture data-toggle=\"modal\" data-target=\"#photoZoomModal-883\" target=\"modal\">\n<div class=\"voc-img-icon-link\"><img loading=\"lazy\" data-original=\"\/\/static3.mujerhoy.com\/www\/multimedia\/202202\/17\/media\/cortadas\/hmcaftan-rojo-k8jG--460x637@MujerHoy.jpg\" class=\"lazy\"><noscript><img src=\"http:\/\/hoycordobaweb.com\/wp-content\/uploads\/2022\/02\/la-nueva-coleccion-de-hm-tiene-los-espectaculares-caftanes-con-los-que-arrasaras-en-primavera-verano-en-un-look-super-favorecedor-y-elegante.jpg\"><\/noscript><i class=\"voc-icons zoom voc-multimedia-box voc-ico-l\"><\/i><\/div><figcaption class=\"figure-caption\"><\/figcaption><\/picture><\/div>\n<div id=\"photoZoomModal-883\" class=\"voc-lightbox modal fade voc-lightbox--photo-zoom\" role=\"dialog\" data-voc-photozoom-lightbox>\n<div class=\"voc-lightbox__dialog\" role=\"document\">\n<div class=\"voc-lightbox__content\"><!-- Modal header --><!-- Modal content --><\/p>\n<div class=\"voc-lightbox__photo-container\"><picture class><img loading=\"lazy\" data-original=\"\/\/static3.mujerhoy.com\/www\/multimedia\/202202\/17\/media\/cortadas\/hmcaftan-rojo-k8jG--460x637@MujerHoy.jpg\" class=\"lazy\"><noscript><img src=\"http:\/\/hoycordobaweb.com\/wp-content\/uploads\/2022\/02\/la-nueva-coleccion-de-hm-tiene-los-espectaculares-caftanes-con-los-que-arrasaras-en-primavera-verano-en-un-look-super-favorecedor-y-elegante.jpg\"><\/noscript><\/picture><\/div>\n<\/div>\n<\/div>\n<\/div>\n<p class=\"voc-paragraph\">El primer dise\u00f1o de H&amp;M se trata de un glamuroso <strong>caft\u00e1n con corte capa asim\u00e9trico<\/strong>. Tiene cuello alto, largo tobillero, mangas tres cuartos fluidas con volumen y cierre de l\u00e1grima en la noca, con una impresionante ca\u00edda, en un favorecedor <strong>tono rojo vivo<\/strong>. Su precio es de 39,99 euros y el rango de tallaje va de la XS a la XXL. Lo \u00fanico malo de este modelo es que ha sido llegar a la web y agotar sus existencias, aunque est\u00e1 la opci\u00f3n de la lista de espera, ya que no est\u00e1 disponible en tienda.\n<\/p>\n<div class=\"voc-detail-photo-zoom\"><picture data-toggle=\"modal\" data-target=\"#photoZoomModal-252\" target=\"modal\">\n<div class=\"voc-img-icon-link\"><img loading=\"lazy\" data-original=\"\/\/static2.mujerhoy.com\/www\/multimedia\/202202\/17\/media\/cortadas\/hm-carfan-floral-k8jG--460x637@MujerHoy.jpg\" class=\"lazy\"><noscript><img src=\"http:\/\/hoycordobaweb.com\/wp-content\/uploads\/2022\/02\/la-nueva-coleccion-de-hm-tiene-los-espectaculares-caftanes-con-los-que-arrasaras-en-primavera-verano-en-un-look-super-favorecedor-y-elegante-1.jpg\"><\/noscript><i class=\"voc-icons zoom voc-multimedia-box voc-ico-l\"><\/i><\/div><figcaption class=\"figure-caption\"><\/figcaption><\/picture><\/div>\n<div id=\"photoZoomModal-252\" class=\"voc-lightbox modal fade voc-lightbox--photo-zoom\" role=\"dialog\" data-voc-photozoom-lightbox>\n<div class=\"voc-lightbox__dialog\" role=\"document\">\n<div class=\"voc-lightbox__content\"><!-- Modal header --><!-- Modal content --><\/p>\n<div class=\"voc-lightbox__photo-container\"><picture class><img loading=\"lazy\" data-original=\"\/\/static2.mujerhoy.com\/www\/multimedia\/202202\/17\/media\/cortadas\/hm-carfan-floral-k8jG--460x637@MujerHoy.jpg\" class=\"lazy\"><noscript><img src=\"http:\/\/hoycordobaweb.com\/wp-content\/uploads\/2022\/02\/la-nueva-coleccion-de-hm-tiene-los-espectaculares-caftanes-con-los-que-arrasaras-en-primavera-verano-en-un-look-super-favorecedor-y-elegante-1.jpg\"><\/noscript><\/picture><\/div>\n<\/div>\n<\/div>\n<\/div>\n<p class=\"voc-paragraph\">El siguiente es un <strong>caft\u00e1n largo confeccionado en mezcla de lyocell con estampado floral<\/strong>. El cuello y el bajo se decoran con volantes, su silueta es amplia y fluida y, la manga corta cuenta con cordones ajustables que la recogen. Adem\u00e1s, tiene un bonito tono rojo anaranjado. Ideal para la primavera.\n<\/p>\n<p class=\"voc-paragraph\">Disponible de las tallas XS a la XXL con el mismo coste que el anterior, 39,99 euros.\n<\/p>\n<div class=\"voc-detail-photo-zoom\"><picture data-toggle=\"modal\" data-target=\"#photoZoomModal-493\" target=\"modal\">\n<div class=\"voc-img-icon-link\"><img loading=\"lazy\" data-original=\"\/\/static2.mujerhoy.com\/www\/multimedia\/202202\/17\/media\/cortadas\/hm-carftan-morado-k8jG--460x637@MujerHoy.jpg\" class=\"lazy\"><noscript><img src=\"http:\/\/hoycordobaweb.com\/wp-content\/uploads\/2022\/02\/la-nueva-coleccion-de-hm-tiene-los-espectaculares-caftanes-con-los-que-arrasaras-en-primavera-verano-en-un-look-super-favorecedor-y-elegante-2.jpg\"><\/noscript><i class=\"voc-icons zoom voc-multimedia-box voc-ico-l\"><\/i><\/div><figcaption class=\"figure-caption\"><\/figcaption><\/picture><\/div>\n<div id=\"photoZoomModal-493\" class=\"voc-lightbox modal fade voc-lightbox--photo-zoom\" role=\"dialog\" data-voc-photozoom-lightbox>\n<div class=\"voc-lightbox__dialog\" role=\"document\">\n<div class=\"voc-lightbox__content\"><!-- Modal header --><!-- Modal content --><\/p>\n<div class=\"voc-lightbox__photo-container\"><picture class><img loading=\"lazy\" data-original=\"\/\/static2.mujerhoy.com\/www\/multimedia\/202202\/17\/media\/cortadas\/hm-carftan-morado-k8jG--460x637@MujerHoy.jpg\" class=\"lazy\"><noscript><img src=\"http:\/\/hoycordobaweb.com\/wp-content\/uploads\/2022\/02\/la-nueva-coleccion-de-hm-tiene-los-espectaculares-caftanes-con-los-que-arrasaras-en-primavera-verano-en-un-look-super-favorecedor-y-elegante-2.jpg\"><\/noscript><\/picture><\/div>\n<\/div>\n<\/div>\n<\/div>\n<p class=\"voc-paragraph\">Otra opci\u00f3n en un tono muy popular esta temporada es este <strong>caft\u00e1n satinado largo y fluido en un morado intenso<\/strong>. Con escote pico y mangas tres cuartos amplias, tiene <strong>volantes con maxivolumen<\/strong> en la parte delantera del cuerpo que se prolongan hasta el bajo, mientras que la silueta de la falda es recta. Este dise\u00f1o a 59,99 euros tambi\u00e9n se est\u00e1 agotando por segundo, as\u00ed que te recomendamos que no pierdas el tiempo si quieres hacerte con \u00e9l.\n<\/p>\n<div class=\"voc-detail-photo-zoom\"><picture data-toggle=\"modal\" data-target=\"#photoZoomModal-960\" target=\"modal\">\n<div class=\"voc-img-icon-link\"><img loading=\"lazy\" data-original=\"\/\/static3.mujerhoy.com\/www\/multimedia\/202202\/17\/media\/cortadas\/hm-carftan-lila-k8jG--460x637@MujerHoy.jpg\" class=\"lazy\"><noscript><img src=\"http:\/\/hoycordobaweb.com\/wp-content\/uploads\/2022\/02\/la-nueva-coleccion-de-hm-tiene-los-espectaculares-caftanes-con-los-que-arrasaras-en-primavera-verano-en-un-look-super-favorecedor-y-elegante-3.jpg\"><\/noscript><i class=\"voc-icons zoom voc-multimedia-box voc-ico-l\"><\/i><\/div><figcaption class=\"figure-caption\"><\/figcaption><\/picture><\/div>\n<div id=\"photoZoomModal-960\" class=\"voc-lightbox modal fade voc-lightbox--photo-zoom\" role=\"dialog\" data-voc-photozoom-lightbox>\n<div class=\"voc-lightbox__dialog\" role=\"document\">\n<div class=\"voc-lightbox__content\"><!-- Modal header --><!-- Modal content --><\/p>\n<div class=\"voc-lightbox__photo-container\"><picture class><img loading=\"lazy\" data-original=\"\/\/static3.mujerhoy.com\/www\/multimedia\/202202\/17\/media\/cortadas\/hm-carftan-lila-k8jG--460x637@MujerHoy.jpg\" class=\"lazy\"><noscript><img src=\"http:\/\/hoycordobaweb.com\/wp-content\/uploads\/2022\/02\/la-nueva-coleccion-de-hm-tiene-los-espectaculares-caftanes-con-los-que-arrasaras-en-primavera-verano-en-un-look-super-favorecedor-y-elegante-3.jpg\"><\/noscript><\/picture><\/div>\n<\/div>\n<\/div>\n<\/div>\n<p class=\"voc-paragraph\">Seguimos con este <strong>caft\u00e1n amplio en tejido jacquard<\/strong>. Este dise\u00f1o se caracteriza por su silueta recta, escote de pico discreto, <strong>mangas largas y amplias estilo japon\u00e9s<\/strong> que tienen aberturas en el bajo, canes\u00fa el\u00e1stico en la espalda, <strong>cintur\u00f3n de lazada<\/strong> y <strong>patr\u00f3n floral<\/strong>, en tono lila claro. Est\u00e1 disponible en tienda y en web con un coste de 49,99 euros.\n<\/p>\n<div class=\"voc-detail-photo-zoom\"><picture data-toggle=\"modal\" data-target=\"#photoZoomModal-242\" target=\"modal\">\n<div class=\"voc-img-icon-link\"><img loading=\"lazy\" data-original=\"\/\/static2.mujerhoy.com\/www\/multimedia\/202202\/17\/media\/cortadas\/hm-caftan-blanco-k8jG--460x637@MujerHoy.jpg\" class=\"lazy\"><noscript><img src=\"http:\/\/hoycordobaweb.com\/wp-content\/uploads\/2022\/02\/la-nueva-coleccion-de-hm-tiene-los-espectaculares-caftanes-con-los-que-arrasaras-en-primavera-verano-en-un-look-super-favorecedor-y-elegante-4.jpg\"><\/noscript><i class=\"voc-icons zoom voc-multimedia-box voc-ico-l\"><\/i><\/div><figcaption class=\"figure-caption\"><\/figcaption><\/picture><\/div>\n<div id=\"photoZoomModal-242\" class=\"voc-lightbox modal fade voc-lightbox--photo-zoom\" role=\"dialog\" data-voc-photozoom-lightbox>\n<div class=\"voc-lightbox__dialog\" role=\"document\">\n<div class=\"voc-lightbox__content\"><!-- Modal header --><!-- Modal content --><\/p>\n<div class=\"voc-lightbox__photo-container\"><picture class><img loading=\"lazy\" data-original=\"\/\/static2.mujerhoy.com\/www\/multimedia\/202202\/17\/media\/cortadas\/hm-caftan-blanco-k8jG--460x637@MujerHoy.jpg\" class=\"lazy\"><noscript><img src=\"http:\/\/hoycordobaweb.com\/wp-content\/uploads\/2022\/02\/la-nueva-coleccion-de-hm-tiene-los-espectaculares-caftanes-con-los-que-arrasaras-en-primavera-verano-en-un-look-super-favorecedor-y-elegante-4.jpg\"><\/noscript><\/picture><\/div>\n<\/div>\n<\/div>\n<\/div>\n<p class=\"voc-paragraph\">Y, por \u00faltimo, un <strong>vestido caft\u00e1n confeccionado en tejido grueso de jacquard con borados de hilo brillante<\/strong>. Cuenta con escote en v, manga corta y amplia con remate ancho, detalle fruncido en la espalda para mayor volumen y dise\u00f1o recto. Color blanco, est\u00e1 a puntito de agotarse y no puedes perder la oportunidad de comprarlo, por 79,99 euros.\n<\/p>\n<div class=\"voc-detail__cmp voc-detail__cmp--pad-lr voc-detail__cmp--pad-lr--bdr\">\n<div class=\"voc-ficha-detail__wrapper\">\n<section class=\"voc-ficha-detail\">\n<h4 class=\"voc-ficha-detail-title voc-title-section\">Te recomendamos<\/h4>\n<\/section>\n<\/div>\n<\/div>\n<p><!-- TOPICS --><\/p>\n","protected":false},"excerpt":{"rendered":"<p>Esta temporada, la industria de la moda ha decidido recuperar las tendencias m\u00e1s favorecedoras de todas y cada una de las d\u00e9cadas pasadas. La silueta reloj de arena de los 50, los conjuntitos de tweed de los 60, el boho chic de los 70, los vol\u00famenes de los 80, el minimal de los 90 y [&hellip;]<\/p>\n","protected":false},"author":1,"featured_media":37263,"comment_status":"closed","ping_status":"closed","sticky":false,"template":"","format":"standard","meta":[],"categories":[1],"tags":[],"_links":{"self":[{"href":"http:\/\/hoycordobaweb.com\/index.php\/wp-json\/wp\/v2\/posts\/37262"}],"collection":[{"href":"http:\/\/hoycordobaweb.com\/index.php\/wp-json\/wp\/v2\/posts"}],"about":[{"href":"http:\/\/hoycordobaweb.com\/index.php\/wp-json\/wp\/v2\/types\/post"}],"author":[{"embeddable":true,"href":"http:\/\/hoycordobaweb.com\/index.php\/wp-json\/wp\/v2\/users\/1"}],"replies":[{"embeddable":true,"href":"http:\/\/hoycordobaweb.com\/index.php\/wp-json\/wp\/v2\/comments?post=37262"}],"version-history":[{"count":0,"href":"http:\/\/hoycordobaweb.com\/index.php\/wp-json\/wp\/v2\/posts\/37262\/revisions"}],"wp:featuredmedia":[{"embeddable":true,"href":"http:\/\/hoycordobaweb.com\/index.php\/wp-json\/wp\/v2\/media\/37263"}],"wp:attachment":[{"href":"http:\/\/hoycordobaweb.com\/index.php\/wp-json\/wp\/v2\/media?parent=37262"}],"wp:term":[{"taxonomy":"category","embeddable":true,"href":"http:\/\/hoycordobaweb.com\/index.php\/wp-json\/wp\/v2\/categories?post=37262"},{"taxonomy":"post_tag","embeddable":true,"href":"http:\/\/hoycordobaweb.com\/index.php\/wp-json\/wp\/v2\/tags?post=37262"}],"curies":[{"name":"wp","href":"https:\/\/api.w.org\/{rel}","templated":true}]}}