{"id":37256,"date":"2022-02-18T00:21:52","date_gmt":"2022-02-18T00:21:52","guid":{"rendered":"https:\/\/www.ole.com.ar\/river-plate\/river-barco-gallardo-libertadores_0_cplUOUoQKX.html"},"modified":"2022-02-18T00:21:52","modified_gmt":"2022-02-18T00:21:52","slug":"barco-mi-sueno-es-ganar-la-libertadores-con-river","status":"publish","type":"post","link":"http:\/\/hoycordobaweb.com\/index.php\/2022\/02\/18\/barco-mi-sueno-es-ganar-la-libertadores-con-river\/","title":{"rendered":"Barco: \u00abMi sue\u00f1o es ganar la Libertadores con River\u00bb"},"content":{"rendered":"<p><img src=\"http:\/\/hoycordobaweb.com\/wp-content\/uploads\/2022\/02\/barco-mi-sueno-es-ganar-la-libertadores-con-river.jpg\"><\/p>\n<p>\u00abDecid\u00ed volver a Argentina porque necesitaba un cambio de aire, tanto en lo futbol\u00edstico como en la vida personal. Poder volver a estar cerca de mi familia, que es lo m\u00e1s importante\u00bb. <strong><a alt=\"esequiel-barco\" class=\"slug\" href=\"https:\/\/www.ole.com.ar\/tema\/esequiel-barco.html\" target=\"_blank\" title=\"esequiel-barco\" rel=\"noopener noreferrer\">Esequiel Barco<\/a><\/strong> no coloca el objetivo en la cima de prioridades que lo impulsaron a elegir regresar al pa\u00eds para jugar en el equipo de <strong><a alt=\"marcelo-gallardo\" class=\"slug\" href=\"https:\/\/www.ole.com.ar\/tema\/marcelo-gallardo.html\" target=\"_blank\" title=\"marcelo-gallardo\" rel=\"noopener noreferrer\">Marcelo Gallardo<\/a><\/strong>. Sin embargo, es evidente que la zanahoria de levantar la Copa m\u00e1s preciada de Sudam\u00e9rica influy\u00f3 en su determinaci\u00f3n. <strong>\u00abMi sue\u00f1o es ganar la Libertadores con River. Es algo muy lindo<\/strong>. Me lo han comentado Juli (\u00c1lvarez) y otros compa\u00f1eros, adem\u00e1s es un torneo que uno siempre se imagina ganar desde chico. <strong>Y ahora estoy en un plantel para poder lograrlo\u00bb<\/strong>, dijo el ex Independiente y Atlanta United en la cuenta de Facebook de la Liga Profesional de F\u00fatbol.<\/p>\n<div class=\"sp__SM\">\n<div class=\"content-new \">\n<span class=\"tit-mobile\">Mir\u00e1 tambi\u00e9n<\/span><\/p>\n<div class=\"mg\">\n<div class=\"wrap-figure\">\n<picture>\n<a href=\"https:\/\/www.ole.com.ar\/river-plate\/river-rojas-palavecino-cruz-gallardo_0_StwLWM5NDr.html\" target=\"_self\" rel=\"noopener noreferrer\"><br \/>\n<img class=\"img-responsive\" alt=\"El alta de Rojas y dos buenas m\u00e1s para Gallardo\" src=\"http:\/\/hoycordobaweb.com\/wp-content\/uploads\/2022\/02\/barco-mi-sueno-es-ganar-la-libertadores-con-river-2.jpg\" loading=\"lazy\"><br \/>\n<\/a>\n<\/picture>\n<\/div>\n<\/div><\/div>\n<\/div>\n<p><strong>Barco<\/strong> jug\u00f3 el segundo tiempo en la derrota frente a Uni\u00f3n y fue titular (sum\u00f3 65 minutos) en la goleada ante Patronato, aunque <strong>todav\u00eda no logr\u00f3 desplegar todo su potencial<\/strong>, <a href=\"https:\/\/www.ole.com.ar\/river-plate\/enzo-francescoli-barco-ortega-river_0_ZwPuJEage0.html\" target=\"_blank\" rel=\"noopener noreferrer\"><strong>que impuls\u00f3 a Enzo Francescoli a compararlo, en alg\u00fan punto, con Ariel Ortega<\/strong><\/a>. \u00abRiver y Marcelo se mostraron muy interesados en m\u00ed y eso lo hace sentir querido al jugador\u00bb, explic\u00f3 el volante. Y cont\u00f3 que \u00abextra\u00f1aba el f\u00fatbol argentino por la pasi\u00f3n con la que se vive\u00bb.<\/p>\n<p>Con respecto a su presente, el picante ex Independiente destac\u00f3 que <strong>\u00abRiver es el mejor equipo de la Argentina por todo lo que gan\u00f3 en los \u00faltimos a\u00f1os\u00bb<\/strong> y explic\u00f3 que \u00abtodos los equipos nos quieren ganar y mostrarse, adem\u00e1s de que es una liga muy intensa y muy pareja\u00bb.<\/p>\n<div class=\"sp__SM\">\n<div class=\"content-new \">\n<span class=\"tit-mobile\">Mir\u00e1 tambi\u00e9n<\/span><\/p>\n<div class=\"mg\">\n<div class=\"wrap-figure\">\n<picture>\n<a href=\"https:\/\/www.ole.com.ar\/racing\/pitana-penal-racing-defensa-justicia_0_WpbwtKXfTm.html\" target=\"_self\" rel=\"noopener noreferrer\"><br \/>\n<img class=\"img-responsive\" alt=\"Pitana: de la pol\u00e9mica a otro penal que hizo ruido\" src=\"http:\/\/hoycordobaweb.com\/wp-content\/uploads\/2022\/02\/barco-mi-sueno-es-ganar-la-libertadores-con-river-3.jpg\" loading=\"lazy\"><br \/>\n<\/a>\n<\/picture>\n<\/div>\n<\/div><\/div>\n<\/div>\n<h2><strong>Lo mejor de Barco en River<\/strong><\/h2>\n<div class=\"entry-tags\">\n<h2>TEMAS QUE APARECEN EN ESTA NOTA<\/h2>\n<\/p><\/div>\n","protected":false},"excerpt":{"rendered":"<p>\u00abDecid\u00ed volver a Argentina porque necesitaba un cambio de aire, tanto en lo futbol\u00edstico como en la vida personal. Poder volver a estar cerca de mi familia, que es lo m\u00e1s importante\u00bb. Esequiel Barco no coloca el objetivo en la cima de prioridades que lo impulsaron a elegir regresar al pa\u00eds para jugar en el [&hellip;]<\/p>\n","protected":false},"author":1,"featured_media":37257,"comment_status":"open","ping_status":"closed","sticky":false,"template":"","format":"standard","meta":[],"categories":[16],"tags":[],"_links":{"self":[{"href":"http:\/\/hoycordobaweb.com\/index.php\/wp-json\/wp\/v2\/posts\/37256"}],"collection":[{"href":"http:\/\/hoycordobaweb.com\/index.php\/wp-json\/wp\/v2\/posts"}],"about":[{"href":"http:\/\/hoycordobaweb.com\/index.php\/wp-json\/wp\/v2\/types\/post"}],"author":[{"embeddable":true,"href":"http:\/\/hoycordobaweb.com\/index.php\/wp-json\/wp\/v2\/users\/1"}],"replies":[{"embeddable":true,"href":"http:\/\/hoycordobaweb.com\/index.php\/wp-json\/wp\/v2\/comments?post=37256"}],"version-history":[{"count":0,"href":"http:\/\/hoycordobaweb.com\/index.php\/wp-json\/wp\/v2\/posts\/37256\/revisions"}],"wp:featuredmedia":[{"embeddable":true,"href":"http:\/\/hoycordobaweb.com\/index.php\/wp-json\/wp\/v2\/media\/37257"}],"wp:attachment":[{"href":"http:\/\/hoycordobaweb.com\/index.php\/wp-json\/wp\/v2\/media?parent=37256"}],"wp:term":[{"taxonomy":"category","embeddable":true,"href":"http:\/\/hoycordobaweb.com\/index.php\/wp-json\/wp\/v2\/categories?post=37256"},{"taxonomy":"post_tag","embeddable":true,"href":"http:\/\/hoycordobaweb.com\/index.php\/wp-json\/wp\/v2\/tags?post=37256"}],"curies":[{"name":"wp","href":"https:\/\/api.w.org\/{rel}","templated":true}]}}