{"id":37246,"date":"2022-02-17T12:26:27","date_gmt":"2022-02-17T12:26:27","guid":{"rendered":"https:\/\/ladecimaweb.com\/?p=12655"},"modified":"2022-02-17T12:26:27","modified_gmt":"2022-02-17T12:26:27","slug":"schiaretti-volvio-a-reclamar-una-distribucion-equitativa-de-los-subsidios","status":"publish","type":"post","link":"http:\/\/hoycordobaweb.com\/index.php\/2022\/02\/17\/schiaretti-volvio-a-reclamar-una-distribucion-equitativa-de-los-subsidios\/","title":{"rendered":"Schiaretti volvi\u00f3 a reclamar una distribuci\u00f3n equitativa de los subsidios"},"content":{"rendered":"<p>Durante la presentaci\u00f3n del nuevo hospital del noroeste en el Centro C\u00edvico, el gobernador volvi\u00f3 a reclamar ayer en su discurso <strong>por un mayor federalismo y una distribuci\u00f3n equitativa<\/strong>\u00a0de los subsidios: \u201c<em>Es injusto que la Naci\u00f3n distribuya los subsidios como el a\u00f1o pasado, que gast\u00f3 189 mil millones de pesos, y 161 mil millones se quedaron en el Amba, que es Capital Federal y el conurbano bonaerense; mientras que solo vinieron al interior del pa\u00eds 28 mil millones de pesos. Esta situaci\u00f3n es absolutamente injusta y debe ser cambiada\u201d.<\/em><\/p>\n<p>En este sentido, sostuvo:\u00a0<strong><em>\u00abNo es soluci\u00f3n que le quiten los subsidios a una jurisdicci\u00f3n como es CABA para intentar mitigar la injusticia que hay en el interior de la Patria\u00bb<\/em><\/strong>. \u201c<em><strong>Nosotros queremos que haya una ley que diga, con par\u00e1metros objetivos, c\u00f3mo se reparten los subsidios y que llegue a las 24 jurisdicciones, a las 23 provincias y a la Ciudad Aut\u00f3noma de Buenos Aires<\/strong>. Eso es ser racional, equitativo, federal, eso es cuidar la Patria de los argentinos, consideramos a todos iguales\u201d.<\/em><\/p>\n<p>Schiaretti remarc\u00f3 la necesidad de un trato igualitario y exigi\u00f3 que AySA, Edenor y Edesur sean transferidas al Amba:<em>\u00a0\u201cQue Provincia y Ciudad Aut\u00f3noma de Buenos Aires se hagan cargo del agua y las cloacas, como en el interior nos hacemos cargo.\u00a0<strong>Hacer esto es avanzar hacia una Argentina federal y C\u00f3rdoba no va a callar su voz\u201d.<\/strong><\/em><\/p>\n<div class=\"ubm_banner\"><a href=\"https:\/\/www.cba.gov.ar\/10-https:\/\/www.cba.gov.ar\/10-mil-viviendas\/?csrt=8333084810548506306\" target=\"_blank\" rel=\"dofollow noopener noreferrer\"><img src=\"http:\/\/hoycordobaweb.com\/wp-content\/uploads\/2022\/02\/schiaretti-volvio-a-reclamar-una-distribucion-equitativa-de-los-subsidios.gif\" alt=\"\"><\/a><\/div>\n<p>La entrada <a rel=\"nofollow\" href=\"https:\/\/ladecimaweb.com\/schiaretti-volvio-a-reclamar-una-distribucion-equitativa-de-los-subsidios\/\">Schiaretti volvi\u00f3 a reclamar una distribuci\u00f3n equitativa de los subsidios<\/a> se public\u00f3 primero en <a rel=\"nofollow\" href=\"https:\/\/ladecimaweb.com\">LaDecima<\/a>.<\/p>\n","protected":false},"excerpt":{"rendered":"<p>Durante la presentaci\u00f3n del nuevo hospital del noroeste en el Centro C\u00edvico, el gobernador volvi\u00f3 a reclamar ayer en su discurso por un mayor federalismo y una distribuci\u00f3n equitativa\u00a0de los subsidios: \u201cEs injusto que la Naci\u00f3n distribuya los subsidios como el a\u00f1o pasado, que gast\u00f3 189 mil millones de pesos, y 161 mil millones se [&hellip;]<\/p>\n","protected":false},"author":1,"featured_media":37247,"comment_status":"closed","ping_status":"closed","sticky":false,"template":"","format":"standard","meta":[],"categories":[19],"tags":[],"_links":{"self":[{"href":"http:\/\/hoycordobaweb.com\/index.php\/wp-json\/wp\/v2\/posts\/37246"}],"collection":[{"href":"http:\/\/hoycordobaweb.com\/index.php\/wp-json\/wp\/v2\/posts"}],"about":[{"href":"http:\/\/hoycordobaweb.com\/index.php\/wp-json\/wp\/v2\/types\/post"}],"author":[{"embeddable":true,"href":"http:\/\/hoycordobaweb.com\/index.php\/wp-json\/wp\/v2\/users\/1"}],"replies":[{"embeddable":true,"href":"http:\/\/hoycordobaweb.com\/index.php\/wp-json\/wp\/v2\/comments?post=37246"}],"version-history":[{"count":0,"href":"http:\/\/hoycordobaweb.com\/index.php\/wp-json\/wp\/v2\/posts\/37246\/revisions"}],"wp:featuredmedia":[{"embeddable":true,"href":"http:\/\/hoycordobaweb.com\/index.php\/wp-json\/wp\/v2\/media\/37247"}],"wp:attachment":[{"href":"http:\/\/hoycordobaweb.com\/index.php\/wp-json\/wp\/v2\/media?parent=37246"}],"wp:term":[{"taxonomy":"category","embeddable":true,"href":"http:\/\/hoycordobaweb.com\/index.php\/wp-json\/wp\/v2\/categories?post=37246"},{"taxonomy":"post_tag","embeddable":true,"href":"http:\/\/hoycordobaweb.com\/index.php\/wp-json\/wp\/v2\/tags?post=37246"}],"curies":[{"name":"wp","href":"https:\/\/api.w.org\/{rel}","templated":true}]}}