{"id":37235,"date":"2022-02-17T10:58:00","date_gmt":"2022-02-17T10:58:00","guid":{"rendered":"https:\/\/fm-comunicar.com.ar\/contenido\/18866\/juan-alarcon-ya-esta-en-su-casa-con-su-familia"},"modified":"2022-02-17T10:58:00","modified_gmt":"2022-02-17T10:58:00","slug":"juan-alarcon-ya-esta-en-su-casa-con-su-familia","status":"publish","type":"post","link":"http:\/\/hoycordobaweb.com\/index.php\/2022\/02\/17\/juan-alarcon-ya-esta-en-su-casa-con-su-familia\/","title":{"rendered":"Juan Alarc\u00f3n ya est\u00e1 en su casa con su familia"},"content":{"rendered":"<p>Le dieron el alta al joven de 19 a\u00f1os que estuvo internado grave en el Hospital de Urgencias tras sufrir un accidente de tr\u00e1nsito. Para los m\u00e9dicos, su pronta su recuperaci\u00f3n ha sido un milagro.<img src=\"http:\/\/hoycordobaweb.com\/wp-content\/uploads\/2022\/02\/juan-alarcon-ya-esta-en-su-casa-con-su-familia.jpg\"><\/p>\n","protected":false},"excerpt":{"rendered":"<p>Le dieron el alta al joven de 19 a\u00f1os que estuvo internado grave en el Hospital de Urgencias tras sufrir un accidente de tr\u00e1nsito. Para los m\u00e9dicos, su pronta su recuperaci\u00f3n ha sido un milagro.<\/p>\n","protected":false},"author":1,"featured_media":37236,"comment_status":"closed","ping_status":"closed","sticky":false,"template":"","format":"standard","meta":[],"categories":[18],"tags":[],"_links":{"self":[{"href":"http:\/\/hoycordobaweb.com\/index.php\/wp-json\/wp\/v2\/posts\/37235"}],"collection":[{"href":"http:\/\/hoycordobaweb.com\/index.php\/wp-json\/wp\/v2\/posts"}],"about":[{"href":"http:\/\/hoycordobaweb.com\/index.php\/wp-json\/wp\/v2\/types\/post"}],"author":[{"embeddable":true,"href":"http:\/\/hoycordobaweb.com\/index.php\/wp-json\/wp\/v2\/users\/1"}],"replies":[{"embeddable":true,"href":"http:\/\/hoycordobaweb.com\/index.php\/wp-json\/wp\/v2\/comments?post=37235"}],"version-history":[{"count":0,"href":"http:\/\/hoycordobaweb.com\/index.php\/wp-json\/wp\/v2\/posts\/37235\/revisions"}],"wp:featuredmedia":[{"embeddable":true,"href":"http:\/\/hoycordobaweb.com\/index.php\/wp-json\/wp\/v2\/media\/37236"}],"wp:attachment":[{"href":"http:\/\/hoycordobaweb.com\/index.php\/wp-json\/wp\/v2\/media?parent=37235"}],"wp:term":[{"taxonomy":"category","embeddable":true,"href":"http:\/\/hoycordobaweb.com\/index.php\/wp-json\/wp\/v2\/categories?post=37235"},{"taxonomy":"post_tag","embeddable":true,"href":"http:\/\/hoycordobaweb.com\/index.php\/wp-json\/wp\/v2\/tags?post=37235"}],"curies":[{"name":"wp","href":"https:\/\/api.w.org\/{rel}","templated":true}]}}