{"id":37233,"date":"2022-02-17T12:44:00","date_gmt":"2022-02-17T12:44:00","guid":{"rendered":"https:\/\/fm-comunicar.com.ar\/contenido\/18867\/haran-una-suelta-de-globos-azules-por-el-dia-internacional-del-sindrome-de-asper"},"modified":"2022-02-17T12:44:00","modified_gmt":"2022-02-17T12:44:00","slug":"haran-una-suelta-de-globos-azules-por-el-dia-internacional-del-asperger","status":"publish","type":"post","link":"http:\/\/hoycordobaweb.com\/index.php\/2022\/02\/17\/haran-una-suelta-de-globos-azules-por-el-dia-internacional-del-asperger\/","title":{"rendered":"Har\u00e1n una suelta de globos azules por el D\u00eda Internacional del Asperger"},"content":{"rendered":"<p>La actividad ser\u00e1 este viernes, a las 19, en la Explanada del Ferrocarril. Invita y organiza el grupo de madres \u00abUna Mirada Diferente\u00bb, con el fin de concientizar sobre el S\u00edndrome.<img src=\"http:\/\/hoycordobaweb.com\/wp-content\/uploads\/2022\/02\/haran-una-suelta-de-globos-azules-por-el-dia-internacional-del-asperger.jpg\"><\/p>\n","protected":false},"excerpt":{"rendered":"<p>La actividad ser\u00e1 este viernes, a las 19, en la Explanada del Ferrocarril. Invita y organiza el grupo de madres \u00abUna Mirada Diferente\u00bb, con el fin de concientizar sobre el S\u00edndrome.<\/p>\n","protected":false},"author":1,"featured_media":37234,"comment_status":"closed","ping_status":"closed","sticky":false,"template":"","format":"standard","meta":[],"categories":[18],"tags":[],"_links":{"self":[{"href":"http:\/\/hoycordobaweb.com\/index.php\/wp-json\/wp\/v2\/posts\/37233"}],"collection":[{"href":"http:\/\/hoycordobaweb.com\/index.php\/wp-json\/wp\/v2\/posts"}],"about":[{"href":"http:\/\/hoycordobaweb.com\/index.php\/wp-json\/wp\/v2\/types\/post"}],"author":[{"embeddable":true,"href":"http:\/\/hoycordobaweb.com\/index.php\/wp-json\/wp\/v2\/users\/1"}],"replies":[{"embeddable":true,"href":"http:\/\/hoycordobaweb.com\/index.php\/wp-json\/wp\/v2\/comments?post=37233"}],"version-history":[{"count":0,"href":"http:\/\/hoycordobaweb.com\/index.php\/wp-json\/wp\/v2\/posts\/37233\/revisions"}],"wp:featuredmedia":[{"embeddable":true,"href":"http:\/\/hoycordobaweb.com\/index.php\/wp-json\/wp\/v2\/media\/37234"}],"wp:attachment":[{"href":"http:\/\/hoycordobaweb.com\/index.php\/wp-json\/wp\/v2\/media?parent=37233"}],"wp:term":[{"taxonomy":"category","embeddable":true,"href":"http:\/\/hoycordobaweb.com\/index.php\/wp-json\/wp\/v2\/categories?post=37233"},{"taxonomy":"post_tag","embeddable":true,"href":"http:\/\/hoycordobaweb.com\/index.php\/wp-json\/wp\/v2\/tags?post=37233"}],"curies":[{"name":"wp","href":"https:\/\/api.w.org\/{rel}","templated":true}]}}