{"id":37228,"date":"2022-02-17T13:36:38","date_gmt":"2022-02-17T13:36:38","guid":{"rendered":"https:\/\/fono.fcm.unc.edu.ar\/?p=8412"},"modified":"2022-02-17T13:36:38","modified_gmt":"2022-02-17T13:36:38","slug":"asimilacion-al-nuevo-plan-de-estudios","status":"publish","type":"post","link":"http:\/\/hoycordobaweb.com\/index.php\/2022\/02\/17\/asimilacion-al-nuevo-plan-de-estudios\/","title":{"rendered":"Asimilaci\u00f3n al nuevo plan de estudios"},"content":{"rendered":"<p><img loading=\"lazy\" class=\"alignright wp-image-8335 size-fusion-400\" src=\"https:\/\/fono.fcm.unc.edu.ar\/wp-content\/uploads\/sites\/14\/2022\/02\/Nuevo-plan-de-Estudios--400x225.png\" alt width=\"400\" height=\"225\" srcset=\"https:\/\/fono.fcm.unc.edu.ar\/wp-content\/uploads\/sites\/14\/2022\/02\/Nuevo-plan-de-Estudios--200x113.png 200w, https:\/\/fono.fcm.unc.edu.ar\/wp-content\/uploads\/sites\/14\/2022\/02\/Nuevo-plan-de-Estudios--300x169.png 300w, https:\/\/fono.fcm.unc.edu.ar\/wp-content\/uploads\/sites\/14\/2022\/02\/Nuevo-plan-de-Estudios--400x225.png 400w, https:\/\/fono.fcm.unc.edu.ar\/wp-content\/uploads\/sites\/14\/2022\/02\/Nuevo-plan-de-Estudios--500x281.png 500w, https:\/\/fono.fcm.unc.edu.ar\/wp-content\/uploads\/sites\/14\/2022\/02\/Nuevo-plan-de-Estudios--600x338.png 600w, https:\/\/fono.fcm.unc.edu.ar\/wp-content\/uploads\/sites\/14\/2022\/02\/Nuevo-plan-de-Estudios--700x394.png 700w, https:\/\/fono.fcm.unc.edu.ar\/wp-content\/uploads\/sites\/14\/2022\/02\/Nuevo-plan-de-Estudios--768x432.png 768w, https:\/\/fono.fcm.unc.edu.ar\/wp-content\/uploads\/sites\/14\/2022\/02\/Nuevo-plan-de-Estudios--800x450.png 800w, https:\/\/fono.fcm.unc.edu.ar\/wp-content\/uploads\/sites\/14\/2022\/02\/Nuevo-plan-de-Estudios--1024x576.png 1024w, https:\/\/fono.fcm.unc.edu.ar\/wp-content\/uploads\/sites\/14\/2022\/02\/Nuevo-plan-de-Estudios--1200x675.png 1200w, https:\/\/fono.fcm.unc.edu.ar\/wp-content\/uploads\/sites\/14\/2022\/02\/Nuevo-plan-de-Estudios--1536x864.png 1536w, https:\/\/fono.fcm.unc.edu.ar\/wp-content\/uploads\/sites\/14\/2022\/02\/Nuevo-plan-de-Estudios-.png 1920w\" sizes=\"(max-width: 400px) 100vw, 400px\">Debido a la creciente demanda de consultas relacionadas a la asimilaci\u00f3n al nuevo plan de estudios se programar\u00e1 una nueva reuni\u00f3n informativa en el mes de <em>marzo <\/em>previo al proceso de reinscripci\u00f3n anual que comenzar\u00e1 a partir del 16\/03. Dando la posibilidad a que cada estudiante consulte su situaci\u00f3n en Despacho de Alumnos a <a href=\"mailto:despachofono@fcm.unc.edu.ar\">despachofono@fcm.unc.edu.ar<\/a>&nbsp; y una vez culminados los ex\u00e1menes de febrero y marzo, lo que permitir\u00e1 tener la situaci\u00f3n acad\u00e9mica actualizada de cada estudiante.<\/p>\n<p>A\u00fan hay definiciones pendientes de c\u00f3mo ser\u00e1 la progresiva&nbsp; caducidad del Plan 90. El proceso de asimilaci\u00f3n del plan nuevo y la caducidad del plan viejo van a ser presentados al Honorable Consejo Consultivo en una sesi\u00f3n extraordinaria el pr\u00f3ximo lunes 21 de febrero. Seg\u00fan el resultado de la misma se dar\u00e1 curso al proceso de difusi\u00f3n de c\u00f3mo se consolidar\u00e1n ambos procesos.<\/p>\n<p>Se difundir\u00e1 fecha y horario a trav\u00e9s de los medios oficiales de difusi\u00f3n de la Escuela.<\/p>\n","protected":false},"excerpt":{"rendered":"<p>Debido a la creciente demanda de consultas relacionadas a la asimilaci\u00f3n al nuevo plan de estudios se programar\u00e1 una nueva reuni\u00f3n informativa en el mes de marzo previo al proceso de reinscripci\u00f3n anual que comenzar\u00e1 a partir del 16\/03. Dando la posibilidad a que cada estudiante consulte su situaci\u00f3n en Despacho de Alumnos a despachofono@fcm.unc.edu.ar&nbsp; [&hellip;]<\/p>\n","protected":false},"author":1,"featured_media":0,"comment_status":"closed","ping_status":"closed","sticky":false,"template":"","format":"standard","meta":[],"categories":[1],"tags":[],"_links":{"self":[{"href":"http:\/\/hoycordobaweb.com\/index.php\/wp-json\/wp\/v2\/posts\/37228"}],"collection":[{"href":"http:\/\/hoycordobaweb.com\/index.php\/wp-json\/wp\/v2\/posts"}],"about":[{"href":"http:\/\/hoycordobaweb.com\/index.php\/wp-json\/wp\/v2\/types\/post"}],"author":[{"embeddable":true,"href":"http:\/\/hoycordobaweb.com\/index.php\/wp-json\/wp\/v2\/users\/1"}],"replies":[{"embeddable":true,"href":"http:\/\/hoycordobaweb.com\/index.php\/wp-json\/wp\/v2\/comments?post=37228"}],"version-history":[{"count":0,"href":"http:\/\/hoycordobaweb.com\/index.php\/wp-json\/wp\/v2\/posts\/37228\/revisions"}],"wp:attachment":[{"href":"http:\/\/hoycordobaweb.com\/index.php\/wp-json\/wp\/v2\/media?parent=37228"}],"wp:term":[{"taxonomy":"category","embeddable":true,"href":"http:\/\/hoycordobaweb.com\/index.php\/wp-json\/wp\/v2\/categories?post=37228"},{"taxonomy":"post_tag","embeddable":true,"href":"http:\/\/hoycordobaweb.com\/index.php\/wp-json\/wp\/v2\/tags?post=37228"}],"curies":[{"name":"wp","href":"https:\/\/api.w.org\/{rel}","templated":true}]}}