{"id":37207,"date":"2022-02-16T21:59:06","date_gmt":"2022-02-16T21:59:06","guid":{"rendered":"https:\/\/www.ole.com.ar\/futbol-internacional\/italia\/franco-carboni-hijo-kely-inter_0_OVbveCe3RD.html"},"modified":"2022-02-16T21:59:06","modified_gmt":"2022-02-16T21:59:06","slug":"quien-es-franco-carboni-la-vida-del-hijo-del-kely-que-juega-en-inter","status":"publish","type":"post","link":"http:\/\/hoycordobaweb.com\/index.php\/2022\/02\/16\/quien-es-franco-carboni-la-vida-del-hijo-del-kely-que-juega-en-inter\/","title":{"rendered":"\u00bfQui\u00e9n es Franco Carboni? La vida del hijo del Kely que juega en Inter"},"content":{"rendered":"<p><img src=\"http:\/\/hoycordobaweb.com\/wp-content\/uploads\/2022\/02\/quien-es-franco-carboni-la-vida-del-hijo-del-kely-que-juega-en-inter.jpg\"><\/p>\n<p><strong><a alt=\"franco-carboni\" class=\"slug\" href=\"https:\/\/www.ole.com.ar\/tema\/franco-carboni.html\" target=\"_blank\" title=\"franco-carboni\" rel=\"noopener noreferrer\">Franco <\/a><\/strong>naci\u00f3 el 4 de abril de 2003, en Buenos Aires. Tuvo una infancia movida, se mud\u00f3 de pa\u00eds m\u00e1s de una vez y se cri\u00f3 tanto en Argentina como en Italia, dependiendo de d\u00f3nde estaba jugando su pap\u00e1, <strong>Ezequiel Carboni<\/strong>. Desde chico estuvo metido en el mundo del f\u00fatbol. Hizo inferiores en <strong><a alt=\"lanus\" class=\"slug\" href=\"https:\/\/www.ole.com.ar\/tema\/lanus.html\" target=\"_blank\" title=\"lanus\" rel=\"noopener noreferrer\">Lan\u00fas<\/a><\/strong>, donde su viejo fue un emblema, pero termin\u00f3 de formarse en el Calcio: pas\u00f3 por la cantera del <strong><a alt=\"catania\" class=\"slug\" href=\"https:\/\/www.ole.com.ar\/tema\/catania.html\" target=\"_blank\" title=\"catania\" rel=\"noopener noreferrer\">Catania <\/a><\/strong>y lleg\u00f3 al <strong><a alt=\"inter-de-milan\" class=\"slug\" href=\"https:\/\/www.ole.com.ar\/tema\/inter-de-milan.html\" target=\"_blank\" title=\"inter-de-milan\" rel=\"noopener noreferrer\">Inter<\/a><\/strong>, donde podr\u00eda hacer su debut en primera.<\/p>\n<div class=\"sp__Normal\">\n<div class=\"image-embeb image-trigger\" readability=\"6\">\n<picture><source media=\"(min-width: 720px)\" srcset=\"http:\/\/hoycordobaweb.com\/wp-content\/uploads\/2022\/02\/quien-es-franco-carboni-la-vida-del-hijo-del-kely-que-juega-en-inter-2.jpg\"><img itemprop=\"image\" src=\"http:\/\/hoycordobaweb.com\/wp-content\/uploads\/2022\/02\/quien-es-franco-carboni-la-vida-del-hijo-del-kely-que-juega-en-inter-2.jpg\" loading=\"lazy\" alt=\"Kely y Franco Carboni. Foto: @frankitocarboni_.\">\n<\/picture><figcaption readability=\"2\">\n<p>Kely y Franco Carboni. Foto: @frankitocarboni_.\n<\/p>\n<\/figcaption><\/div>\n<\/div>\n<p>Este martes, el de 18 a\u00f1os estuvo en el banco del Inter, durante<a href=\"https:\/\/www.ole.com.ar\/futbol-internacional\/champions\/martinez-salah-mane_0_DxmUDEJSkC.html\" target=\"_blank\" rel=\"noopener noreferrer\"> el duelo ante Liverpool por la ida de los octavos de final<\/a> de la <strong><a alt=\"champions-league\" class=\"slug\" href=\"https:\/\/www.ole.com.ar\/tema\/champions-league.html\" target=\"_blank\" title=\"champions-league\" rel=\"noopener noreferrer\">Champions League<\/a><\/strong>. El pibe argentino -que jug\u00f3 en el Sub 17 de Italia- ya se codea con cracks de la \u00e9lite mundial, y podr\u00eda hacer su estreno en el escenario m\u00e1s importante de Europa. <strong>Por eso&nbsp;en Ol\u00e9 repasamos su vida y te contamos qui\u00e9n es.<\/strong><\/p>\n<div class=\"sp__Normal\">\n<div class=\"image-embeb image-trigger\" readability=\"6\">\n<picture><source media=\"(min-width: 720px)\" srcset=\"http:\/\/hoycordobaweb.com\/wp-content\/uploads\/2022\/02\/quien-es-franco-carboni-la-vida-del-hijo-del-kely-que-juega-en-inter-3.jpg\"><img itemprop=\"image\" src=\"http:\/\/hoycordobaweb.com\/wp-content\/uploads\/2022\/02\/quien-es-franco-carboni-la-vida-del-hijo-del-kely-que-juega-en-inter-3.jpg\" loading=\"lazy\" alt=\"Franco Carboni espera su debut en Inter.\">\n<\/picture><figcaption readability=\"2\">\n<p>Franco Carboni espera su debut en Inter.\n<\/p>\n<\/figcaption><\/div>\n<\/div>\n<div class=\"sp__SM\">\n<div class=\"content-new \">\n<span class=\"tit-mobile\">Mir\u00e1 tambi\u00e9n<\/span><\/p>\n<div class=\"mg\">\n<div class=\"wrap-figure\">\n<picture>\n<a href=\"https:\/\/www.ole.com.ar\/futbol-internacional\/champions\/martinez-salah-mane_0_DxmUDEJSkC.html\" target=\"_self\" rel=\"noopener noreferrer\"><br \/>\n<img class=\"img-responsive\" alt=\"Inter y Liverpool, con chances\" src=\"http:\/\/hoycordobaweb.com\/wp-content\/uploads\/2022\/02\/quien-es-franco-carboni-la-vida-del-hijo-del-kely-que-juega-en-inter-4.jpg\" loading=\"lazy\"><br \/>\n<\/a>\n<\/picture>\n<\/div>\n<\/div><\/div>\n<\/div>\n<h2><strong>LA VIDA DE FRANCO CARBONI<\/strong><\/h2>\n<p><strong>Naci\u00f3 en Argentina, pero creci\u00f3 en Europa.<\/strong> Tal <a href=\"https:\/\/www.ole.com.ar\/futbol-internacional\/italia\/franco-carboni-inter-milan-lautaro-_0_zNcEfMXW-.html\" target=\"_blank\" rel=\"noopener noreferrer\">como le explic\u00f3 Franco a Ol\u00e9 hace algunos meses<\/a>, tuvo que irse del pa\u00eds a los dos a\u00f1os de edad. En 2005, Ezequiel -su padre- fich\u00f3 por el <strong><a alt=\"salzburgo\" class=\"slug\" href=\"https:\/\/www.ole.com.ar\/tema\/salzburgo.html\" target=\"_blank\" title=\"salzburgo\" rel=\"noopener noreferrer\">Salzburgo <\/a><\/strong>tras haber vestido por siete a\u00f1os la camiseta del Granate. Jug\u00f3 por tres temporadas en el cuadro de Austria y despu\u00e9s se fue a la Serie A, para defender los colores del <strong>Catania<\/strong>. En 2011, cuando Franco ten\u00eda ocho a\u00f1os, el Kely cerr\u00f3 su etapa en el Viejo Continente y se volvi\u00f3 para el R\u00edo de la Plata (se retir\u00f3 en Banfield en 2012).<\/p>\n<div class=\"sp__Normal\">\n<div class=\"image-embeb image-trigger\" readability=\"6\">\n<picture><source media=\"(min-width: 720px)\" srcset=\"http:\/\/hoycordobaweb.com\/wp-content\/uploads\/2022\/02\/quien-es-franco-carboni-la-vida-del-hijo-del-kely-que-juega-en-inter-5.jpg\"><img itemprop=\"image\" src=\"http:\/\/hoycordobaweb.com\/wp-content\/uploads\/2022\/02\/quien-es-franco-carboni-la-vida-del-hijo-del-kely-que-juega-en-inter-5.jpg\" loading=\"lazy\" alt=\"Franco en Lan\u00fas. Foto: Agustina Sol.\">\n<\/picture><figcaption readability=\"2\">\n<p>Franco en Lan\u00fas. Foto: Agustina Sol.\n<\/p>\n<\/figcaption><\/div>\n<\/div>\n<p> De vuelta en Buenos Aires, <strong>Franco empez\u00f3 a sumergirse de lleno en el deporte<\/strong> y dio sus primeros pasos como futbolista en las inferiores del Grana. \u00abAh\u00ed <mark>empec\u00e9 a jugar en Lan\u00fas, el club del cual soy hincha<\/mark>, y me di el lujo de salir campe\u00f3n tres veces: una con mi pap\u00e1 como DT otra con Pirulo Cordero y otra con Juli\u00e1n Kmet\u00bb, record\u00f3 el pibe en di\u00e1logo con <strong>Ol\u00e9<\/strong>.<\/p>\n<div class=\"sp__Normal\">\n<div class=\"image-embeb image-trigger\" readability=\"6\">\n<picture><source media=\"(min-width: 720px)\" srcset=\"http:\/\/hoycordobaweb.com\/wp-content\/uploads\/2022\/02\/quien-es-franco-carboni-la-vida-del-hijo-del-kely-que-juega-en-inter-6.jpg\"><img itemprop=\"image\" src=\"http:\/\/hoycordobaweb.com\/wp-content\/uploads\/2022\/02\/quien-es-franco-carboni-la-vida-del-hijo-del-kely-que-juega-en-inter-6.jpg\" loading=\"lazy\" alt=\"El hijo de Kely en el Grana. Foto: @frankitocarboni_.\">\n<\/picture><figcaption readability=\"2\">\n<p>El hijo de Kely en el Grana. Foto: @frankitocarboni_.\n<\/p>\n<\/figcaption><\/div>\n<\/div>\n<div class=\"sp__SM\">\n<div class=\"content-new \">\n<span class=\"tit-mobile\">Mir\u00e1 tambi\u00e9n<\/span><\/p>\n<div class=\"mg\">\n<div class=\"wrap-figure\">\n<picture>\n<a href=\"https:\/\/www.ole.com.ar\/futbol-internacional\/champions\/leonardo-director-deportivo-psg-arbitro-cruce-entretiempo-partido-real-madrid_0_E9FRACRob3.html\" target=\"_self\" rel=\"noopener noreferrer\"><br \/>\n<img class=\"img-responsive\" alt=\"El director deportivo del PSG encar\u00f3 al \u00e1rbitro en el entretiempo\" src=\"http:\/\/hoycordobaweb.com\/wp-content\/uploads\/2022\/02\/quien-es-franco-carboni-la-vida-del-hijo-del-kely-que-juega-en-inter-7.jpg\" loading=\"lazy\"><br \/>\n<\/a>\n<\/picture>\n<\/div>\n<\/div><\/div>\n<\/div>\n<p> En 2019, ya <strong>con 16, volvi\u00f3 a Italia<\/strong> cuando el Kely fue contratado como entrenador de Reserva y coordinador de Inferiores del Catania. Franco pas\u00f3 de las inferiores de Lan\u00fas a las del conjunto siciliano, donde hizo s\u00e9ptima y lleg\u00f3 a disputar dos partidos con la reserva.<strong><\/strong> Pero ah\u00ed apareci\u00f3 el gigante de Mil\u00e1n:<strong> en 2020 el Inter compr\u00f3 su pase por 400 mil euros<\/strong> y se lo llev\u00f3 para el norte.<\/p>\n<div class=\"sp__Normal\">\n<div class=\"image-embeb image-trigger\" readability=\"6\">\n<picture><source media=\"(min-width: 720px)\" srcset=\"http:\/\/hoycordobaweb.com\/wp-content\/uploads\/2022\/02\/quien-es-franco-carboni-la-vida-del-hijo-del-kely-que-juega-en-inter-8.jpg\"><img itemprop=\"image\" src=\"http:\/\/hoycordobaweb.com\/wp-content\/uploads\/2022\/02\/quien-es-franco-carboni-la-vida-del-hijo-del-kely-que-juega-en-inter-8.jpg\" loading=\"lazy\" alt=\"Franco pas\u00f3 por Catania. Foto: @frankitocarboni_.\">\n<\/picture><figcaption readability=\"2\">\n<p>Franco pas\u00f3 por Catania. Foto: @frankitocarboni_.\n<\/p>\n<\/figcaption><\/div>\n<\/div>\n<p> Ahora ya <strong>forma parte de las pr\u00e1cticas con el plantel Mayor, e incluso estuvo m\u00e1s de una vez en el banco de la Primera,<\/strong> aunque todav\u00eda no tuvo la suerte de debutar. Sin embargo, el gran d\u00eda podr\u00eda estar por llegar, y por qu\u00e9 no ilusionarse con sumar unos minutos por Champions ante el Liverpool.<\/p>\n<div class=\"sp__Normal\">\n<div class=\"image-embeb image-trigger\" readability=\"6\">\n<picture><source media=\"(min-width: 720px)\" srcset=\"http:\/\/hoycordobaweb.com\/wp-content\/uploads\/2022\/02\/quien-es-franco-carboni-la-vida-del-hijo-del-kely-que-juega-en-inter-9.jpg\"><img itemprop=\"image\" src=\"http:\/\/hoycordobaweb.com\/wp-content\/uploads\/2022\/02\/quien-es-franco-carboni-la-vida-del-hijo-del-kely-que-juega-en-inter-9.jpg\" loading=\"lazy\" alt=\"Quiere debutar con la Nerazzurri. Foto: @frankitocarboni_.\">\n<\/picture><figcaption readability=\"2\">\n<p>Quiere debutar con la Nerazzurri. Foto: @frankitocarboni_.\n<\/p>\n<\/figcaption><\/div>\n<\/div>\n<div class=\"sp__SM\">\n<div class=\"content-new \">\n<span class=\"tit-mobile\">Mir\u00e1 tambi\u00e9n<\/span><\/p>\n<div class=\"mg\">\n<div class=\"wrap-figure\">\n<picture>\n<a href=\"https:\/\/www.ole.com.ar\/futbol-internacional\/champions\/bayern-munich-salzburgo-champions-league_0_A4Ja6Le5y4.html\" target=\"_self\" rel=\"noopener noreferrer\"><br \/>\n<img class=\"img-responsive\" alt=\"El Salzburgo sorprende al Bayern en Austria\" src=\"http:\/\/hoycordobaweb.com\/wp-content\/uploads\/2022\/02\/quien-es-franco-carboni-la-vida-del-hijo-del-kely-que-juega-en-inter-10.jpg\" loading=\"lazy\"><br \/>\n<\/a>\n<\/picture>\n<\/div>\n<\/div><\/div>\n<\/div>\n<h2> <strong>\u00bfC\u00d3MO JUEGA EL HIJO DEL KELY?<\/strong><\/h2>\n<p> A diferencia de su padre, que jug\u00f3 toda la vida de cinco, <strong>Franco suele estar pegado a la l\u00ednea<\/strong>. Arranc\u00f3 como extremo en Lan\u00fas, pero tras llegar al Calcio se adapt\u00f3 al estilo de juego, y ahora <strong>se desempe\u00f1a como carrilero<\/strong> (posici\u00f3n que siempre aparece en los equipos del Inter). \u00abEn Inter se juega mucho con un esquema de tres defensores atr\u00e1s y cinco volantes. <mark>Me probaron de carrilero y anduve bien.<\/mark> Y alg\u00fan que otro partido tambi\u00e9n lo jugu\u00e9 de lateral\u00bb, explic\u00f3 en el mano a mano con <strong>Ol\u00e9<\/strong>.<\/p>\n<div class=\"sp__Normal\">\n<div class=\"image-embeb image-trigger\" readability=\"6\">\n<picture><source media=\"(min-width: 720px)\" srcset=\"http:\/\/hoycordobaweb.com\/wp-content\/uploads\/2022\/02\/quien-es-franco-carboni-la-vida-del-hijo-del-kely-que-juega-en-inter-11.jpg\"><img itemprop=\"image\" src=\"http:\/\/hoycordobaweb.com\/wp-content\/uploads\/2022\/02\/quien-es-franco-carboni-la-vida-del-hijo-del-kely-que-juega-en-inter-11.jpg\" loading=\"lazy\" alt=\"Se reconvirti\u00f3 en carrilero.\">\n<\/picture><figcaption readability=\"2\">\n<p>Se reconvirti\u00f3 en carrilero.\n<\/p>\n<\/figcaption><\/div>\n<\/div>\n<p>Tambi\u00e9n confes\u00f3 c\u00f3mo es compartir el vestuario y los entrenamientos con monstruos como <strong><a alt=\"lautaro-martinez\" class=\"slug\" href=\"https:\/\/www.ole.com.ar\/tema\/lautaro-martinez.html\" target=\"_blank\" title=\"lautaro-martinez\" rel=\"noopener noreferrer\">Lautaro Mart\u00ednez<\/a><\/strong>, <strong><a alt=\"alexis-sanchez\" class=\"slug\" href=\"https:\/\/www.ole.com.ar\/tema\/alexis-sanchez.html\" target=\"_blank\" title=\"alexis-sanchez\" rel=\"noopener noreferrer\">Alexis S\u00e1nchez<\/a><\/strong> o <strong><a alt=\"arturo-vidal\" class=\"slug\" href=\"https:\/\/www.ole.com.ar\/tema\/arturo-vidal.html\" target=\"_blank\" title=\"arturo-vidal\" rel=\"noopener noreferrer\">Arturo Vidal<\/a><\/strong> entre tantos otros: \u00abEs muy lindo. Con los sudamericanos, por ejemplo, nos llevamos muy bien, aunque todo el plantel me recibi\u00f3 de la mejor manera. Adem\u00e1s, es un orgullo compartir el d\u00eda a d\u00eda con <strong><a alt=\"javier-zanetti\" class=\"slug\" href=\"https:\/\/www.ole.com.ar\/tema\/javier-zanetti.html\" target=\"_blank\" title=\"javier-zanetti\" rel=\"noopener noreferrer\">Javier Zanett<\/a><\/strong>i (vice del club), que siempre est\u00e1 a disposici\u00f3n para cruzar unas palabras o darme alg\u00fan consejo. <strong>Estoy viviendo un sue\u00f1o, pero no me conformo con eso\u00bb.<\/strong><\/p>\n<div class=\"sp__Normal\">\n<div class=\"image-embeb image-trigger\" readability=\"6\">\n<picture><source media=\"(min-width: 720px)\" srcset=\"http:\/\/hoycordobaweb.com\/wp-content\/uploads\/2022\/02\/quien-es-franco-carboni-la-vida-del-hijo-del-kely-que-juega-en-inter-12.jpg\"><img itemprop=\"image\" src=\"http:\/\/hoycordobaweb.com\/wp-content\/uploads\/2022\/02\/quien-es-franco-carboni-la-vida-del-hijo-del-kely-que-juega-en-inter-12.jpg\" loading=\"lazy\" alt=\"Franco ya estuvo en el banco de Primera.\">\n<\/picture><figcaption readability=\"2\">\n<p>Franco ya estuvo en el banco de Primera.\n<\/p>\n<\/figcaption><\/div>\n<\/div>\n<p> Y agreg\u00f3: <strong>\u00abTodos la rompen en las pr\u00e1cticas.<\/strong> En ese nivel son todos buenos jugadores. A Lautaro le he visto hacer goles incre\u00edbles. Alexis y Arturo tienen una calidad tremenda. Ven pases donde otros no los ven. <strong>Y a veces te qued\u00e1s pregunt\u00e1ndote: \u00bfc\u00f3mo hicieron eso?\u00bb.<\/strong><\/p>\n<div class=\"sp__SM\">\n<div class=\"content-new \">\n<span class=\"tit-mobile\">Mir\u00e1 tambi\u00e9n<\/span><\/p>\n<div class=\"mg\">\n<div class=\"wrap-figure\">\n<picture>\n<a href=\"https:\/\/www.ole.com.ar\/futbol-internacional\/espana\/simeone-atletico-madrid-champions_0_lVVTF2G8VJ.html\" target=\"_self\" rel=\"noopener noreferrer\"><br \/>\n<img class=\"img-responsive\" alt=\"Simeone: &quot;\u00bfChampions imposible? Yo digo que es posible&quot;\" src=\"http:\/\/hoycordobaweb.com\/wp-content\/uploads\/2022\/02\/quien-es-franco-carboni-la-vida-del-hijo-del-kely-que-juega-en-inter-13.jpg\" loading=\"lazy\"><br \/>\n<\/a>\n<\/picture>\n<\/div>\n<\/div><\/div>\n<\/div>\n<div class=\"sp__SM\">\n<div class=\"content-new \">\n<span class=\"tit-mobile\">Mir\u00e1 tambi\u00e9n<\/span><\/p>\n<div class=\"mg\">\n<div class=\"wrap-figure\">\n<picture>\n<a href=\"https:\/\/www.ole.com.ar\/fuera-de-juego\/chelsea-campeones-lujosa-cena_0_Iac9xCe1aY.html\" target=\"_self\" rel=\"noopener noreferrer\"><br \/>\n<img class=\"img-responsive\" alt=\"La lujosa cena de los jugadores del Chelsea tras consagrase campeones del Mundial de Clubes\" src=\"http:\/\/hoycordobaweb.com\/wp-content\/uploads\/2022\/02\/quien-es-franco-carboni-la-vida-del-hijo-del-kely-que-juega-en-inter-14.jpg\" loading=\"lazy\"><br \/>\n<\/a>\n<\/picture>\n<\/div>\n<\/div><\/div>\n<\/div>\n<div class=\"entry-tags\">\n<h2>TEMAS QUE APARECEN EN ESTA NOTA<\/h2>\n<\/p><\/div>\n","protected":false},"excerpt":{"rendered":"<p>Franco naci\u00f3 el 4 de abril de 2003, en Buenos Aires. Tuvo una infancia movida, se mud\u00f3 de pa\u00eds m\u00e1s de una vez y se cri\u00f3 tanto en Argentina como en Italia, dependiendo de d\u00f3nde estaba jugando su pap\u00e1, Ezequiel Carboni. Desde chico estuvo metido en el mundo del f\u00fatbol. Hizo inferiores en Lan\u00fas, donde [&hellip;]<\/p>\n","protected":false},"author":1,"featured_media":37208,"comment_status":"open","ping_status":"closed","sticky":false,"template":"","format":"standard","meta":[],"categories":[16],"tags":[],"_links":{"self":[{"href":"http:\/\/hoycordobaweb.com\/index.php\/wp-json\/wp\/v2\/posts\/37207"}],"collection":[{"href":"http:\/\/hoycordobaweb.com\/index.php\/wp-json\/wp\/v2\/posts"}],"about":[{"href":"http:\/\/hoycordobaweb.com\/index.php\/wp-json\/wp\/v2\/types\/post"}],"author":[{"embeddable":true,"href":"http:\/\/hoycordobaweb.com\/index.php\/wp-json\/wp\/v2\/users\/1"}],"replies":[{"embeddable":true,"href":"http:\/\/hoycordobaweb.com\/index.php\/wp-json\/wp\/v2\/comments?post=37207"}],"version-history":[{"count":0,"href":"http:\/\/hoycordobaweb.com\/index.php\/wp-json\/wp\/v2\/posts\/37207\/revisions"}],"wp:featuredmedia":[{"embeddable":true,"href":"http:\/\/hoycordobaweb.com\/index.php\/wp-json\/wp\/v2\/media\/37208"}],"wp:attachment":[{"href":"http:\/\/hoycordobaweb.com\/index.php\/wp-json\/wp\/v2\/media?parent=37207"}],"wp:term":[{"taxonomy":"category","embeddable":true,"href":"http:\/\/hoycordobaweb.com\/index.php\/wp-json\/wp\/v2\/categories?post=37207"},{"taxonomy":"post_tag","embeddable":true,"href":"http:\/\/hoycordobaweb.com\/index.php\/wp-json\/wp\/v2\/tags?post=37207"}],"curies":[{"name":"wp","href":"https:\/\/api.w.org\/{rel}","templated":true}]}}